{"id":137662,"date":"2026-04-30T21:20:15","date_gmt":"2026-04-30T19:20:15","guid":{"rendered":"https:\/\/erdmost.hu\/?p=137662"},"modified":"2026-04-30T21:20:15","modified_gmt":"2026-04-30T19:20:15","slug":"elbucsuztak-iskolajuktol-a-marianum-vegzos-diakjai","status":"publish","type":"post","link":"https:\/\/erdmost.hu\/en\/2026\/04\/30\/elbucsuztak-iskolajuktol-a-marianum-vegzos-diakjai\/","title":{"rendered":"Elb\u00facs\u00faztak iskol\u00e1jukt\u00f3l a Marianum v\u00e9gz\u0151s di\u00e1kjai"},"content":{"rendered":"<p>Huszonk\u00e9t di\u00e1k ballagott el a Marianum iskola gimn\u00e1ziumi tagozat\u00e1n \u00e1prilis 30-\u00e1n.<\/p>\n<p><img fetchpriority=\"high\" decoding=\"async\" class=\"aligncenter size-full wp-image-137771\" src=\"https:\/\/erdmost.hu\/wp-content\/uploads\/2026\/04\/DSC5806-scaled.jpg\" alt=\"\" width=\"1920\" height=\"1280\" srcset=\"https:\/\/erdmost.hu\/wp-content\/uploads\/2026\/04\/DSC5806-scaled.jpg 1920w, https:\/\/erdmost.hu\/wp-content\/uploads\/2026\/04\/DSC5806-300x200.jpg 300w, https:\/\/erdmost.hu\/wp-content\/uploads\/2026\/04\/DSC5806-768x512.jpg 768w, https:\/\/erdmost.hu\/wp-content\/uploads\/2026\/04\/DSC5806-18x12.jpg 18w, https:\/\/erdmost.hu\/wp-content\/uploads\/2026\/04\/DSC5806-840x560.jpg 840w, https:\/\/erdmost.hu\/wp-content\/uploads\/2026\/04\/DSC5806-1100x733.jpg 1100w\" sizes=\"(max-width: 1920px) 100vw, 1920px\" \/><\/p>\n<p>Az \u00fcnneps\u00e9get megel\u0151z\u0151 vas\u00e1rnap reggel k\u00f6z\u00f6s szentmis\u00e9n vettek r\u00e9szt a gimnazist\u00e1k \u2013 ez m\u00e1r hagyom\u00e1ny a katolikus egyh\u00e1zi fenntart\u00e1s\u00fa int\u00e9zm\u00e9nyben, ahol 2018-ban indult el a gimn\u00e1ziumi oktat\u00e1s.<\/p>\n<p><img decoding=\"async\" class=\"aligncenter size-full wp-image-137777\" src=\"https:\/\/erdmost.hu\/wp-content\/uploads\/2026\/04\/DSC5594-scaled.jpg\" alt=\"\" width=\"1920\" height=\"1280\" srcset=\"https:\/\/erdmost.hu\/wp-content\/uploads\/2026\/04\/DSC5594-scaled.jpg 1920w, https:\/\/erdmost.hu\/wp-content\/uploads\/2026\/04\/DSC5594-300x200.jpg 300w, https:\/\/erdmost.hu\/wp-content\/uploads\/2026\/04\/DSC5594-768x512.jpg 768w, https:\/\/erdmost.hu\/wp-content\/uploads\/2026\/04\/DSC5594-18x12.jpg 18w, https:\/\/erdmost.hu\/wp-content\/uploads\/2026\/04\/DSC5594-840x560.jpg 840w, https:\/\/erdmost.hu\/wp-content\/uploads\/2026\/04\/DSC5594-1100x733.jpg 1100w\" sizes=\"(max-width: 1920px) 100vw, 1920px\" \/><\/p>\n<p>Az is hagyom\u00e1ny, hogy a ballag\u00e1si \u00fcnneps\u00e9get az iskola tornacsarnok\u00e1ban tartj\u00e1k. Itt foglaltak helyet a di\u00e1kok, a pedag\u00f3gusok \u00e9s a sz\u00fcl\u0151k, miut\u00e1n a v\u00e9gz\u0151s oszt\u00e1ly elb\u00facs\u00fazott az ismer\u0151s tantermekt\u0151l.<\/p>\n<p><img decoding=\"async\" class=\"aligncenter size-full wp-image-137776\" src=\"https:\/\/erdmost.hu\/wp-content\/uploads\/2026\/04\/DSC5613-scaled.jpg\" alt=\"\" width=\"1920\" height=\"1280\" srcset=\"https:\/\/erdmost.hu\/wp-content\/uploads\/2026\/04\/DSC5613-scaled.jpg 1920w, https:\/\/erdmost.hu\/wp-content\/uploads\/2026\/04\/DSC5613-300x200.jpg 300w, https:\/\/erdmost.hu\/wp-content\/uploads\/2026\/04\/DSC5613-768x512.jpg 768w, https:\/\/erdmost.hu\/wp-content\/uploads\/2026\/04\/DSC5613-18x12.jpg 18w, https:\/\/erdmost.hu\/wp-content\/uploads\/2026\/04\/DSC5613-840x560.jpg 840w, https:\/\/erdmost.hu\/wp-content\/uploads\/2026\/04\/DSC5613-1100x733.jpg 1100w\" sizes=\"(max-width: 1920px) 100vw, 1920px\" \/><\/p>\n<p>Azoknak a fiataloknak, akik tizenk\u00e9t \u00e9ven \u00e1t j\u00e1rtak a Marianumba, hiszen itt v\u00e9gezt\u00e9k az \u00e1ltal\u00e1nos iskol\u00e1t is, k\u00fcl\u00f6n\u00f6sen neh\u00e9z lehetett a b\u00facs\u00fa.<\/p>\n<p><img loading=\"lazy\" decoding=\"async\" class=\"aligncenter size-full wp-image-137774\" src=\"https:\/\/erdmost.hu\/wp-content\/uploads\/2026\/04\/DSC5657-scaled.jpg\" alt=\"\" width=\"1920\" height=\"1280\" srcset=\"https:\/\/erdmost.hu\/wp-content\/uploads\/2026\/04\/DSC5657-scaled.jpg 1920w, https:\/\/erdmost.hu\/wp-content\/uploads\/2026\/04\/DSC5657-300x200.jpg 300w, https:\/\/erdmost.hu\/wp-content\/uploads\/2026\/04\/DSC5657-768x512.jpg 768w, https:\/\/erdmost.hu\/wp-content\/uploads\/2026\/04\/DSC5657-18x12.jpg 18w, https:\/\/erdmost.hu\/wp-content\/uploads\/2026\/04\/DSC5657-840x560.jpg 840w, https:\/\/erdmost.hu\/wp-content\/uploads\/2026\/04\/DSC5657-1100x733.jpg 1100w\" sizes=\"(max-width: 1920px) 100vw, 1920px\" \/><\/p>\n<p>Az \u00fcnneps\u00e9gen Tak\u00e1csn\u00e9 T\u00f3th No\u00e9mi igazgat\u00f3n\u0151 k\u00f6sz\u00f6nt\u00f6tte a ballag\u00f3kat, aki azt k\u00edv\u00e1nta, hogy a J\u00f3isten adjon a k\u00f6vetkez\u0151 \u00e9vek feladataihoz, hivat\u00e1sukhoz \u00e9s szem\u00e9lyes \u00e9letetekh\u00f6z elegend\u0151 er\u0151t, hitet, kegyelmet \u00e9s eg\u00e9szs\u00e9get.<\/p>\n<figure id=\"attachment_137770\" aria-describedby=\"caption-attachment-137770\" style=\"width: 1920px\" class=\"wp-caption aligncenter\"><img loading=\"lazy\" decoding=\"async\" class=\"wp-image-137770 size-full\" src=\"https:\/\/erdmost.hu\/wp-content\/uploads\/2026\/04\/DSC5763-scaled.jpg\" alt=\"\" width=\"1920\" height=\"1280\" srcset=\"https:\/\/erdmost.hu\/wp-content\/uploads\/2026\/04\/DSC5763-scaled.jpg 1920w, https:\/\/erdmost.hu\/wp-content\/uploads\/2026\/04\/DSC5763-300x200.jpg 300w, https:\/\/erdmost.hu\/wp-content\/uploads\/2026\/04\/DSC5763-768x512.jpg 768w, https:\/\/erdmost.hu\/wp-content\/uploads\/2026\/04\/DSC5763-18x12.jpg 18w, https:\/\/erdmost.hu\/wp-content\/uploads\/2026\/04\/DSC5763-840x560.jpg 840w, https:\/\/erdmost.hu\/wp-content\/uploads\/2026\/04\/DSC5763-1100x733.jpg 1100w\" sizes=\"(max-width: 1920px) 100vw, 1920px\" \/><figcaption id=\"caption-attachment-137770\" class=\"wp-caption-text\"><em>Tak\u00e1csn\u00e9 T\u00f3th No\u00e9mi<\/em><\/figcaption><\/figure>\n<p>Minden v\u00e9gz\u0151s kapott az iskol\u00e1t\u00f3l egy k\u00f6nyvet, lelki \u00fatraval\u00f3ul, a legeredm\u00e9nyesebb di\u00e1kok pedig oklev\u00e9lben \u00e9s k\u00f6nyvjutalomban r\u00e9szes\u00fcltek. Akik n\u00e9gy \u00e9ven \u00e1t kit\u0171n\u0151k voltak, azok arany, akik pedig jelesek, ez\u00fcst jelv\u00e9nyt kaptak.<\/p>\n<p><img loading=\"lazy\" decoding=\"async\" class=\"aligncenter size-full wp-image-137773\" src=\"https:\/\/erdmost.hu\/wp-content\/uploads\/2026\/04\/DSC5750-scaled.jpg\" alt=\"\" width=\"1920\" height=\"1280\" srcset=\"https:\/\/erdmost.hu\/wp-content\/uploads\/2026\/04\/DSC5750-scaled.jpg 1920w, https:\/\/erdmost.hu\/wp-content\/uploads\/2026\/04\/DSC5750-300x200.jpg 300w, https:\/\/erdmost.hu\/wp-content\/uploads\/2026\/04\/DSC5750-768x512.jpg 768w, https:\/\/erdmost.hu\/wp-content\/uploads\/2026\/04\/DSC5750-18x12.jpg 18w, https:\/\/erdmost.hu\/wp-content\/uploads\/2026\/04\/DSC5750-840x560.jpg 840w, https:\/\/erdmost.hu\/wp-content\/uploads\/2026\/04\/DSC5750-1100x733.jpg 1100w\" sizes=\"(max-width: 1920px) 100vw, 1920px\" \/><\/p>\n<p>D\u00edjazt\u00e1k azokat is, akik a gimn\u00e1zium k\u00f6z\u00f6ss\u00e9g\u00e9\u00e9rt k\u00fcl\u00f6n\u00f6sek sokat tettek, illetve akik 12 \u00e9ven \u00e1t p\u00e9ld\u00e1t mutattak iskolat\u00e1rsaiknak magatart\u00e1sukkal, k\u00f6z\u00f6ss\u00e9g\u00e9rt v\u00e9gzett tev\u00e9kenys\u00e9g\u00fckkel \u00e9s nem utols\u00f3 sorban hit\u00e9let\u00fckkel.<\/p>\n<p><img loading=\"lazy\" decoding=\"async\" class=\"aligncenter size-full wp-image-137772\" src=\"https:\/\/erdmost.hu\/wp-content\/uploads\/2026\/04\/DSC5809-scaled.jpg\" alt=\"\" width=\"1920\" height=\"1280\" srcset=\"https:\/\/erdmost.hu\/wp-content\/uploads\/2026\/04\/DSC5809-scaled.jpg 1920w, https:\/\/erdmost.hu\/wp-content\/uploads\/2026\/04\/DSC5809-300x200.jpg 300w, https:\/\/erdmost.hu\/wp-content\/uploads\/2026\/04\/DSC5809-768x512.jpg 768w, https:\/\/erdmost.hu\/wp-content\/uploads\/2026\/04\/DSC5809-18x12.jpg 18w, https:\/\/erdmost.hu\/wp-content\/uploads\/2026\/04\/DSC5809-840x560.jpg 840w, https:\/\/erdmost.hu\/wp-content\/uploads\/2026\/04\/DSC5809-1100x733.jpg 1100w\" sizes=\"(max-width: 1920px) 100vw, 1920px\" \/><\/p>\n<p>B\u00e1r ez a b\u00facs\u00fa napja volt, a gimn\u00e1ziumi \u00e9veket term\u00e9szetesen nem a ballag\u00e1s, hanem az \u00e9retts\u00e9gi z\u00e1rja le: p\u00e1r nap, \u00e9s visszat\u00e9rnek a tantermekbe a v\u00e9gz\u0151s di\u00e1kok, hogy sz\u00e1mot adjanak tud\u00e1sukr\u00f3l.<\/p>","protected":false},"excerpt":{"rendered":"<p>Huszonk\u00e9t fiatal v\u00e9gz\u0151st \u00fcnnepeltek cs\u00fct\u00f6rt\u00f6kon \u00c9rd n\u00e9met nemzetis\u00e9gi iskol\u00e1j\u00e1ban.<\/p>","protected":false},"author":5,"featured_media":137778,"comment_status":"closed","ping_status":"closed","sticky":false,"template":"","format":"standard","meta":{"_acf_changed":false,"_seopress_robots_primary_cat":"none","_seopress_titles_title":"","_seopress_titles_desc":"","_seopress_robots_index":"","site-sidebar-layout":"default","site-content-layout":"","ast-site-content-layout":"default","site-content-style":"default","site-sidebar-style":"default","ast-global-header-display":"","ast-banner-title-visibility":"","ast-main-header-display":"","ast-hfb-above-header-display":"","ast-hfb-below-header-display":"","ast-hfb-mobile-header-display":"","site-post-title":"","ast-breadcrumbs-content":"","ast-featured-img":"","footer-sml-layout":"","ast-disable-related-posts":"","theme-transparent-header-meta":"default","adv-header-id-meta":"","stick-header-meta":"","header-above-stick-meta":"","header-main-stick-meta":"","header-below-stick-meta":"","astra-migrate-meta-layouts":"set","ast-page-background-enabled":"default","ast-page-background-meta":{"desktop":{"background-color":"","background-image":"","background-repeat":"repeat","background-position":"center center","background-size":"auto","background-attachment":"scroll","background-type":"","background-media":"","overlay-type":"","overlay-color":"","overlay-opacity":"","overlay-gradient":""},"tablet":{"background-color":"","background-image":"","background-repeat":"repeat","background-position":"center center","background-size":"auto","background-attachment":"scroll","background-type":"","background-media":"","overlay-type":"","overlay-color":"","overlay-opacity":"","overlay-gradient":""},"mobile":{"background-color":"","background-image":"","background-repeat":"repeat","background-position":"center center","background-size":"auto","background-attachment":"scroll","background-type":"","background-media":"","overlay-type":"","overlay-color":"","overlay-opacity":"","overlay-gradient":""}},"ast-content-background-meta":{"desktop":{"background-color":"var(--ast-global-color-5)","background-image":"","background-repeat":"repeat","background-position":"center center","background-size":"auto","background-attachment":"scroll","background-type":"","background-media":"","overlay-type":"","overlay-color":"","overlay-opacity":"","overlay-gradient":""},"tablet":{"background-color":"var(--ast-global-color-5)","background-image":"","background-repeat":"repeat","background-position":"center center","background-size":"auto","background-attachment":"scroll","background-type":"","background-media":"","overlay-type":"","overlay-color":"","overlay-opacity":"","overlay-gradient":""},"mobile":{"background-color":"var(--ast-global-color-5)","background-image":"","background-repeat":"repeat","background-position":"center center","background-size":"auto","background-attachment":"scroll","background-type":"","background-media":"","overlay-type":"","overlay-color":"","overlay-opacity":"","overlay-gradient":""}},"footnotes":""},"categories":[1,463,461,462,1608,460],"cikk_cimkek":[2746,1549],"content_flags":[],"content_icons":[],"class_list":["post-137662","post","type-post","status-publish","format-standard","has-post-thumbnail","hentry","category-erdmost","category-fontos","category-jobbfent","category-kiemelt","category-mindennapok","category-top","cikk_cimkek-ballagas","cikk_cimkek-marianum-nemet-nemzetisegi-nyelvoktato-altalanos-iskola-es-gimnazium"],"acf":[],"_links":{"self":[{"href":"https:\/\/erdmost.hu\/en\/wp-json\/wp\/v2\/posts\/137662","targetHints":{"allow":["GET"]}}],"collection":[{"href":"https:\/\/erdmost.hu\/en\/wp-json\/wp\/v2\/posts"}],"about":[{"href":"https:\/\/erdmost.hu\/en\/wp-json\/wp\/v2\/types\/post"}],"author":[{"embeddable":true,"href":"https:\/\/erdmost.hu\/en\/wp-json\/wp\/v2\/users\/5"}],"replies":[{"embeddable":true,"href":"https:\/\/erdmost.hu\/en\/wp-json\/wp\/v2\/comments?post=137662"}],"version-history":[{"count":4,"href":"https:\/\/erdmost.hu\/en\/wp-json\/wp\/v2\/posts\/137662\/revisions"}],"predecessor-version":[{"id":137782,"href":"https:\/\/erdmost.hu\/en\/wp-json\/wp\/v2\/posts\/137662\/revisions\/137782"}],"wp:featuredmedia":[{"embeddable":true,"href":"https:\/\/erdmost.hu\/en\/wp-json\/wp\/v2\/media\/137778"}],"wp:attachment":[{"href":"https:\/\/erdmost.hu\/en\/wp-json\/wp\/v2\/media?parent=137662"}],"wp:term":[{"taxonomy":"category","embeddable":true,"href":"https:\/\/erdmost.hu\/en\/wp-json\/wp\/v2\/categories?post=137662"},{"taxonomy":"cikk_cimkek","embeddable":true,"href":"https:\/\/erdmost.hu\/en\/wp-json\/wp\/v2\/cikk_cimkek?post=137662"},{"taxonomy":"content_flags","embeddable":true,"href":"https:\/\/erdmost.hu\/en\/wp-json\/wp\/v2\/content_flags?post=137662"},{"taxonomy":"content_icons","embeddable":true,"href":"https:\/\/erdmost.hu\/en\/wp-json\/wp\/v2\/content_icons?post=137662"}],"curies":[{"name":"wp","href":"https:\/\/api.w.org\/{rel}","templated":true}]}}