{"id":137619,"date":"2026-04-29T07:39:22","date_gmt":"2026-04-29T05:39:22","guid":{"rendered":"https:\/\/erdmost.hu\/?p=137619"},"modified":"2026-04-29T07:45:42","modified_gmt":"2026-04-29T05:45:42","slug":"retro-hangulat-veteran-csodak-es-kavehazi-programok","status":"publish","type":"post","link":"https:\/\/erdmost.hu\/en\/2026\/04\/29\/retro-hangulat-veteran-csodak-es-kavehazi-programok\/","title":{"rendered":"Retr\u00f3 hangulat, veter\u00e1n csod\u00e1k \u00e9s k\u00e1v\u00e9h\u00e1zi programok"},"content":{"rendered":"<p>M\u00e1jus 1-j\u00e9n ism\u00e9t ben\u00e9pes\u00fcl \u00c9rd f\u0151tere: k\u00fcl\u00f6nleges j\u00e1rm\u0171vek, csal\u00e1di programok \u00e9s igazi maj\u00e1lis hangulat v\u00e1rja az \u00e9rdekl\u0151d\u0151ket az <a href=\"https:\/\/erdkultura.hu\/event\/autos-majalis-2026-erd\/\">Aut\u00f3s maj\u00e1lison<\/a>. A rendezv\u00e9ny a klasszikus maj\u00e1lisok vil\u00e1g\u00e1t id\u00e9zi meg eg\u00e9sz napos programokkal \u00e9s l\u00e1tv\u00e1nyos aut\u00f3kkal.<\/p>\n<p>A nap egyik f\u00e9nypontja a Szocialista J\u00e1rm\u0171ipar Remekeinek Seregszeml\u00e9je, ahol a m\u00falt ikonikus aut\u00f3it csod\u00e1lhatj\u00e1k meg az \u00e9rdekl\u0151d\u0151k. A j\u00e1rm\u0171vek \u00e9rkez\u00e9se m\u00e1r 8:30-t\u00f3l megkezd\u0151dik, a ki\u00e1ll\u00edt\u00e1s pedig a F\u0151t\u00e9ren \u00e9s a kijel\u00f6lt parkol\u00f3kban kap helyet.<\/p>\n<figure id=\"attachment_137626\" aria-describedby=\"caption-attachment-137626\" style=\"width: 1920px\" class=\"wp-caption aligncenter\"><img fetchpriority=\"high\" decoding=\"async\" class=\"wp-image-137626 size-full\" src=\"https:\/\/erdmost.hu\/wp-content\/uploads\/2026\/04\/majalis2-scaled.jpg\" alt=\"\" width=\"1920\" height=\"1280\" srcset=\"https:\/\/erdmost.hu\/wp-content\/uploads\/2026\/04\/majalis2-scaled.jpg 1920w, https:\/\/erdmost.hu\/wp-content\/uploads\/2026\/04\/majalis2-300x200.jpg 300w, https:\/\/erdmost.hu\/wp-content\/uploads\/2026\/04\/majalis2-768x512.jpg 768w, https:\/\/erdmost.hu\/wp-content\/uploads\/2026\/04\/majalis2-18x12.jpg 18w, https:\/\/erdmost.hu\/wp-content\/uploads\/2026\/04\/majalis2-840x560.jpg 840w, https:\/\/erdmost.hu\/wp-content\/uploads\/2026\/04\/majalis2-1100x733.jpg 1100w\" sizes=\"(max-width: 1920px) 100vw, 1920px\" \/><figcaption id=\"caption-attachment-137626\" class=\"wp-caption-text\"><em>Egy igaz\u00e1n r\u00e9gi Ford a tavalyi maj\u00e1lison<\/em><\/figcaption><\/figure>\n<p>A hivatalos programok 10:00 \u00e9s 15:00 k\u00f6z\u00f6tt zajlanak az \u00e9rdi F\u0151t\u00e9ren:<\/p>\n<p><strong>10:00<\/strong> Di\u00f3sdi F\u00fav\u00f3szenekar<br \/>\n<strong>10:40<\/strong> dr. Cs\u0151zik L\u00e1szl\u00f3, \u00c9rd Megyei Jog\u00fa V\u00e1ros polg\u00e1rmester\u00e9nek k\u00f6sz\u00f6nt\u0151je<br \/>\n<strong>11:00<\/strong> JP Dance Company t\u00e1ncbemutat\u00f3<br \/>\n<strong>12:30<\/strong> \u00c1lomv\u00e1ndorok T\u00e1rsas\u00e1ga Sz\u00ednit\u00e1rsulat<br \/>\n<strong>14:00<\/strong> Retro Band Zenekar<br \/>\n<strong>15:00<\/strong> Aut\u00f3s felvonul\u00e1s<br \/>\n<strong>15:00\u221221:00<\/strong> A BARKA k\u00e1v\u00e9 \u00e9s kuck\u00f3 terasz\u00e1n: DJ Juh\u00e1sz Laci<\/p>\n<p>Az Aut\u00f3s maj\u00e1lis idej\u00e9n a Barka K\u00e1v\u00e9z\u00f3 is k\u00fcl\u00f6n programokkal k\u00e9sz\u00fcl, \u00edgy aki egy kis pihen\u00e9sre vagy hangulatos k\u00e1v\u00e9z\u00e1sra v\u00e1gyik, ott is tal\u00e1l programot:<\/p>\n<p><strong>10:00\u201315:00<\/strong> \u2013 Nyitott terasz, maj\u00e1lis hangulat<br \/>\nEg\u00e9sz nap v\u00e1rj\u00e1k a vend\u00e9geket friss\u00edt\u0151kkel, k\u00e1v\u00e9k\u00fcl\u00f6nlegess\u00e9gekkel.<\/p>\n<p><img decoding=\"async\" class=\"aligncenter size-full wp-image-137622\" src=\"https:\/\/erdmost.hu\/wp-content\/uploads\/2026\/04\/majalis.jpg\" alt=\"\" width=\"1600\" height=\"900\" srcset=\"https:\/\/erdmost.hu\/wp-content\/uploads\/2026\/04\/majalis.jpg 1600w, https:\/\/erdmost.hu\/wp-content\/uploads\/2026\/04\/majalis-300x169.jpg 300w, https:\/\/erdmost.hu\/wp-content\/uploads\/2026\/04\/majalis-768x432.jpg 768w, https:\/\/erdmost.hu\/wp-content\/uploads\/2026\/04\/majalis-18x10.jpg 18w, https:\/\/erdmost.hu\/wp-content\/uploads\/2026\/04\/majalis-996x560.jpg 996w, https:\/\/erdmost.hu\/wp-content\/uploads\/2026\/04\/majalis-1100x619.jpg 1100w\" sizes=\"(max-width: 1600px) 100vw, 1600px\" \/><\/p>\n<p>Az Aut\u00f3s maj\u00e1lis nem kiz\u00e1r\u00f3lag a j\u00e1rm\u0171vek szerelmeseinek sz\u00f3l. A szervez\u0151k gondoskodnak r\u00f3la, hogy minden koroszt\u00e1ly tal\u00e1ljon mag\u00e1nak elfoglalts\u00e1got:<\/p>\n<ul>\n<li>gasztron\u00f3miai k\u00edn\u00e1lat<\/li>\n<li>szabadt\u00e9ri, csal\u00e1dbar\u00e1t programok<\/li>\n<li>k\u00f6z\u00f6ss\u00e9gi \u00e9lm\u00e9nyek<\/li>\n<li>klasszikus maj\u00e1lis hangulat<\/li>\n<\/ul>","protected":false},"excerpt":{"rendered":"<p>J\u00f6n az Aut\u00f3s maj\u00e1lis \u00c9rden.<\/p>","protected":false},"author":33,"featured_media":137625,"comment_status":"closed","ping_status":"closed","sticky":false,"template":"","format":"standard","meta":{"_acf_changed":false,"_seopress_robots_primary_cat":"none","_seopress_titles_title":"","_seopress_titles_desc":"","_seopress_robots_index":"","site-sidebar-layout":"default","site-content-layout":"","ast-site-content-layout":"default","site-content-style":"default","site-sidebar-style":"default","ast-global-header-display":"","ast-banner-title-visibility":"","ast-main-header-display":"","ast-hfb-above-header-display":"","ast-hfb-below-header-display":"","ast-hfb-mobile-header-display":"","site-post-title":"","ast-breadcrumbs-content":"","ast-featured-img":"","footer-sml-layout":"","ast-disable-related-posts":"","theme-transparent-header-meta":"default","adv-header-id-meta":"","stick-header-meta":"","header-above-stick-meta":"","header-main-stick-meta":"","header-below-stick-meta":"","astra-migrate-meta-layouts":"set","ast-page-background-enabled":"default","ast-page-background-meta":{"desktop":{"background-color":"","background-image":"","background-repeat":"repeat","background-position":"center center","background-size":"auto","background-attachment":"scroll","background-type":"","background-media":"","overlay-type":"","overlay-color":"","overlay-opacity":"","overlay-gradient":""},"tablet":{"background-color":"","background-image":"","background-repeat":"repeat","background-position":"center center","background-size":"auto","background-attachment":"scroll","background-type":"","background-media":"","overlay-type":"","overlay-color":"","overlay-opacity":"","overlay-gradient":""},"mobile":{"background-color":"","background-image":"","background-repeat":"repeat","background-position":"center center","background-size":"auto","background-attachment":"scroll","background-type":"","background-media":"","overlay-type":"","overlay-color":"","overlay-opacity":"","overlay-gradient":""}},"ast-content-background-meta":{"desktop":{"background-color":"var(--ast-global-color-5)","background-image":"","background-repeat":"repeat","background-position":"center center","background-size":"auto","background-attachment":"scroll","background-type":"","background-media":"","overlay-type":"","overlay-color":"","overlay-opacity":"","overlay-gradient":""},"tablet":{"background-color":"var(--ast-global-color-5)","background-image":"","background-repeat":"repeat","background-position":"center center","background-size":"auto","background-attachment":"scroll","background-type":"","background-media":"","overlay-type":"","overlay-color":"","overlay-opacity":"","overlay-gradient":""},"mobile":{"background-color":"var(--ast-global-color-5)","background-image":"","background-repeat":"repeat","background-position":"center center","background-size":"auto","background-attachment":"scroll","background-type":"","background-media":"","overlay-type":"","overlay-color":"","overlay-opacity":"","overlay-gradient":""}},"footnotes":""},"categories":[1,463,461,462,464,460],"cikk_cimkek":[6480,609,596,504],"content_flags":[],"content_icons":[],"class_list":["post-137619","post","type-post","status-publish","format-standard","has-post-thumbnail","hentry","category-erdmost","category-fontos","category-jobbfent","category-kiemelt","category-kozerdeku","category-top","cikk_cimkek-autos-majalis","cikk_cimkek-majalis","cikk_cimkek-majus-1","cikk_cimkek-retro"],"acf":[],"_links":{"self":[{"href":"https:\/\/erdmost.hu\/en\/wp-json\/wp\/v2\/posts\/137619","targetHints":{"allow":["GET"]}}],"collection":[{"href":"https:\/\/erdmost.hu\/en\/wp-json\/wp\/v2\/posts"}],"about":[{"href":"https:\/\/erdmost.hu\/en\/wp-json\/wp\/v2\/types\/post"}],"author":[{"embeddable":true,"href":"https:\/\/erdmost.hu\/en\/wp-json\/wp\/v2\/users\/33"}],"replies":[{"embeddable":true,"href":"https:\/\/erdmost.hu\/en\/wp-json\/wp\/v2\/comments?post=137619"}],"version-history":[{"count":10,"href":"https:\/\/erdmost.hu\/en\/wp-json\/wp\/v2\/posts\/137619\/revisions"}],"predecessor-version":[{"id":137632,"href":"https:\/\/erdmost.hu\/en\/wp-json\/wp\/v2\/posts\/137619\/revisions\/137632"}],"wp:featuredmedia":[{"embeddable":true,"href":"https:\/\/erdmost.hu\/en\/wp-json\/wp\/v2\/media\/137625"}],"wp:attachment":[{"href":"https:\/\/erdmost.hu\/en\/wp-json\/wp\/v2\/media?parent=137619"}],"wp:term":[{"taxonomy":"category","embeddable":true,"href":"https:\/\/erdmost.hu\/en\/wp-json\/wp\/v2\/categories?post=137619"},{"taxonomy":"cikk_cimkek","embeddable":true,"href":"https:\/\/erdmost.hu\/en\/wp-json\/wp\/v2\/cikk_cimkek?post=137619"},{"taxonomy":"content_flags","embeddable":true,"href":"https:\/\/erdmost.hu\/en\/wp-json\/wp\/v2\/content_flags?post=137619"},{"taxonomy":"content_icons","embeddable":true,"href":"https:\/\/erdmost.hu\/en\/wp-json\/wp\/v2\/content_icons?post=137619"}],"curies":[{"name":"wp","href":"https:\/\/api.w.org\/{rel}","templated":true}]}}