{"id":137603,"date":"2026-04-29T11:32:55","date_gmt":"2026-04-29T09:32:55","guid":{"rendered":"https:\/\/erdmost.hu\/?p=137603"},"modified":"2026-04-29T11:32:55","modified_gmt":"2026-04-29T09:32:55","slug":"megvedtek-erd-ikonikus-muemleket","status":"publish","type":"post","link":"https:\/\/erdmost.hu\/en\/2026\/04\/29\/megvedtek-erd-ikonikus-muemleket\/","title":{"rendered":"Megv\u00e9dt\u00e9k \u00c9rd ikonikus m\u0171eml\u00e9k\u00e9t"},"content":{"rendered":"<p>Tudj\u00e1k-e kedves olvas\u00f3ink, hogy hol van F\u00fcl\u00f6pv\u00e1ros? Tal\u00e1n nem sokan hallott\u00e1k ezt a nevet, Batthy\u00e1ny F\u00fcl\u00f6p\u00e9t azonban m\u00e1r t\u00f6bben ismerik. Szobra is \u00e1ll a f\u0151t\u00e9ren, annak eml\u00e9kezet\u00e9re, hogy 1828 \u00e9s 1848 k\u00f6z\u00f6tt \u00c9rd f\u00f6ldbirtokosa volt.<\/p>\n<figure id=\"attachment_121481\" aria-describedby=\"caption-attachment-121481\" style=\"width: 1920px\" class=\"wp-caption aligncenter\"><img fetchpriority=\"high\" decoding=\"async\" class=\"wp-image-121481 size-full\" src=\"https:\/\/erdmost.hu\/wp-content\/uploads\/2025\/04\/NB_00003-6-scaled.jpg\" alt=\"\" width=\"1920\" height=\"1280\" srcset=\"https:\/\/erdmost.hu\/wp-content\/uploads\/2025\/04\/NB_00003-6-scaled.jpg 1920w, https:\/\/erdmost.hu\/wp-content\/uploads\/2025\/04\/NB_00003-6-300x200.jpg 300w, https:\/\/erdmost.hu\/wp-content\/uploads\/2025\/04\/NB_00003-6-768x512.jpg 768w, https:\/\/erdmost.hu\/wp-content\/uploads\/2025\/04\/NB_00003-6-18x12.jpg 18w, https:\/\/erdmost.hu\/wp-content\/uploads\/2025\/04\/NB_00003-6-840x560.jpg 840w, https:\/\/erdmost.hu\/wp-content\/uploads\/2025\/04\/NB_00003-6-1100x733.jpg 1100w\" sizes=\"(max-width: 1920px) 100vw, 1920px\" \/><figcaption id=\"caption-attachment-121481\" class=\"wp-caption-text\"><em>Batthy\u00e1ny F\u00fcl\u00f6p mellszobra (arch\u00edv fot\u00f3)<\/em><\/figcaption><\/figure>\n<p>Erre az id\u0151szakra esett a nagy dunai \u00e1rv\u00edz is, ami 1838-ban elpuszt\u00edtotta a telep\u00fcl\u00e9st. Ekkor alap\u00edtotta a herceg \u00dajv\u00e1rost, a foly\u00f3t\u00f3l kiss\u00e9 t\u00e1volabb es\u0151 ter\u00fcleten: kiv\u00e1gatott h\u00e1rom egyenes utc\u00e1t a birtok\u00e1b\u00f3l \u2013 a mai Als\u00f3, Fels\u0151 \u00e9s Ilona utc\u00e1t \u2013, \u00e9s 250-300 n\u00e9gysz\u00f6g\u00f6les telkekre osztotta, \u00e9p\u00edt\u0151anyagot is adott az \u00e1rv\u00edzk\u00e1rosultaknak, hogy \u00faj otthont \u00e9p\u00edthessenek maguknak.<\/p>\n<p><img decoding=\"async\" class=\"aligncenter size-full wp-image-137554\" src=\"https:\/\/erdmost.hu\/wp-content\/uploads\/2026\/04\/NB_00001-9-scaled.jpg\" alt=\"\" width=\"1920\" height=\"1280\" srcset=\"https:\/\/erdmost.hu\/wp-content\/uploads\/2026\/04\/NB_00001-9-scaled.jpg 1920w, https:\/\/erdmost.hu\/wp-content\/uploads\/2026\/04\/NB_00001-9-300x200.jpg 300w, https:\/\/erdmost.hu\/wp-content\/uploads\/2026\/04\/NB_00001-9-768x512.jpg 768w, https:\/\/erdmost.hu\/wp-content\/uploads\/2026\/04\/NB_00001-9-18x12.jpg 18w, https:\/\/erdmost.hu\/wp-content\/uploads\/2026\/04\/NB_00001-9-840x560.jpg 840w, https:\/\/erdmost.hu\/wp-content\/uploads\/2026\/04\/NB_00001-9-1100x733.jpg 1100w\" sizes=\"(max-width: 1920px) 100vw, 1920px\" \/><\/p>\n<p>Ez a ter\u00fclet lett F\u00fcl\u00f6pv\u00e1ros, alap\u00edt\u00e1s\u00e1nak eml\u00e9kezet\u00e9t pedig k\u0151kereszt \u0151rzi a Fels\u0151 \u00e9s a Kinga utca sark\u00e1n. Az alap\u00edt\u00f3 keresztnek nevezett eml\u00e9km\u0171 m\u00f6g\u00f6tt f\u00e1b\u00f3l harangl\u00e1bat \u00e1csoltak (ami sajnos a 2. vil\u00e1gh\u00e1bor\u00faban megsemmis\u00fclt), \u00e9s \u00e1llt m\u00e9g ott egy szert\u00e1r is az \u00f6nk\u00e9ntes t\u0171zolt\u00f3knak.<\/p>\n<p><img decoding=\"async\" class=\"aligncenter size-full wp-image-137559\" src=\"https:\/\/erdmost.hu\/wp-content\/uploads\/2026\/04\/NB_00006-9-scaled.jpg\" alt=\"\" width=\"1920\" height=\"1280\" srcset=\"https:\/\/erdmost.hu\/wp-content\/uploads\/2026\/04\/NB_00006-9-scaled.jpg 1920w, https:\/\/erdmost.hu\/wp-content\/uploads\/2026\/04\/NB_00006-9-300x200.jpg 300w, https:\/\/erdmost.hu\/wp-content\/uploads\/2026\/04\/NB_00006-9-768x512.jpg 768w, https:\/\/erdmost.hu\/wp-content\/uploads\/2026\/04\/NB_00006-9-18x12.jpg 18w, https:\/\/erdmost.hu\/wp-content\/uploads\/2026\/04\/NB_00006-9-840x560.jpg 840w, https:\/\/erdmost.hu\/wp-content\/uploads\/2026\/04\/NB_00006-9-1100x733.jpg 1100w\" sizes=\"(max-width: 1920px) 100vw, 1920px\" \/><\/p>\n<p>A lakosok annak idej\u00e9n h\u00e1laad\u00f3 \u00fcnneps\u00e9get rendeztek a herceg tisztelet\u00e9re, minden m\u00e1jus elsej\u00e9n, F\u00fcl\u00f6p neve napj\u00e1n. Ezt a sz\u00e9p szok\u00e1st fel\u00e9lesztette a Szent Mih\u00e1ly Alap\u00edtv\u00e1ny, m\u00e9g \u00c1bel Andr\u00e1s helyt\u00f6rt\u00e9n\u00e9sz idej\u00e9ben, de a kovid idej\u00e9n elmaradtak a F\u00fcl\u00f6p tisztelet\u00e9re tartott \u00fcnneps\u00e9gek. Az ut\u00f3bbi \u00e9vekben az \u00c9rdi N\u00e9met Kult\u00far Egyes\u00fclet szervez F\u00fcl\u00f6p napj\u00e1n egy kis megeml\u00e9kez\u0151 s\u00e9t\u00e1t a f\u0151t\u00e9ri Batthy\u00e1ny-szobor \u00e9s az eml\u00e9kkereszt k\u00f6z\u00f6tt. Ezen a s\u00e9t\u00e1n az eml\u00e9kez\u00e9s\u00e9, illetve a helyt\u00f6rt\u00e9neti \u00e9rdekess\u00e9gek\u00e9 a f\u0151szerep: a csatlakoz\u00f3kat helyt\u00f6rt\u00e9n\u00e9sz, lok\u00e1lpatri\u00f3ta avatja be \u00c9rd t\u00f6rt\u00e9nelm\u00e9be.<\/p>\n<p><img loading=\"lazy\" decoding=\"async\" class=\"aligncenter size-full wp-image-121488\" src=\"https:\/\/erdmost.hu\/wp-content\/uploads\/2025\/04\/NB_00010-3-scaled.jpg\" alt=\"\" width=\"1920\" height=\"1280\" srcset=\"https:\/\/erdmost.hu\/wp-content\/uploads\/2025\/04\/NB_00010-3-scaled.jpg 1920w, https:\/\/erdmost.hu\/wp-content\/uploads\/2025\/04\/NB_00010-3-300x200.jpg 300w, https:\/\/erdmost.hu\/wp-content\/uploads\/2025\/04\/NB_00010-3-768x512.jpg 768w, https:\/\/erdmost.hu\/wp-content\/uploads\/2025\/04\/NB_00010-3-18x12.jpg 18w, https:\/\/erdmost.hu\/wp-content\/uploads\/2025\/04\/NB_00010-3-840x560.jpg 840w, https:\/\/erdmost.hu\/wp-content\/uploads\/2025\/04\/NB_00010-3-1100x733.jpg 1100w\" sizes=\"(max-width: 1920px) 100vw, 1920px\" \/><\/p>\n<p>Id\u00e9n S\u00fcle Zsolt kalauzolja a r\u00e9sztvev\u0151ket. A program m\u00e1jus elsej\u00e9n 18 \u00f3rakor indul a f\u0151t\u00e9rr\u0151l, Batthy\u00e1ny F\u00fcl\u00f6p szobr\u00e1t\u00f3l, \u00e9s a keresztn\u00e9l fejez\u0151dik be 19 \u00f3ra k\u00f6r\u00fcl. A s\u00e9t\u00e1l\u00f3khoz b\u00e1rki csatlakozhat \u2013 tudtuk meg Kotrocz\u00f3n\u00e9 Klopfer Ter\u00e9zt\u0151l, a kult\u00faregyes\u00fclet vezet\u0151j\u00e9t\u0151l.<\/p>\n<p>A kereszt k\u00f6rny\u00e9k\u00e9t az egyes\u00fclet parkos\u00edtotta, tagjaik adom\u00e1nyozt\u00e1k a n\u00f6v\u00e9nyeket is. A kis parkot rendben tartj\u00e1k, \u00e9s id\u00e9n sor ker\u00fclt a kereszt megtiszt\u00edt\u00e1s\u00e1ra is.<\/p>\n<p><img loading=\"lazy\" decoding=\"async\" class=\"aligncenter size-full wp-image-137563\" src=\"https:\/\/erdmost.hu\/wp-content\/uploads\/2026\/04\/elotte_utana-scaled.jpg\" alt=\"\" width=\"1920\" height=\"1280\" srcset=\"https:\/\/erdmost.hu\/wp-content\/uploads\/2026\/04\/elotte_utana-scaled.jpg 1920w, https:\/\/erdmost.hu\/wp-content\/uploads\/2026\/04\/elotte_utana-300x200.jpg 300w, https:\/\/erdmost.hu\/wp-content\/uploads\/2026\/04\/elotte_utana-768x512.jpg 768w, https:\/\/erdmost.hu\/wp-content\/uploads\/2026\/04\/elotte_utana-18x12.jpg 18w, https:\/\/erdmost.hu\/wp-content\/uploads\/2026\/04\/elotte_utana-840x560.jpg 840w, https:\/\/erdmost.hu\/wp-content\/uploads\/2026\/04\/elotte_utana-1100x733.jpg 1100w\" sizes=\"(max-width: 1920px) 100vw, 1920px\" \/><\/p>\n<p>\u201eA m\u0171eml\u00e9k keresztet speci\u00e1lis m\u00f3don, nagynyom\u00e1s\u00fa v\u00edzzsug\u00e1rral lemost\u00e1k, majd k\u0151balzsammal t\u00f6bbsz\u00f6r \u00e1tkent\u00e9k. Ez impregn\u00e1lja a s\u00f3sk\u00fati m\u00e9szk\u00f6vet, ami \u00edgy nem sz\u00edvja be a vizet, \u00e9s az es\u0151ben l\u00e9v\u0151 k\u00e1ros anyagok sem tudj\u00e1k k\u00e1ros\u00edtani a fel\u00fclet\u00e9t\u201d \u2013 mondta az egyes\u00fclet eln\u00f6ke.<\/p>\n<p><img loading=\"lazy\" decoding=\"async\" class=\"aligncenter size-full wp-image-137558\" src=\"https:\/\/erdmost.hu\/wp-content\/uploads\/2026\/04\/NB_00005-10-scaled.jpg\" alt=\"\" width=\"1920\" height=\"1280\" srcset=\"https:\/\/erdmost.hu\/wp-content\/uploads\/2026\/04\/NB_00005-10-scaled.jpg 1920w, https:\/\/erdmost.hu\/wp-content\/uploads\/2026\/04\/NB_00005-10-300x200.jpg 300w, https:\/\/erdmost.hu\/wp-content\/uploads\/2026\/04\/NB_00005-10-768x512.jpg 768w, https:\/\/erdmost.hu\/wp-content\/uploads\/2026\/04\/NB_00005-10-18x12.jpg 18w, https:\/\/erdmost.hu\/wp-content\/uploads\/2026\/04\/NB_00005-10-840x560.jpg 840w, https:\/\/erdmost.hu\/wp-content\/uploads\/2026\/04\/NB_00005-10-1100x733.jpg 1100w\" sizes=\"(max-width: 1920px) 100vw, 1920px\" \/><\/p>\n<p>Az egyes\u00fclet f\u00e9lmilli\u00f3 forintot nyert el a Minisztereln\u00f6ks\u00e9g \u00e1ltal ki\u00edrt, az \u00fatmenti keresztek fel\u00faj\u00edt\u00e1s\u00e1t c\u00e9lz\u00f3 p\u00e1ly\u00e1zaton, ebb\u0151l fedezt\u00e9k az \u00e1llagmeg\u00f3v\u00e1st.<\/p>","protected":false},"excerpt":{"rendered":"<p>Helyt\u00f6rt\u00e9neti s\u00e9t\u00e1t szerveznek az alap\u00edt\u00f3 kereszthez, \u00f6r\u00f6mmel l\u00e1tj\u00e1k a csatlakoz\u00f3kat m\u00e1jus 1-j\u00e9n.<\/p>","protected":false},"author":5,"featured_media":137560,"comment_status":"closed","ping_status":"closed","sticky":false,"template":"","format":"standard","meta":{"_acf_changed":false,"_seopress_robots_primary_cat":"none","_seopress_titles_title":"","_seopress_titles_desc":"","_seopress_robots_index":"","site-sidebar-layout":"default","site-content-layout":"","ast-site-content-layout":"default","site-content-style":"default","site-sidebar-style":"default","ast-global-header-display":"","ast-banner-title-visibility":"","ast-main-header-display":"","ast-hfb-above-header-display":"","ast-hfb-below-header-display":"","ast-hfb-mobile-header-display":"","site-post-title":"","ast-breadcrumbs-content":"","ast-featured-img":"","footer-sml-layout":"","ast-disable-related-posts":"","theme-transparent-header-meta":"default","adv-header-id-meta":"","stick-header-meta":"","header-above-stick-meta":"","header-main-stick-meta":"","header-below-stick-meta":"","astra-migrate-meta-layouts":"set","ast-page-background-enabled":"default","ast-page-background-meta":{"desktop":{"background-color":"","background-image":"","background-repeat":"repeat","background-position":"center center","background-size":"auto","background-attachment":"scroll","background-type":"","background-media":"","overlay-type":"","overlay-color":"","overlay-opacity":"","overlay-gradient":""},"tablet":{"background-color":"","background-image":"","background-repeat":"repeat","background-position":"center center","background-size":"auto","background-attachment":"scroll","background-type":"","background-media":"","overlay-type":"","overlay-color":"","overlay-opacity":"","overlay-gradient":""},"mobile":{"background-color":"","background-image":"","background-repeat":"repeat","background-position":"center center","background-size":"auto","background-attachment":"scroll","background-type":"","background-media":"","overlay-type":"","overlay-color":"","overlay-opacity":"","overlay-gradient":""}},"ast-content-background-meta":{"desktop":{"background-color":"var(--ast-global-color-5)","background-image":"","background-repeat":"repeat","background-position":"center center","background-size":"auto","background-attachment":"scroll","background-type":"","background-media":"","overlay-type":"","overlay-color":"","overlay-opacity":"","overlay-gradient":""},"tablet":{"background-color":"var(--ast-global-color-5)","background-image":"","background-repeat":"repeat","background-position":"center center","background-size":"auto","background-attachment":"scroll","background-type":"","background-media":"","overlay-type":"","overlay-color":"","overlay-opacity":"","overlay-gradient":""},"mobile":{"background-color":"var(--ast-global-color-5)","background-image":"","background-repeat":"repeat","background-position":"center center","background-size":"auto","background-attachment":"scroll","background-type":"","background-media":"","overlay-type":"","overlay-color":"","overlay-opacity":"","overlay-gradient":""}},"footnotes":""},"categories":[1,463,461,462,1410,1608,460],"cikk_cimkek":[2744,1908,6479,6478,1905],"content_flags":[],"content_icons":[],"class_list":["post-137603","post","type-post","status-publish","format-standard","has-post-thumbnail","hentry","category-erdmost","category-fontos","category-jobbfent","category-kiemelt","category-kultura","category-mindennapok","category-top","cikk_cimkek-batthyany-fulop","cikk_cimkek-erdi-nemet-kultur-egyesulet","cikk_cimkek-fulop-napi-seta","cikk_cimkek-kokereszt","cikk_cimkek-kotroczone-klopfer-terez"],"acf":[],"_links":{"self":[{"href":"https:\/\/erdmost.hu\/en\/wp-json\/wp\/v2\/posts\/137603","targetHints":{"allow":["GET"]}}],"collection":[{"href":"https:\/\/erdmost.hu\/en\/wp-json\/wp\/v2\/posts"}],"about":[{"href":"https:\/\/erdmost.hu\/en\/wp-json\/wp\/v2\/types\/post"}],"author":[{"embeddable":true,"href":"https:\/\/erdmost.hu\/en\/wp-json\/wp\/v2\/users\/5"}],"replies":[{"embeddable":true,"href":"https:\/\/erdmost.hu\/en\/wp-json\/wp\/v2\/comments?post=137603"}],"version-history":[{"count":4,"href":"https:\/\/erdmost.hu\/en\/wp-json\/wp\/v2\/posts\/137603\/revisions"}],"predecessor-version":[{"id":137635,"href":"https:\/\/erdmost.hu\/en\/wp-json\/wp\/v2\/posts\/137603\/revisions\/137635"}],"wp:featuredmedia":[{"embeddable":true,"href":"https:\/\/erdmost.hu\/en\/wp-json\/wp\/v2\/media\/137560"}],"wp:attachment":[{"href":"https:\/\/erdmost.hu\/en\/wp-json\/wp\/v2\/media?parent=137603"}],"wp:term":[{"taxonomy":"category","embeddable":true,"href":"https:\/\/erdmost.hu\/en\/wp-json\/wp\/v2\/categories?post=137603"},{"taxonomy":"cikk_cimkek","embeddable":true,"href":"https:\/\/erdmost.hu\/en\/wp-json\/wp\/v2\/cikk_cimkek?post=137603"},{"taxonomy":"content_flags","embeddable":true,"href":"https:\/\/erdmost.hu\/en\/wp-json\/wp\/v2\/content_flags?post=137603"},{"taxonomy":"content_icons","embeddable":true,"href":"https:\/\/erdmost.hu\/en\/wp-json\/wp\/v2\/content_icons?post=137603"}],"curies":[{"name":"wp","href":"https:\/\/api.w.org\/{rel}","templated":true}]}}