{"id":137582,"date":"2026-04-29T14:03:27","date_gmt":"2026-04-29T12:03:27","guid":{"rendered":"https:\/\/erdmost.hu\/?p=137582"},"modified":"2026-04-29T14:03:27","modified_gmt":"2026-04-29T12:03:27","slug":"diakok-ujitjak-fel-a-mentoallomast","status":"publish","type":"post","link":"https:\/\/erdmost.hu\/en\/2026\/04\/29\/diakok-ujitjak-fel-a-mentoallomast\/","title":{"rendered":"Di\u00e1kok \u00faj\u00edtj\u00e1k fel a ment\u0151\u00e1llom\u00e1st"},"content":{"rendered":"<p>Az \u00e9rdi ment\u0151\u00e1llom\u00e1son t\u00f6bb fejleszt\u00e9s is megval\u00f3sulhatott az elm\u00falt id\u0151ben, t\u00e1mogat\u00f3k seg\u00edts\u00e9g\u00e9vel. \u201eA ment\u0151\u00e1llom\u00e1s maga is k\u00f6z\u00f6ss\u00e9gi \u00f6sszefog\u00e1ssal \u00e9p\u00fclt, \u00e9s ez a sz\u00e9p hagyom\u00e1ny\u00a0 az\u00f3ta is \u00e9l: szakipari c\u00e9gek \u00e9s dolgoz\u00f3k t\u00e1mogatj\u00e1k \u00f6nzetlen\u00fcl a fel\u00faj\u00edt\u00e1sokat, ami\u00e9rt nagyon h\u00e1l\u00e1s az alap\u00edtv\u00e1nyunk\u201d \u2013 mondta az \u00c9rdMostnak Neh\u00e9z S\u00e1ndor, az \u00c9rd \u00e9s T\u00e9rs\u00e9ge Ment\u0151szolg\u00e1lat\u00e1\u00e9rt Alap\u00edtv\u00e1ny eln\u00f6ke.<\/p>\n<figure id=\"attachment_137579\" aria-describedby=\"caption-attachment-137579\" style=\"width: 1920px\" class=\"wp-caption aligncenter\"><img fetchpriority=\"high\" decoding=\"async\" class=\"wp-image-137579 size-full\" src=\"https:\/\/erdmost.hu\/wp-content\/uploads\/2026\/04\/NB_00021-3-scaled.jpg\" alt=\"\" width=\"1920\" height=\"1280\" srcset=\"https:\/\/erdmost.hu\/wp-content\/uploads\/2026\/04\/NB_00021-3-scaled.jpg 1920w, https:\/\/erdmost.hu\/wp-content\/uploads\/2026\/04\/NB_00021-3-300x200.jpg 300w, https:\/\/erdmost.hu\/wp-content\/uploads\/2026\/04\/NB_00021-3-768x512.jpg 768w, https:\/\/erdmost.hu\/wp-content\/uploads\/2026\/04\/NB_00021-3-18x12.jpg 18w, https:\/\/erdmost.hu\/wp-content\/uploads\/2026\/04\/NB_00021-3-840x560.jpg 840w, https:\/\/erdmost.hu\/wp-content\/uploads\/2026\/04\/NB_00021-3-1100x733.jpg 1100w\" sizes=\"(max-width: 1920px) 100vw, 1920px\" \/><figcaption id=\"caption-attachment-137579\" class=\"wp-caption-text\"><em>Neh\u00e9z S\u00e1ndor<\/em><\/figcaption><\/figure>\n<p>A legnagyobb projekt a k\u00f6zelm\u00faltban a mosd\u00f3k, vizesblokkok fel\u00faj\u00edt\u00e1sa volt. Jelenleg is folyik a munka a ment\u0151\u00e1llom\u00e1son: az \u00f6lt\u00f6z\u0151ket festik ki, a Wagner csoport, a METON \u00c9p\u00edt\u0151anyag Gy\u00e1rt\u00f3 Kft. \u00e9s a K\u00f3s iskola t\u00e1mogat\u00e1s\u00e1val.<\/p>\n<p><img decoding=\"async\" class=\"aligncenter size-full wp-image-137573\" src=\"https:\/\/erdmost.hu\/wp-content\/uploads\/2026\/04\/NB_00012-7-scaled.jpg\" alt=\"\" width=\"1920\" height=\"1280\" srcset=\"https:\/\/erdmost.hu\/wp-content\/uploads\/2026\/04\/NB_00012-7-scaled.jpg 1920w, https:\/\/erdmost.hu\/wp-content\/uploads\/2026\/04\/NB_00012-7-300x200.jpg 300w, https:\/\/erdmost.hu\/wp-content\/uploads\/2026\/04\/NB_00012-7-768x512.jpg 768w, https:\/\/erdmost.hu\/wp-content\/uploads\/2026\/04\/NB_00012-7-18x12.jpg 18w, https:\/\/erdmost.hu\/wp-content\/uploads\/2026\/04\/NB_00012-7-840x560.jpg 840w, https:\/\/erdmost.hu\/wp-content\/uploads\/2026\/04\/NB_00012-7-1100x733.jpg 1100w\" sizes=\"(max-width: 1920px) 100vw, 1920px\" \/><\/p>\n<p>Az \u00e9rdi szakk\u00e9pz\u0151 int\u00e9zm\u00e9ny di\u00e1kjai nem el\u0151sz\u00f6r vesznek r\u00e9szt a ment\u0151\u00e1llom\u00e1s fel\u00faj\u00edt\u00e1s\u00e1ban. Kiss D\u00e1vid \u00e9rdi szobafest\u0151 mester, a munk\u00e1latok vezet\u0151je az \u00c9rdMostnak elmondta: \u0151 maga az alap\u00edtv\u00e1ny megalakul\u00e1sa \u00f3ta m\u0171k\u00f6dik egy\u00fctt a megt\u0151szolg\u00e1lattal \u2013 m\u00e9g a ker\u00edt\u00e9s fest\u00e9s\u00e9vel kezdte, majd az \u00e9p\u00fclet tisztas\u00e1gi fest\u00e9s\u00e9vel folytatta.<\/p>\n<figure id=\"attachment_137577\" aria-describedby=\"caption-attachment-137577\" style=\"width: 1920px\" class=\"wp-caption aligncenter\"><img decoding=\"async\" class=\"wp-image-137577 size-full\" src=\"https:\/\/erdmost.hu\/wp-content\/uploads\/2026\/04\/NB_00018-3-scaled.jpg\" alt=\"\" width=\"1920\" height=\"1280\" srcset=\"https:\/\/erdmost.hu\/wp-content\/uploads\/2026\/04\/NB_00018-3-scaled.jpg 1920w, https:\/\/erdmost.hu\/wp-content\/uploads\/2026\/04\/NB_00018-3-300x200.jpg 300w, https:\/\/erdmost.hu\/wp-content\/uploads\/2026\/04\/NB_00018-3-768x512.jpg 768w, https:\/\/erdmost.hu\/wp-content\/uploads\/2026\/04\/NB_00018-3-18x12.jpg 18w, https:\/\/erdmost.hu\/wp-content\/uploads\/2026\/04\/NB_00018-3-840x560.jpg 840w, https:\/\/erdmost.hu\/wp-content\/uploads\/2026\/04\/NB_00018-3-1100x733.jpg 1100w\" sizes=\"(max-width: 1920px) 100vw, 1920px\" \/><figcaption id=\"caption-attachment-137577\" class=\"wp-caption-text\"><em>Kiss D\u00e1vid<\/em><\/figcaption><\/figure>\n<p>Az ut\u00f3bbi h\u00e1rom \u00e9vben a K\u00f3s iskola di\u00e1kjai is csatlakoztak, Kiss Ferenc szakoktat\u00f3 ir\u00e1ny\u00edt\u00e1s\u00e1val. \u00a0\u201eA tanul\u00f3k harmadszor vannak itt: kor\u00e1bban a folyos\u00f3, a pihen\u0151szoba \u00e9s az \u00e9tkez\u0151 kifest\u00e9s\u00e9n dolgoztak, most pedig eljutottunk az utols\u00f3 helyis\u00e9gbe, az \u00f6lt\u00f6z\u0151be. Ha ezzel v\u00e9gz\u00fcnk, a teljes \u00e9p\u00fclet bels\u0151 fest\u00e9se elk\u00e9sz\u00fcl\u201d \u2013 hangs\u00falyozta a mester.<\/p>\n<p><img loading=\"lazy\" decoding=\"async\" class=\"aligncenter size-full wp-image-137570\" src=\"https:\/\/erdmost.hu\/wp-content\/uploads\/2026\/04\/NB_00007-10-scaled.jpg\" alt=\"\" width=\"1920\" height=\"1280\" srcset=\"https:\/\/erdmost.hu\/wp-content\/uploads\/2026\/04\/NB_00007-10-scaled.jpg 1920w, https:\/\/erdmost.hu\/wp-content\/uploads\/2026\/04\/NB_00007-10-300x200.jpg 300w, https:\/\/erdmost.hu\/wp-content\/uploads\/2026\/04\/NB_00007-10-768x512.jpg 768w, https:\/\/erdmost.hu\/wp-content\/uploads\/2026\/04\/NB_00007-10-18x12.jpg 18w, https:\/\/erdmost.hu\/wp-content\/uploads\/2026\/04\/NB_00007-10-840x560.jpg 840w, https:\/\/erdmost.hu\/wp-content\/uploads\/2026\/04\/NB_00007-10-1100x733.jpg 1100w\" sizes=\"(max-width: 1920px) 100vw, 1920px\" \/><\/p>\n<p>A mostani fest\u00e9si munk\u00e1latok komoly el\u0151k\u00e9sz\u00fcleteket ig\u00e9nyeltek egy be\u00e1z\u00e1s miatt. Ezeket a jav\u00edt\u00e1sokat Kiss D\u00e1vid elv\u00e9gezte, a fiatalok pedig szakoktat\u00f3juk vezet\u00e9s\u00e9vel a\u00a0 befejez\u0151 m\u0171veleteket v\u00e9gzik.<\/p>\n<figure id=\"attachment_137580\" aria-describedby=\"caption-attachment-137580\" style=\"width: 1920px\" class=\"wp-caption aligncenter\"><img loading=\"lazy\" decoding=\"async\" class=\"wp-image-137580 size-full\" src=\"https:\/\/erdmost.hu\/wp-content\/uploads\/2026\/04\/NB_00022-3-scaled.jpg\" alt=\"\" width=\"1920\" height=\"1280\" srcset=\"https:\/\/erdmost.hu\/wp-content\/uploads\/2026\/04\/NB_00022-3-scaled.jpg 1920w, https:\/\/erdmost.hu\/wp-content\/uploads\/2026\/04\/NB_00022-3-300x200.jpg 300w, https:\/\/erdmost.hu\/wp-content\/uploads\/2026\/04\/NB_00022-3-768x512.jpg 768w, https:\/\/erdmost.hu\/wp-content\/uploads\/2026\/04\/NB_00022-3-18x12.jpg 18w, https:\/\/erdmost.hu\/wp-content\/uploads\/2026\/04\/NB_00022-3-840x560.jpg 840w, https:\/\/erdmost.hu\/wp-content\/uploads\/2026\/04\/NB_00022-3-1100x733.jpg 1100w\" sizes=\"(max-width: 1920px) 100vw, 1920px\" \/><figcaption id=\"caption-attachment-137580\" class=\"wp-caption-text\"><em>M\u00e9ry \u00c1kos<\/em><\/figcaption><\/figure>\n<p>M\u00e9ry \u00c1kos, a METON fest\u00e9kgy\u00e1rt\u00f3 ter\u00fcleti k\u00e9pvisel\u0151je az \u00c9rdMostnak elmondta: amellett, hogy sz\u00edvesen t\u00e1mogatnak a mostanihoz hasonl\u00f3 \u00fcgyeket, szeretn\u00e9k az \u00faj gener\u00e1ci\u00f3nak \u00e1tadni a tapasztalataikat, tud\u00e1sukat, megtan\u00edtani \u0151ket a c\u00e9g term\u00e9keinek helyes haszn\u00e1lat\u00e1ra. \u201eEz az egy\u00fcttm\u0171k\u00f6d\u00e9s mindenkinek j\u00f3: a fiatalok tanulnak, megismerik a term\u00e9keinket, \u00e9s egyben seg\u00edt\u00fcnk is abban, hogy ez a ment\u0151\u00e1llom\u00e1s \u00e9vr\u0151l \u00e9vre meg\u00fajuljon \u00e9s egyre szebb legyen\u201d \u2013 hangs\u00falyozta a szakember.<\/p>\n<p><img loading=\"lazy\" decoding=\"async\" class=\"aligncenter size-full wp-image-137574\" src=\"https:\/\/erdmost.hu\/wp-content\/uploads\/2026\/04\/NB_00014-6-scaled.jpg\" alt=\"\" width=\"1920\" height=\"1280\" srcset=\"https:\/\/erdmost.hu\/wp-content\/uploads\/2026\/04\/NB_00014-6-scaled.jpg 1920w, https:\/\/erdmost.hu\/wp-content\/uploads\/2026\/04\/NB_00014-6-300x200.jpg 300w, https:\/\/erdmost.hu\/wp-content\/uploads\/2026\/04\/NB_00014-6-768x512.jpg 768w, https:\/\/erdmost.hu\/wp-content\/uploads\/2026\/04\/NB_00014-6-18x12.jpg 18w, https:\/\/erdmost.hu\/wp-content\/uploads\/2026\/04\/NB_00014-6-840x560.jpg 840w, https:\/\/erdmost.hu\/wp-content\/uploads\/2026\/04\/NB_00014-6-1100x733.jpg 1100w\" sizes=\"(max-width: 1920px) 100vw, 1920px\" \/><\/p>\n<p>Ha a bels\u0151 fest\u00e9s el is k\u00e9sz\u00fcl, van m\u00e9g k\u00fcls\u0151 munka is, amihez az alap\u00edtv\u00e1ny szeretne t\u00e1mogat\u00f3kat szerezni. \u00c9s tervezik a folyos\u00f3, illetve az \u00f6lt\u00f6z\u0151k burkolat\u00e1nak moderniz\u00e1l\u00e1s\u00e1t is, de erre m\u00e9g nem tal\u00e1ltak szponzort \u2013 igaz, nagy fel\u00fcletr\u0151l van sz\u00f3. \u00dagyhogy lehet, ezt a fejleszt\u00e9st csak p\u00e9nzadom\u00e1nyok seg\u00edts\u00e9g\u00e9vel tudj\u00e1k majd megval\u00f3s\u00edtani.<\/p>\n<p><img loading=\"lazy\" decoding=\"async\" class=\"aligncenter size-full wp-image-137571\" src=\"https:\/\/erdmost.hu\/wp-content\/uploads\/2026\/04\/NB_00008-10-scaled.jpg\" alt=\"\" width=\"1920\" height=\"1280\" srcset=\"https:\/\/erdmost.hu\/wp-content\/uploads\/2026\/04\/NB_00008-10-scaled.jpg 1920w, https:\/\/erdmost.hu\/wp-content\/uploads\/2026\/04\/NB_00008-10-300x200.jpg 300w, https:\/\/erdmost.hu\/wp-content\/uploads\/2026\/04\/NB_00008-10-768x512.jpg 768w, https:\/\/erdmost.hu\/wp-content\/uploads\/2026\/04\/NB_00008-10-18x12.jpg 18w, https:\/\/erdmost.hu\/wp-content\/uploads\/2026\/04\/NB_00008-10-840x560.jpg 840w, https:\/\/erdmost.hu\/wp-content\/uploads\/2026\/04\/NB_00008-10-1100x733.jpg 1100w\" sizes=\"(max-width: 1920px) 100vw, 1920px\" \/><\/p>\n<p>A K\u00f3s iskola di\u00e1kjai egy\u00e9bk\u00e9nt t\u00f6bb fel\u00faj\u00edt\u00e1sban is seg\u00e9dkeztek m\u00e1r a v\u00e1rosban, t\u00f6bbek k\u00f6zt a k\u00f6nyvmeg\u00e1ll\u00f3 kialak\u00edt\u00e1s\u00e1ban is. Err\u0151l sz\u00f3l\u00f3 cikk\u00fcnket<a href=\"https:\/\/erdmost.hu\/en\/2025\/07\/10\/ebbol-a-megallobol-nem-a-busz-hanem-a-kepzelet-visz-tovabb\/\" target=\"_blank\" rel=\"noopener\"> itt olvashatj\u00e1k<\/a>.<\/p>","protected":false},"excerpt":{"rendered":"<p>Hamarosan befejez\u0151dik az \u00e9rdi ment\u0151\u00e1llom\u00e1s bels\u0151 fest\u00e9se, sz\u00e9les k\u00f6r\u0171 t\u00e1mogat\u00e1ssal, a K\u00f3s di\u00e1kjainak k\u00f6zrem\u0171k\u00f6d\u00e9s\u00e9vel.<\/p>","protected":false},"author":5,"featured_media":137578,"comment_status":"closed","ping_status":"closed","sticky":false,"template":"","format":"standard","meta":{"_acf_changed":false,"_seopress_robots_primary_cat":"none","_seopress_titles_title":"","_seopress_titles_desc":"","_seopress_robots_index":"","site-sidebar-layout":"default","site-content-layout":"","ast-site-content-layout":"default","site-content-style":"default","site-sidebar-style":"default","ast-global-header-display":"","ast-banner-title-visibility":"","ast-main-header-display":"","ast-hfb-above-header-display":"","ast-hfb-below-header-display":"","ast-hfb-mobile-header-display":"","site-post-title":"","ast-breadcrumbs-content":"","ast-featured-img":"","footer-sml-layout":"","ast-disable-related-posts":"","theme-transparent-header-meta":"default","adv-header-id-meta":"","stick-header-meta":"","header-above-stick-meta":"","header-main-stick-meta":"","header-below-stick-meta":"","astra-migrate-meta-layouts":"set","ast-page-background-enabled":"default","ast-page-background-meta":{"desktop":{"background-color":"","background-image":"","background-repeat":"repeat","background-position":"center center","background-size":"auto","background-attachment":"scroll","background-type":"","background-media":"","overlay-type":"","overlay-color":"","overlay-opacity":"","overlay-gradient":""},"tablet":{"background-color":"","background-image":"","background-repeat":"repeat","background-position":"center center","background-size":"auto","background-attachment":"scroll","background-type":"","background-media":"","overlay-type":"","overlay-color":"","overlay-opacity":"","overlay-gradient":""},"mobile":{"background-color":"","background-image":"","background-repeat":"repeat","background-position":"center center","background-size":"auto","background-attachment":"scroll","background-type":"","background-media":"","overlay-type":"","overlay-color":"","overlay-opacity":"","overlay-gradient":""}},"ast-content-background-meta":{"desktop":{"background-color":"var(--ast-global-color-5)","background-image":"","background-repeat":"repeat","background-position":"center center","background-size":"auto","background-attachment":"scroll","background-type":"","background-media":"","overlay-type":"","overlay-color":"","overlay-opacity":"","overlay-gradient":""},"tablet":{"background-color":"var(--ast-global-color-5)","background-image":"","background-repeat":"repeat","background-position":"center center","background-size":"auto","background-attachment":"scroll","background-type":"","background-media":"","overlay-type":"","overlay-color":"","overlay-opacity":"","overlay-gradient":""},"mobile":{"background-color":"var(--ast-global-color-5)","background-image":"","background-repeat":"repeat","background-position":"center center","background-size":"auto","background-attachment":"scroll","background-type":"","background-media":"","overlay-type":"","overlay-color":"","overlay-opacity":"","overlay-gradient":""}},"footnotes":""},"categories":[1,463,461,462,1608,460],"cikk_cimkek":[6473,6475,2151,6476,6474],"content_flags":[],"content_icons":[],"class_list":["post-137582","post","type-post","status-publish","format-standard","has-post-thumbnail","hentry","category-erdmost","category-fontos","category-jobbfent","category-kiemelt","category-mindennapok","category-top","cikk_cimkek-erd-es-tersege-mentoszolgalataert-alapitvany","cikk_cimkek-kiss-david","cikk_cimkek-mentoallomas","cikk_cimkek-mery-akos","cikk_cimkek-nehez-sandor"],"acf":[],"_links":{"self":[{"href":"https:\/\/erdmost.hu\/en\/wp-json\/wp\/v2\/posts\/137582","targetHints":{"allow":["GET"]}}],"collection":[{"href":"https:\/\/erdmost.hu\/en\/wp-json\/wp\/v2\/posts"}],"about":[{"href":"https:\/\/erdmost.hu\/en\/wp-json\/wp\/v2\/types\/post"}],"author":[{"embeddable":true,"href":"https:\/\/erdmost.hu\/en\/wp-json\/wp\/v2\/users\/5"}],"replies":[{"embeddable":true,"href":"https:\/\/erdmost.hu\/en\/wp-json\/wp\/v2\/comments?post=137582"}],"version-history":[{"count":1,"href":"https:\/\/erdmost.hu\/en\/wp-json\/wp\/v2\/posts\/137582\/revisions"}],"predecessor-version":[{"id":137583,"href":"https:\/\/erdmost.hu\/en\/wp-json\/wp\/v2\/posts\/137582\/revisions\/137583"}],"wp:featuredmedia":[{"embeddable":true,"href":"https:\/\/erdmost.hu\/en\/wp-json\/wp\/v2\/media\/137578"}],"wp:attachment":[{"href":"https:\/\/erdmost.hu\/en\/wp-json\/wp\/v2\/media?parent=137582"}],"wp:term":[{"taxonomy":"category","embeddable":true,"href":"https:\/\/erdmost.hu\/en\/wp-json\/wp\/v2\/categories?post=137582"},{"taxonomy":"cikk_cimkek","embeddable":true,"href":"https:\/\/erdmost.hu\/en\/wp-json\/wp\/v2\/cikk_cimkek?post=137582"},{"taxonomy":"content_flags","embeddable":true,"href":"https:\/\/erdmost.hu\/en\/wp-json\/wp\/v2\/content_flags?post=137582"},{"taxonomy":"content_icons","embeddable":true,"href":"https:\/\/erdmost.hu\/en\/wp-json\/wp\/v2\/content_icons?post=137582"}],"curies":[{"name":"wp","href":"https:\/\/api.w.org\/{rel}","templated":true}]}}