{"id":137493,"date":"2026-04-30T10:31:38","date_gmt":"2026-04-30T08:31:38","guid":{"rendered":"https:\/\/erdmost.hu\/?p=137493"},"modified":"2026-04-30T10:38:03","modified_gmt":"2026-04-30T08:38:03","slug":"ifju-tehetsegek-mutatkoztak-be-erden","status":"publish","type":"post","link":"https:\/\/erdmost.hu\/en\/2026\/04\/30\/ifju-tehetsegek-mutatkoztak-be-erden\/","title":{"rendered":"Ifj\u00fa tehets\u00e9gek mutatkoztak be \u00c9rden"},"content":{"rendered":"<p>15-30 \u00e9v k\u00f6z\u00f6tti m\u0171v\u00e9szek alkot\u00e1saib\u00f3l ny\u00edlt ki\u00e1ll\u00edt\u00e1s a <a href=\"https:\/\/erdkultura.hu\/erdparkvaros\/\" target=\"_blank\" rel=\"noopener\">Parkv\u00e1rosi K\u00f6z\u00f6ss\u00e9gi H\u00e1zban<\/a>. A t\u00e1rlatot m\u00e1sod\u00edzben rendezik meg, azzal a c\u00e9llal, hogy felfedezz\u00e9k azokat a fiatal \u00e9rdi \u00e9s k\u00f6rny\u00e9kbeli m\u0171v\u00e9szeket, akik m\u0171v\u00e9szi \u00e9rt\u00e9k\u0171 grafik\u00e1kat \u00e9s festm\u00e9nyeket k\u00e9sz\u00edtenek.<\/p>\n<p><img fetchpriority=\"high\" decoding=\"async\" class=\"aligncenter size-full wp-image-137513\" src=\"https:\/\/erdmost.hu\/wp-content\/uploads\/2026\/04\/NB_00069-1-scaled.jpg\" alt=\"\" width=\"1920\" height=\"1280\" srcset=\"https:\/\/erdmost.hu\/wp-content\/uploads\/2026\/04\/NB_00069-1-scaled.jpg 1920w, https:\/\/erdmost.hu\/wp-content\/uploads\/2026\/04\/NB_00069-1-300x200.jpg 300w, https:\/\/erdmost.hu\/wp-content\/uploads\/2026\/04\/NB_00069-1-768x512.jpg 768w, https:\/\/erdmost.hu\/wp-content\/uploads\/2026\/04\/NB_00069-1-18x12.jpg 18w, https:\/\/erdmost.hu\/wp-content\/uploads\/2026\/04\/NB_00069-1-840x560.jpg 840w, https:\/\/erdmost.hu\/wp-content\/uploads\/2026\/04\/NB_00069-1-1100x733.jpg 1100w\" sizes=\"(max-width: 1920px) 100vw, 1920px\" \/><\/p>\n<p>Ahogy <a href=\"https:\/\/erdmost.hu\/en\/2026\/02\/19\/igy-latja-a-vilagot-a-nyero-paros\/\" target=\"_blank\" rel=\"noopener\">tavaly<\/a>, \u00fagy id\u00e9n p\u00e1ly\u00e1zat keret\u00e9ben v\u00e1rta a 15-30 \u00e9ves alkot\u00f3k m\u0171veit a Parkv\u00e1rosi K\u00f6z\u00f6ss\u00e9gi H\u00e1z. A be\u00e9rkezett munk\u00e1k\u00a0 alapj\u00e1n k\u00e9t\u00a0 fiatal alkot\u00f3t v\u00e1lasztott ki a zs\u0171ri, akik j\u00f6v\u0151re \u00f6n\u00e1ll\u00f3 ki\u00e1ll\u00edt\u00e1st rendezhetnek a Parkv\u00e1rosi K\u00f6z\u00f6ss\u00e9gi H\u00e1zban.<\/p>\n<p>A k\u00e9t szerencs\u00e9s nev\u00e9t a ki\u00e1ll\u00edt\u00e1s megnyit\u00f3j\u00e1n, \u00e1prilis 25-\u00e9n hirdett\u00e9k ki.<\/p>\n<p><img decoding=\"async\" class=\"aligncenter size-full wp-image-137507\" src=\"https:\/\/erdmost.hu\/wp-content\/uploads\/2026\/04\/NB_00040-4-scaled.jpg\" alt=\"\" width=\"1920\" height=\"1280\" srcset=\"https:\/\/erdmost.hu\/wp-content\/uploads\/2026\/04\/NB_00040-4-scaled.jpg 1920w, https:\/\/erdmost.hu\/wp-content\/uploads\/2026\/04\/NB_00040-4-300x200.jpg 300w, https:\/\/erdmost.hu\/wp-content\/uploads\/2026\/04\/NB_00040-4-768x512.jpg 768w, https:\/\/erdmost.hu\/wp-content\/uploads\/2026\/04\/NB_00040-4-18x12.jpg 18w, https:\/\/erdmost.hu\/wp-content\/uploads\/2026\/04\/NB_00040-4-840x560.jpg 840w, https:\/\/erdmost.hu\/wp-content\/uploads\/2026\/04\/NB_00040-4-1100x733.jpg 1100w\" sizes=\"(max-width: 1920px) 100vw, 1920px\" \/><\/p>\n<blockquote><p>A p\u00e1ly\u00e1zat k\u00e9t f\u0151d\u00edjasa Bal\u00e1zs Hanna \u00e9s Lakatos Bende lett, a k\u00fcl\u00f6nd\u00edjat (mert id\u00e9n azt is osztott a zs\u0171ri) P\u00f6d\u00f6r Klaudia nyerte, \u0151t aj\u00e1nd\u00e9kkal lept\u00e9k meg. A t\u00f6bbi indul\u00f3 munk\u00e1j\u00e1t oklev\u00e9llel ismert\u00e9k el.<\/p><\/blockquote>\n<p>Tov\u00e1bbi indul\u00f3k: Boz\u00f3ky Henriett, E\u00f6tv\u00f6s Lilien, Fels\u0151 \u00c9va, Jenei Zs\u00f3fia, K\u00e1sa Vikt\u00f3ria, Mil\u00e1k Mona, Mongyi Patr\u00edcia, Pasztern\u00e1k Ern\u0151, Petrich Anna, Tam\u00e1s Bettina.<\/p>\n<figure id=\"attachment_137517\" aria-describedby=\"caption-attachment-137517\" style=\"width: 1920px\" class=\"wp-caption aligncenter\"><img decoding=\"async\" class=\"wp-image-137517 size-full\" src=\"https:\/\/erdmost.hu\/wp-content\/uploads\/2026\/04\/NB_00083-scaled.jpg\" alt=\"\" width=\"1920\" height=\"1280\" srcset=\"https:\/\/erdmost.hu\/wp-content\/uploads\/2026\/04\/NB_00083-scaled.jpg 1920w, https:\/\/erdmost.hu\/wp-content\/uploads\/2026\/04\/NB_00083-300x200.jpg 300w, https:\/\/erdmost.hu\/wp-content\/uploads\/2026\/04\/NB_00083-768x512.jpg 768w, https:\/\/erdmost.hu\/wp-content\/uploads\/2026\/04\/NB_00083-18x12.jpg 18w, https:\/\/erdmost.hu\/wp-content\/uploads\/2026\/04\/NB_00083-840x560.jpg 840w, https:\/\/erdmost.hu\/wp-content\/uploads\/2026\/04\/NB_00083-1100x733.jpg 1100w\" sizes=\"(max-width: 1920px) 100vw, 1920px\" \/><figcaption id=\"caption-attachment-137517\" class=\"wp-caption-text\"><em>Bal\u00e1zs Hanna<\/em><\/figcaption><\/figure>\n<p>A k\u00e9t helyezett \u00e9s a k\u00fcl\u00f6nd\u00edjas tavaly is indult a p\u00e1ly\u00e1zaton, akkor nem \u00e9rtek el helyez\u00e9st. Hanna harminc \u00e9ves, a sz\u00e9ps\u00e9giparban dolgozik, ahol nagy haszn\u00e1t veszi k\u00e9z\u00fcgyess\u00e9g\u00e9nek, m\u0171v\u00e9szi \u00e9rz\u00e9k\u00e9nek. Otthon, a saj\u00e1t \u00f6r\u00f6m\u00e9re alkot.<\/p>\n<p>Lakatos Dominik tizenhat \u00e9ves, Buda\u00f6rs\u00f6n j\u00e1r gimn\u00e1ziumba, k\u00fcl\u00f6n k\u00e9pz\u00e9sen nem vesz r\u00e9szt.<\/p>\n<figure id=\"attachment_137516\" aria-describedby=\"caption-attachment-137516\" style=\"width: 1920px\" class=\"wp-caption aligncenter\"><img loading=\"lazy\" decoding=\"async\" class=\"wp-image-137516 size-full\" src=\"https:\/\/erdmost.hu\/wp-content\/uploads\/2026\/04\/NB_00082-scaled.jpg\" alt=\"\" width=\"1920\" height=\"1280\" srcset=\"https:\/\/erdmost.hu\/wp-content\/uploads\/2026\/04\/NB_00082-scaled.jpg 1920w, https:\/\/erdmost.hu\/wp-content\/uploads\/2026\/04\/NB_00082-300x200.jpg 300w, https:\/\/erdmost.hu\/wp-content\/uploads\/2026\/04\/NB_00082-768x512.jpg 768w, https:\/\/erdmost.hu\/wp-content\/uploads\/2026\/04\/NB_00082-18x12.jpg 18w, https:\/\/erdmost.hu\/wp-content\/uploads\/2026\/04\/NB_00082-840x560.jpg 840w, https:\/\/erdmost.hu\/wp-content\/uploads\/2026\/04\/NB_00082-1100x733.jpg 1100w\" sizes=\"(max-width: 1920px) 100vw, 1920px\" \/><figcaption id=\"caption-attachment-137516\" class=\"wp-caption-text\"><em>Lakatos Bende<\/em><\/figcaption><\/figure>\n<p>A be\u00e9rkezett alkot\u00e1sokat h\u00e1romtag\u00fa zs\u0171ri b\u00edr\u00e1lta el: Markolt-Perger Em\u00edlia, fest\u0151m\u0171v\u00e9sz, m\u0171v\u00e9sztan\u00e1r, Dud\u00e1s Kriszta k\u00e9pz\u0151m\u0171v\u00e9sz, tan\u00e1r, m\u0171v\u00e9szetterapeuta \u00e9s Szab\u00f3 Szikla Szil\u00e1rd grafikus.<\/p>\n<p>Markolt-Perger Em\u00edlia a megnyit\u00f3n arra biztatta a fiatalokat, hogy ak\u00e1r kaptak d\u00edjat, ak\u00e1r nem, legyen benn\u00fck elsz\u00e1nts\u00e1g \u00e9s b\u00e1tors\u00e1g, \u00e9s mutass\u00e1k meg magukat, alkot\u00e1saikat a bar\u00e1taiknak, a k\u00f6z\u00f6ss\u00e9gnek.<\/p>\n<figure id=\"attachment_137506\" aria-describedby=\"caption-attachment-137506\" style=\"width: 1920px\" class=\"wp-caption aligncenter\"><img loading=\"lazy\" decoding=\"async\" class=\"wp-image-137506 size-full\" src=\"https:\/\/erdmost.hu\/wp-content\/uploads\/2026\/04\/NB_00036-4-scaled.jpg\" alt=\"\" width=\"1920\" height=\"1280\" srcset=\"https:\/\/erdmost.hu\/wp-content\/uploads\/2026\/04\/NB_00036-4-scaled.jpg 1920w, https:\/\/erdmost.hu\/wp-content\/uploads\/2026\/04\/NB_00036-4-300x200.jpg 300w, https:\/\/erdmost.hu\/wp-content\/uploads\/2026\/04\/NB_00036-4-768x512.jpg 768w, https:\/\/erdmost.hu\/wp-content\/uploads\/2026\/04\/NB_00036-4-18x12.jpg 18w, https:\/\/erdmost.hu\/wp-content\/uploads\/2026\/04\/NB_00036-4-840x560.jpg 840w, https:\/\/erdmost.hu\/wp-content\/uploads\/2026\/04\/NB_00036-4-1100x733.jpg 1100w\" sizes=\"(max-width: 1920px) 100vw, 1920px\" \/><figcaption id=\"caption-attachment-137506\" class=\"wp-caption-text\"><em>Markolt-Perger Em\u00edlia (balr\u00f3l)<\/em><\/figcaption><\/figure>\n<p>\u201eH\u00e1l\u00e1sak vagyunk, hogy elk\u00e9sz\u00edtett\u00e9tek\u00a0 a munk\u00e1itokat. A szakmais\u00e1gon t\u00fal azt n\u00e9zt\u00fck a zs\u0171riz\u00e9sn\u00e9l, hogy ki-ki\u00a0 mennyit tett bele a szem\u00e9lyis\u00e9g\u00e9b\u0151l, saj\u00e1t mag\u00e1b\u00f3l. Fontos krit\u00e9rium ugyanis, hogy az alkot\u00e1s valamilyen szem\u00e9lyes \u00e9rz\u00e9st, saj\u00e1tos kifejez\u00e9si m\u00f3dot t\u00fckr\u00f6zz\u00f6n\u201d \u2013 hangs\u00falyozta a fest\u0151m\u0171v\u00e9sz.<\/p>\n<p>Arra biztatta a fiatalokat, hogy haszn\u00e1lj\u00e1k ki ezt a j\u00f3 kezdem\u00e9nyez\u00e9st, \u00e9s ne csak Budapesten vagy Szentendr\u00e9n mutatkozzanak be, hanem \u00c9rden is.<\/p>\n<p><img loading=\"lazy\" decoding=\"async\" class=\"aligncenter size-full wp-image-137497\" src=\"https:\/\/erdmost.hu\/wp-content\/uploads\/2026\/04\/NB_00008-9-scaled.jpg\" alt=\"\" width=\"1920\" height=\"1280\" srcset=\"https:\/\/erdmost.hu\/wp-content\/uploads\/2026\/04\/NB_00008-9-scaled.jpg 1920w, https:\/\/erdmost.hu\/wp-content\/uploads\/2026\/04\/NB_00008-9-300x200.jpg 300w, https:\/\/erdmost.hu\/wp-content\/uploads\/2026\/04\/NB_00008-9-768x512.jpg 768w, https:\/\/erdmost.hu\/wp-content\/uploads\/2026\/04\/NB_00008-9-18x12.jpg 18w, https:\/\/erdmost.hu\/wp-content\/uploads\/2026\/04\/NB_00008-9-840x560.jpg 840w, https:\/\/erdmost.hu\/wp-content\/uploads\/2026\/04\/NB_00008-9-1100x733.jpg 1100w\" sizes=\"(max-width: 1920px) 100vw, 1920px\" \/><\/p>\n<p>Szendreyn\u00e9 Tak\u00e1cs Gabriella k\u00f6zm\u0171vel\u0151d\u00e9si szakember, a verseny szervez\u0151je pedig azt k\u00e9rte az indul\u00f3kt\u00f3l, hogyha id\u00e9n nem is nyertek, ne adj\u00e1k fel, pr\u00f3b\u00e1lkozzanak j\u00f6v\u0151re \u00fajra \u2013 ahogy azt a mostani k\u00e9t nyertes is tette.<\/p>\n<p>Mint az \u00c9rdMostnak elmondta, a Poly-Art mint\u00e1j\u00e1ra szeretn\u00e9nek bemutatkoz\u00e1si lehet\u0151s\u00e9get biztos\u00edtani az amat\u0151r m\u0171v\u00e9szeknek, csak ez a p\u00e1ly\u00e1zat kifejezetten a fiatal alkot\u00f3kat c\u00e9lozza meg.<\/p>\n<figure id=\"attachment_137495\" aria-describedby=\"caption-attachment-137495\" style=\"width: 1920px\" class=\"wp-caption aligncenter\"><img loading=\"lazy\" decoding=\"async\" class=\"wp-image-137495 size-full\" src=\"https:\/\/erdmost.hu\/wp-content\/uploads\/2026\/04\/NB_00002-9-scaled.jpg\" alt=\"\" width=\"1920\" height=\"1280\" srcset=\"https:\/\/erdmost.hu\/wp-content\/uploads\/2026\/04\/NB_00002-9-scaled.jpg 1920w, https:\/\/erdmost.hu\/wp-content\/uploads\/2026\/04\/NB_00002-9-300x200.jpg 300w, https:\/\/erdmost.hu\/wp-content\/uploads\/2026\/04\/NB_00002-9-768x512.jpg 768w, https:\/\/erdmost.hu\/wp-content\/uploads\/2026\/04\/NB_00002-9-18x12.jpg 18w, https:\/\/erdmost.hu\/wp-content\/uploads\/2026\/04\/NB_00002-9-840x560.jpg 840w, https:\/\/erdmost.hu\/wp-content\/uploads\/2026\/04\/NB_00002-9-1100x733.jpg 1100w\" sizes=\"(max-width: 1920px) 100vw, 1920px\" \/><figcaption id=\"caption-attachment-137495\" class=\"wp-caption-text\"><em>Szendreyn\u00e9 Tak\u00e1cs Gabriella<\/em><\/figcaption><\/figure>\n<p>Az ifj\u00fa alkot\u00f3k k\u00e9peib\u0151l rendezett ki\u00e1ll\u00edt\u00e1s 2026. m\u00e1jus 20-ig tekinthet\u0151 meg a Parkv\u00e1rosi K\u00f6z\u00f6ss\u00e9gi H\u00e1z nyitvatart\u00e1si ideje alatt.<\/p>","protected":false},"excerpt":{"rendered":"<p>Fiatal alkot\u00f3k k\u00e9peib\u0151l ny\u00edlt ki\u00e1ll\u00edt\u00e1s a Parkv\u00e1rosi K\u00f6z\u00f6ss\u00e9gi H\u00e1zban. <\/p>","protected":false},"author":5,"featured_media":137510,"comment_status":"closed","ping_status":"closed","sticky":false,"template":"","format":"standard","meta":{"_acf_changed":false,"_seopress_robots_primary_cat":"none","_seopress_titles_title":"","_seopress_titles_desc":"","_seopress_robots_index":"","site-sidebar-layout":"default","site-content-layout":"","ast-site-content-layout":"default","site-content-style":"default","site-sidebar-style":"default","ast-global-header-display":"","ast-banner-title-visibility":"","ast-main-header-display":"","ast-hfb-above-header-display":"","ast-hfb-below-header-display":"","ast-hfb-mobile-header-display":"","site-post-title":"","ast-breadcrumbs-content":"","ast-featured-img":"","footer-sml-layout":"","ast-disable-related-posts":"","theme-transparent-header-meta":"default","adv-header-id-meta":"","stick-header-meta":"","header-above-stick-meta":"","header-main-stick-meta":"","header-below-stick-meta":"","astra-migrate-meta-layouts":"set","ast-page-background-enabled":"default","ast-page-background-meta":{"desktop":{"background-color":"","background-image":"","background-repeat":"repeat","background-position":"center center","background-size":"auto","background-attachment":"scroll","background-type":"","background-media":"","overlay-type":"","overlay-color":"","overlay-opacity":"","overlay-gradient":""},"tablet":{"background-color":"","background-image":"","background-repeat":"repeat","background-position":"center center","background-size":"auto","background-attachment":"scroll","background-type":"","background-media":"","overlay-type":"","overlay-color":"","overlay-opacity":"","overlay-gradient":""},"mobile":{"background-color":"","background-image":"","background-repeat":"repeat","background-position":"center center","background-size":"auto","background-attachment":"scroll","background-type":"","background-media":"","overlay-type":"","overlay-color":"","overlay-opacity":"","overlay-gradient":""}},"ast-content-background-meta":{"desktop":{"background-color":"var(--ast-global-color-5)","background-image":"","background-repeat":"repeat","background-position":"center center","background-size":"auto","background-attachment":"scroll","background-type":"","background-media":"","overlay-type":"","overlay-color":"","overlay-opacity":"","overlay-gradient":""},"tablet":{"background-color":"var(--ast-global-color-5)","background-image":"","background-repeat":"repeat","background-position":"center center","background-size":"auto","background-attachment":"scroll","background-type":"","background-media":"","overlay-type":"","overlay-color":"","overlay-opacity":"","overlay-gradient":""},"mobile":{"background-color":"var(--ast-global-color-5)","background-image":"","background-repeat":"repeat","background-position":"center center","background-size":"auto","background-attachment":"scroll","background-type":"","background-media":"","overlay-type":"","overlay-color":"","overlay-opacity":"","overlay-gradient":""}},"footnotes":""},"categories":[1,463,461,462,1410,1608,460],"cikk_cimkek":[5527,1744,6472,1790],"content_flags":[],"content_icons":[],"class_list":["post-137493","post","type-post","status-publish","format-standard","has-post-thumbnail","hentry","category-erdmost","category-fontos","category-jobbfent","category-kiemelt","category-kultura","category-mindennapok","category-top","cikk_cimkek-fiatal-muveszek","cikk_cimkek-kiallitasmegnyito","cikk_cimkek-markolt-perger-emilia","cikk_cimkek-parkvarosi-kozossegi-haz"],"acf":[],"_links":{"self":[{"href":"https:\/\/erdmost.hu\/en\/wp-json\/wp\/v2\/posts\/137493","targetHints":{"allow":["GET"]}}],"collection":[{"href":"https:\/\/erdmost.hu\/en\/wp-json\/wp\/v2\/posts"}],"about":[{"href":"https:\/\/erdmost.hu\/en\/wp-json\/wp\/v2\/types\/post"}],"author":[{"embeddable":true,"href":"https:\/\/erdmost.hu\/en\/wp-json\/wp\/v2\/users\/5"}],"replies":[{"embeddable":true,"href":"https:\/\/erdmost.hu\/en\/wp-json\/wp\/v2\/comments?post=137493"}],"version-history":[{"count":6,"href":"https:\/\/erdmost.hu\/en\/wp-json\/wp\/v2\/posts\/137493\/revisions"}],"predecessor-version":[{"id":137681,"href":"https:\/\/erdmost.hu\/en\/wp-json\/wp\/v2\/posts\/137493\/revisions\/137681"}],"wp:featuredmedia":[{"embeddable":true,"href":"https:\/\/erdmost.hu\/en\/wp-json\/wp\/v2\/media\/137510"}],"wp:attachment":[{"href":"https:\/\/erdmost.hu\/en\/wp-json\/wp\/v2\/media?parent=137493"}],"wp:term":[{"taxonomy":"category","embeddable":true,"href":"https:\/\/erdmost.hu\/en\/wp-json\/wp\/v2\/categories?post=137493"},{"taxonomy":"cikk_cimkek","embeddable":true,"href":"https:\/\/erdmost.hu\/en\/wp-json\/wp\/v2\/cikk_cimkek?post=137493"},{"taxonomy":"content_flags","embeddable":true,"href":"https:\/\/erdmost.hu\/en\/wp-json\/wp\/v2\/content_flags?post=137493"},{"taxonomy":"content_icons","embeddable":true,"href":"https:\/\/erdmost.hu\/en\/wp-json\/wp\/v2\/content_icons?post=137493"}],"curies":[{"name":"wp","href":"https:\/\/api.w.org\/{rel}","templated":true}]}}