{"id":137423,"date":"2026-04-27T10:13:01","date_gmt":"2026-04-27T08:13:01","guid":{"rendered":"https:\/\/erdmost.hu\/?p=137423"},"modified":"2026-04-27T11:33:07","modified_gmt":"2026-04-27T09:33:07","slug":"gyozott-a-demokracia-a-ctp-elkoltozteti-az-akkuraktarat","status":"publish","type":"post","link":"https:\/\/erdmost.hu\/en\/2026\/04\/27\/gyozott-a-demokracia-a-ctp-elkoltozteti-az-akkuraktarat\/","title":{"rendered":"Gy\u0151z\u00f6tt a demokr\u00e1cia: a CTP elk\u00f6lt\u00f6zteti az akkurakt\u00e1rat"},"content":{"rendered":"<p>Minap sz\u00e1moltunk be arr\u00f3l, hogy <a href=\"https:\/\/erdmost.hu\/en\/2026\/04\/22\/elkuldtek-a-francba-az-akkuraktarat\/\">elk\u00fcldt\u00e9k a francba az akkurakt\u00e1ra<\/a>t, vagyis telt h\u00e1z \u00e9s tapinthat\u00f3 fesz\u00fclts\u00e9g fogadta a r\u00e9sztvev\u0151ket \u00e1prilis 21-\u00e9n este a nagyt\u00e9t\u00e9nyi Szellmann H\u00e1zban, ahol lakoss\u00e1gi f\u00f3rumot tartottak a 6-os \u00fat ment\u00e9n \u00c9rd \u00e9s Nagyt\u00e9t\u00e9ny hat\u00e1r\u00e1ban m\u0171k\u00f6d\u0151 logisztikai k\u00f6zpont, a holland h\u00e1tter\u0171 CTP logisztikai c\u00e9g tev\u00e9kenys\u00e9g\u00e9r\u0151l.<\/p>\n<p><img fetchpriority=\"high\" decoding=\"async\" class=\"aligncenter size-full wp-image-137471\" src=\"https:\/\/erdmost.hu\/wp-content\/uploads\/2026\/04\/NB_00002-8-scaled.jpg\" alt=\"\" width=\"1920\" height=\"1280\" srcset=\"https:\/\/erdmost.hu\/wp-content\/uploads\/2026\/04\/NB_00002-8-scaled.jpg 1920w, https:\/\/erdmost.hu\/wp-content\/uploads\/2026\/04\/NB_00002-8-300x200.jpg 300w, https:\/\/erdmost.hu\/wp-content\/uploads\/2026\/04\/NB_00002-8-768x512.jpg 768w, https:\/\/erdmost.hu\/wp-content\/uploads\/2026\/04\/NB_00002-8-18x12.jpg 18w, https:\/\/erdmost.hu\/wp-content\/uploads\/2026\/04\/NB_00002-8-840x560.jpg 840w, https:\/\/erdmost.hu\/wp-content\/uploads\/2026\/04\/NB_00002-8-1100x733.jpg 1100w\" sizes=\"(max-width: 1920px) 100vw, 1920px\" \/><\/p>\n<p>Fordulatot hozott a hetek \u00f3ta tart\u00f3 lakoss\u00e1gi tiltakoz\u00e1s \u00e9s v\u00e9lhet\u0151en az \u00e9rdi polg\u00e1rmester \u00e1ltal a CTP vezet\u0151s\u00e9g\u00e9nek \u00edrott lev\u00e9l: a CTP \u00fagy d\u00f6nt\u00f6tt, megsz\u00fcnteti az \u00c9rd \u00e9s Nagyt\u00e9t\u00e9ny hat\u00e1r\u00e1ban m\u0171k\u00f6d\u0151, vitatott akkurakt\u00e1roz\u00e1si tev\u00e9kenys\u00e9get, \u00e9s elk\u00f6lt\u00f6zteti a b\u00e9rl\u0151t.<\/p>\n<figure id=\"attachment_137081\" aria-describedby=\"caption-attachment-137081\" style=\"width: 1920px\" class=\"wp-caption aligncenter\"><img decoding=\"async\" class=\"wp-image-137081 size-full\" src=\"https:\/\/erdmost.hu\/wp-content\/uploads\/2026\/04\/akkuforum-csozik-scaled.jpg\" alt=\"\" width=\"1920\" height=\"1280\" srcset=\"https:\/\/erdmost.hu\/wp-content\/uploads\/2026\/04\/akkuforum-csozik-scaled.jpg 1920w, https:\/\/erdmost.hu\/wp-content\/uploads\/2026\/04\/akkuforum-csozik-300x200.jpg 300w, https:\/\/erdmost.hu\/wp-content\/uploads\/2026\/04\/akkuforum-csozik-768x512.jpg 768w, https:\/\/erdmost.hu\/wp-content\/uploads\/2026\/04\/akkuforum-csozik-18x12.jpg 18w, https:\/\/erdmost.hu\/wp-content\/uploads\/2026\/04\/akkuforum-csozik-840x560.jpg 840w, https:\/\/erdmost.hu\/wp-content\/uploads\/2026\/04\/akkuforum-csozik-1100x733.jpg 1100w\" sizes=\"(max-width: 1920px) 100vw, 1920px\" \/><figcaption id=\"caption-attachment-137081\" class=\"wp-caption-text\"><em>Cs\u0151zik L\u00e1szl\u00f3 \u00e9rdi polg\u00e1rmester felsz\u00f3lal\u00e1sa a lakoss\u00e1gi f\u00f3rumon<\/em><\/figcaption><\/figure>\n<p>L\u00e1szl\u00f3 Ferenc kommunik\u00e1ci\u00f3s munkat\u00e1rst\u00f3l \u00e9rtes\u00fclt\u00fcnk arr\u00f3l, hogy Cs\u0151zik L\u00e1szl\u00f3 levelet k\u00fcld\u00f6tt a CTP vezet\u0151s\u00e9g\u00e9nek, amelyben felsz\u00f3l\u00edtotta \u0151ket, hogy az akkurakt\u00e1rat k\u00f6lt\u00f6ztess\u00e9k el az \u00c9rd \u00e9s Nagyt\u00e9t\u00e9ny hat\u00e1r\u00e1ban m\u0171k\u00f6d\u0151 logisztikai k\u00f6zpontb\u00f3l.<\/p>\n<p><img decoding=\"async\" class=\"aligncenter size-full wp-image-137470\" src=\"https:\/\/erdmost.hu\/wp-content\/uploads\/2026\/04\/NB_00001-8-scaled.jpg\" alt=\"\" width=\"1920\" height=\"1280\" srcset=\"https:\/\/erdmost.hu\/wp-content\/uploads\/2026\/04\/NB_00001-8-scaled.jpg 1920w, https:\/\/erdmost.hu\/wp-content\/uploads\/2026\/04\/NB_00001-8-300x200.jpg 300w, https:\/\/erdmost.hu\/wp-content\/uploads\/2026\/04\/NB_00001-8-768x512.jpg 768w, https:\/\/erdmost.hu\/wp-content\/uploads\/2026\/04\/NB_00001-8-18x12.jpg 18w, https:\/\/erdmost.hu\/wp-content\/uploads\/2026\/04\/NB_00001-8-840x560.jpg 840w, https:\/\/erdmost.hu\/wp-content\/uploads\/2026\/04\/NB_00001-8-1100x733.jpg 1100w\" sizes=\"(max-width: 1920px) 100vw, 1920px\" \/><\/p>\n<p>A bejelent\u00e9sr\u0151l hivatalosan is \u00e9rtes\u00edtett\u00e9k a v\u00e1rosvezet\u00e9st:<\/p>\n<p>\u201e<em>Tisztelt Polg\u00e1rmester \u00far! Szeretn\u00e9m t\u00e1j\u00e9koztatni, hogy tiszteletben tartva a lakoss\u00e1g k\u00e9r\u00e9s\u00e9t, elvissz\u00fck az akkumul\u00e1tor-rakt\u00e1rat a CTPark Budapest-\u00c9rd logisztikai k\u00f6zpontb\u00f3l. Csatoltan k\u00fcld\u00f6m \u00d6nnek az err\u0151l sz\u00f3l\u00f3 sajt\u00f3k\u00f6zlem\u00e9ny<\/em>t\u201d <em>\u2013<\/em> \u00edrja\u00a0 level\u00e9ben Gondi Ferenc, a CTP \u00fcgyvezet\u0151je.<\/p>\n<figure id=\"attachment_137082\" aria-describedby=\"caption-attachment-137082\" style=\"width: 1920px\" class=\"wp-caption aligncenter\"><img loading=\"lazy\" decoding=\"async\" class=\"wp-image-137082 size-full\" src=\"https:\/\/erdmost.hu\/wp-content\/uploads\/2026\/04\/akkuforum1-scaled.jpg\" alt=\"\" width=\"1920\" height=\"1280\" srcset=\"https:\/\/erdmost.hu\/wp-content\/uploads\/2026\/04\/akkuforum1-scaled.jpg 1920w, https:\/\/erdmost.hu\/wp-content\/uploads\/2026\/04\/akkuforum1-300x200.jpg 300w, https:\/\/erdmost.hu\/wp-content\/uploads\/2026\/04\/akkuforum1-768x512.jpg 768w, https:\/\/erdmost.hu\/wp-content\/uploads\/2026\/04\/akkuforum1-18x12.jpg 18w, https:\/\/erdmost.hu\/wp-content\/uploads\/2026\/04\/akkuforum1-840x560.jpg 840w, https:\/\/erdmost.hu\/wp-content\/uploads\/2026\/04\/akkuforum1-1100x733.jpg 1100w\" sizes=\"(max-width: 1920px) 100vw, 1920px\" \/><figcaption id=\"caption-attachment-137082\" class=\"wp-caption-text\"><em>A CTP k\u00e9pvisel\u0151i a lakoss\u00e1gi f\u00f3rumon<\/em><\/figcaption><\/figure>\n<p>A lakoss\u00e1gi f\u00f3rumon egy\u00e9rtelm\u0171en megfogalmaz\u00f3dott az ellen\u00e1ll\u00e1s: a k\u00f6rny\u00e9ken \u00e9l\u0151k biztons\u00e1gi \u00e9s k\u00f6rnyezetv\u00e9delmi agg\u00e1lyokat fogalmaztak meg, mik\u00f6zben a polg\u00e1rmester is vil\u00e1goss\u00e1 tette elv\u00e1r\u00e1s\u00e1t a beruh\u00e1z\u00f3 fel\u00e9.<\/p>\n<p>A t\u00f6rt\u00e9net v\u00e9g\u00fcl a k\u00f6z\u00f6ss\u00e9gi \u00f6sszefog\u00e1s siker\u00e9t hozta: a d\u00f6nt\u00e9s sokak szerint annak bizony\u00edt\u00e9ka, hogy a helyiek hangja \u00e9s a nyilv\u00e1noss\u00e1g ereje k\u00e9pes val\u00f3di v\u00e1ltoz\u00e1st kik\u00e9nyszer\u00edteni.<\/p>","protected":false},"excerpt":{"rendered":"<p>A helyiek, civilek \u00e9s az \u00f6nkorm\u00e1nyzat egyar\u00e1nt hat\u00e1rozott fell\u00e9p\u00e9st s\u00fcrgetett.<\/p>","protected":false},"author":33,"featured_media":137472,"comment_status":"closed","ping_status":"closed","sticky":false,"template":"","format":"standard","meta":{"_acf_changed":false,"_seopress_robots_primary_cat":"none","_seopress_titles_title":"","_seopress_titles_desc":"","_seopress_robots_index":"","site-sidebar-layout":"default","site-content-layout":"","ast-site-content-layout":"default","site-content-style":"default","site-sidebar-style":"default","ast-global-header-display":"","ast-banner-title-visibility":"","ast-main-header-display":"","ast-hfb-above-header-display":"","ast-hfb-below-header-display":"","ast-hfb-mobile-header-display":"","site-post-title":"","ast-breadcrumbs-content":"","ast-featured-img":"","footer-sml-layout":"","ast-disable-related-posts":"","theme-transparent-header-meta":"default","adv-header-id-meta":"","stick-header-meta":"","header-above-stick-meta":"","header-main-stick-meta":"","header-below-stick-meta":"","astra-migrate-meta-layouts":"set","ast-page-background-enabled":"default","ast-page-background-meta":{"desktop":{"background-color":"","background-image":"","background-repeat":"repeat","background-position":"center center","background-size":"auto","background-attachment":"scroll","background-type":"","background-media":"","overlay-type":"","overlay-color":"","overlay-opacity":"","overlay-gradient":""},"tablet":{"background-color":"","background-image":"","background-repeat":"repeat","background-position":"center center","background-size":"auto","background-attachment":"scroll","background-type":"","background-media":"","overlay-type":"","overlay-color":"","overlay-opacity":"","overlay-gradient":""},"mobile":{"background-color":"","background-image":"","background-repeat":"repeat","background-position":"center center","background-size":"auto","background-attachment":"scroll","background-type":"","background-media":"","overlay-type":"","overlay-color":"","overlay-opacity":"","overlay-gradient":""}},"ast-content-background-meta":{"desktop":{"background-color":"var(--ast-global-color-5)","background-image":"","background-repeat":"repeat","background-position":"center center","background-size":"auto","background-attachment":"scroll","background-type":"","background-media":"","overlay-type":"","overlay-color":"","overlay-opacity":"","overlay-gradient":""},"tablet":{"background-color":"var(--ast-global-color-5)","background-image":"","background-repeat":"repeat","background-position":"center center","background-size":"auto","background-attachment":"scroll","background-type":"","background-media":"","overlay-type":"","overlay-color":"","overlay-opacity":"","overlay-gradient":""},"mobile":{"background-color":"var(--ast-global-color-5)","background-image":"","background-repeat":"repeat","background-position":"center center","background-size":"auto","background-attachment":"scroll","background-type":"","background-media":"","overlay-type":"","overlay-color":"","overlay-opacity":"","overlay-gradient":""}},"footnotes":""},"categories":[1,463,461,462,464,460],"cikk_cimkek":[6459,6075,6470],"content_flags":[],"content_icons":[],"class_list":["post-137423","post","type-post","status-publish","format-standard","has-post-thumbnail","hentry","category-erdmost","category-fontos","category-jobbfent","category-kiemelt","category-kozerdeku","category-top","cikk_cimkek-akkuraktar","cikk_cimkek-ctp","cikk_cimkek-logisztikai-park"],"acf":[],"_links":{"self":[{"href":"https:\/\/erdmost.hu\/en\/wp-json\/wp\/v2\/posts\/137423","targetHints":{"allow":["GET"]}}],"collection":[{"href":"https:\/\/erdmost.hu\/en\/wp-json\/wp\/v2\/posts"}],"about":[{"href":"https:\/\/erdmost.hu\/en\/wp-json\/wp\/v2\/types\/post"}],"author":[{"embeddable":true,"href":"https:\/\/erdmost.hu\/en\/wp-json\/wp\/v2\/users\/33"}],"replies":[{"embeddable":true,"href":"https:\/\/erdmost.hu\/en\/wp-json\/wp\/v2\/comments?post=137423"}],"version-history":[{"count":18,"href":"https:\/\/erdmost.hu\/en\/wp-json\/wp\/v2\/posts\/137423\/revisions"}],"predecessor-version":[{"id":137482,"href":"https:\/\/erdmost.hu\/en\/wp-json\/wp\/v2\/posts\/137423\/revisions\/137482"}],"wp:featuredmedia":[{"embeddable":true,"href":"https:\/\/erdmost.hu\/en\/wp-json\/wp\/v2\/media\/137472"}],"wp:attachment":[{"href":"https:\/\/erdmost.hu\/en\/wp-json\/wp\/v2\/media?parent=137423"}],"wp:term":[{"taxonomy":"category","embeddable":true,"href":"https:\/\/erdmost.hu\/en\/wp-json\/wp\/v2\/categories?post=137423"},{"taxonomy":"cikk_cimkek","embeddable":true,"href":"https:\/\/erdmost.hu\/en\/wp-json\/wp\/v2\/cikk_cimkek?post=137423"},{"taxonomy":"content_flags","embeddable":true,"href":"https:\/\/erdmost.hu\/en\/wp-json\/wp\/v2\/content_flags?post=137423"},{"taxonomy":"content_icons","embeddable":true,"href":"https:\/\/erdmost.hu\/en\/wp-json\/wp\/v2\/content_icons?post=137423"}],"curies":[{"name":"wp","href":"https:\/\/api.w.org\/{rel}","templated":true}]}}