{"id":137286,"date":"2026-04-28T08:03:30","date_gmt":"2026-04-28T06:03:30","guid":{"rendered":"https:\/\/erdmost.hu\/?p=137286"},"modified":"2026-04-28T08:12:38","modified_gmt":"2026-04-28T06:12:38","slug":"megujul-a-poly-art","status":"publish","type":"post","link":"https:\/\/erdmost.hu\/en\/2026\/04\/28\/megujul-a-poly-art\/","title":{"rendered":"Meg\u00fajul a Poly-Art"},"content":{"rendered":"<p>A Poly-Art alap\u00edtv\u00e1nyn\u00e1l m\u00e1r hagyom\u00e1ny, hogy k\u00f6z\u00f6s p\u00f3diumestet rendeznek minden kultur\u00e1lis m\u0171hely\u00fcknek, hogy a tagok megismerhess\u00e9k egym\u00e1s alkot\u00e1sait, tal\u00e1lkozhassanak, besz\u00e9lgethessenek.<\/p>\n<figure id=\"attachment_137290\" aria-describedby=\"caption-attachment-137290\" style=\"width: 1920px\" class=\"wp-caption aligncenter\"><img fetchpriority=\"high\" decoding=\"async\" class=\"wp-image-137290 size-full\" src=\"https:\/\/erdmost.hu\/wp-content\/uploads\/2026\/04\/NB_00012-1-1-scaled.jpg\" alt=\"\" width=\"1920\" height=\"1280\" srcset=\"https:\/\/erdmost.hu\/wp-content\/uploads\/2026\/04\/NB_00012-1-1-scaled.jpg 1920w, https:\/\/erdmost.hu\/wp-content\/uploads\/2026\/04\/NB_00012-1-1-300x200.jpg 300w, https:\/\/erdmost.hu\/wp-content\/uploads\/2026\/04\/NB_00012-1-1-768x512.jpg 768w, https:\/\/erdmost.hu\/wp-content\/uploads\/2026\/04\/NB_00012-1-1-18x12.jpg 18w, https:\/\/erdmost.hu\/wp-content\/uploads\/2026\/04\/NB_00012-1-1-840x560.jpg 840w, https:\/\/erdmost.hu\/wp-content\/uploads\/2026\/04\/NB_00012-1-1-1100x733.jpg 1100w\" sizes=\"(max-width: 1920px) 100vw, 1920px\" \/><figcaption id=\"caption-attachment-137290\" class=\"wp-caption-text\"><em>Apostagi Zolt\u00e1n (T\u00c9IK) \u00e9s Metzger Bal\u00e1zs (T\u00c9IK)<\/em><\/figcaption><\/figure>\n<p>Az \u00e1prilis 22-i p\u00f3diumestet a Csuka Zolt\u00e1n V\u00e1rosi K\u00f6nyvt\u00e1rban tartott\u00e1k.<\/p>\n<figure id=\"attachment_137301\" aria-describedby=\"caption-attachment-137301\" style=\"width: 1920px\" class=\"wp-caption aligncenter\"><img decoding=\"async\" class=\"wp-image-137301 size-full\" src=\"https:\/\/erdmost.hu\/wp-content\/uploads\/2026\/04\/NB_00032-2-scaled.jpg\" alt=\"\" width=\"1920\" height=\"1280\" srcset=\"https:\/\/erdmost.hu\/wp-content\/uploads\/2026\/04\/NB_00032-2-scaled.jpg 1920w, https:\/\/erdmost.hu\/wp-content\/uploads\/2026\/04\/NB_00032-2-300x200.jpg 300w, https:\/\/erdmost.hu\/wp-content\/uploads\/2026\/04\/NB_00032-2-768x512.jpg 768w, https:\/\/erdmost.hu\/wp-content\/uploads\/2026\/04\/NB_00032-2-18x12.jpg 18w, https:\/\/erdmost.hu\/wp-content\/uploads\/2026\/04\/NB_00032-2-840x560.jpg 840w, https:\/\/erdmost.hu\/wp-content\/uploads\/2026\/04\/NB_00032-2-1100x733.jpg 1100w\" sizes=\"(max-width: 1920px) 100vw, 1920px\" \/><figcaption id=\"caption-attachment-137301\" class=\"wp-caption-text\"><em>Szenczy Istv\u00e1nn\u00e9 Ibolya (K\u00c9K) \u00e9s Lipt\u00e1kn\u00e9 Vakula M\u00e1ria (K\u00c9K)<\/em><\/figcaption><\/figure>\n<p>A kultur\u00e1lis rendezv\u00e9nyen a Temesi \u00c9va Irodalmi K\u00f6r (T\u00c9IK), az \u00c9rdi Irodalomkedvel\u0151k Klubja (IRKA), a szint\u00e9n irodalmi alkot\u00f3 Sz\u00e1rnyal\u00f3 S\u00f3lymok \u00e9s a K\u00e9pz\u0151m\u0171v\u00e9szek \u00c9rdi K\u00f6z\u00f6ss\u00e9ge (K\u00c9K) egy-egy el\u0151ad\u00f3ja mutatkozott be.<\/p>\n<figure id=\"attachment_137299\" aria-describedby=\"caption-attachment-137299\" style=\"width: 1920px\" class=\"wp-caption aligncenter\"><img decoding=\"async\" class=\"wp-image-137299 size-full\" src=\"https:\/\/erdmost.hu\/wp-content\/uploads\/2026\/04\/NB_00036-2-scaled.jpg\" alt=\"\" width=\"1920\" height=\"1280\" srcset=\"https:\/\/erdmost.hu\/wp-content\/uploads\/2026\/04\/NB_00036-2-scaled.jpg 1920w, https:\/\/erdmost.hu\/wp-content\/uploads\/2026\/04\/NB_00036-2-300x200.jpg 300w, https:\/\/erdmost.hu\/wp-content\/uploads\/2026\/04\/NB_00036-2-768x512.jpg 768w, https:\/\/erdmost.hu\/wp-content\/uploads\/2026\/04\/NB_00036-2-18x12.jpg 18w, https:\/\/erdmost.hu\/wp-content\/uploads\/2026\/04\/NB_00036-2-840x560.jpg 840w, https:\/\/erdmost.hu\/wp-content\/uploads\/2026\/04\/NB_00036-2-1100x733.jpg 1100w\" sizes=\"(max-width: 1920px) 100vw, 1920px\" \/><figcaption id=\"caption-attachment-137299\" class=\"wp-caption-text\"><em>Szab\u00f3 Aida (Jampa drolma) (Sz\u00e1rnyal\u00f3 S\u00f3lymok Haiku Csoport) \u00e9s Safrank\u00e1n\u00e9 Nagy Roz\u00e1lia (Sz\u00e1rnyal\u00f3 S\u00f3lymok)<\/em><\/figcaption><\/figure>\n<p>Apostagi Zolt\u00e1n, T\u00f6r\u0151 Istv\u00e1n \u00e9s Safrank\u00e1n\u00e9 Nagy Roz\u00e1lia az irodalom, Lipk\u00e1n\u00e9 Vakula M\u00e1ria a fest\u00e9szet ter\u00fclet\u00e9n alkot, \u0151 p\u00e1r k\u00e9p\u00e9t hozta el \u00e9s mutatta be a k\u00f6z\u00f6ns\u00e9gnek.<\/p>\n<figure id=\"attachment_137291\" aria-describedby=\"caption-attachment-137291\" style=\"width: 1920px\" class=\"wp-caption aligncenter\"><img loading=\"lazy\" decoding=\"async\" class=\"wp-image-137291 size-full\" src=\"https:\/\/erdmost.hu\/wp-content\/uploads\/2026\/04\/NB_00014-5-scaled.jpg\" alt=\"\" width=\"1920\" height=\"1280\" srcset=\"https:\/\/erdmost.hu\/wp-content\/uploads\/2026\/04\/NB_00014-5-scaled.jpg 1920w, https:\/\/erdmost.hu\/wp-content\/uploads\/2026\/04\/NB_00014-5-300x200.jpg 300w, https:\/\/erdmost.hu\/wp-content\/uploads\/2026\/04\/NB_00014-5-768x512.jpg 768w, https:\/\/erdmost.hu\/wp-content\/uploads\/2026\/04\/NB_00014-5-18x12.jpg 18w, https:\/\/erdmost.hu\/wp-content\/uploads\/2026\/04\/NB_00014-5-840x560.jpg 840w, https:\/\/erdmost.hu\/wp-content\/uploads\/2026\/04\/NB_00014-5-1100x733.jpg 1100w\" sizes=\"(max-width: 1920px) 100vw, 1920px\" \/><figcaption id=\"caption-attachment-137291\" class=\"wp-caption-text\"><em>Apostagi Zolt\u00e1n (T\u00c9IK)<\/em><\/figcaption><\/figure>\n<p>B\u00e1r a Poly-Artnak zenei szekci\u00f3ja nincs, \u00c9rden sok tehets\u00e9ges zen\u00e9sz \u00e9l, akiket sz\u00edvesen l\u00e1tnak ezeken az alkalmakon A mostani p\u00f3diumesten Bal\u00e1zs Emese, a VMG di\u00e1kja fuvol\u00e1zott.<\/p>\n<figure id=\"attachment_137293\" aria-describedby=\"caption-attachment-137293\" style=\"width: 1920px\" class=\"wp-caption aligncenter\"><img loading=\"lazy\" decoding=\"async\" class=\"wp-image-137293 size-full\" src=\"https:\/\/erdmost.hu\/wp-content\/uploads\/2026\/04\/NB_00019-4-scaled.jpg\" alt=\"\" width=\"1920\" height=\"1280\" srcset=\"https:\/\/erdmost.hu\/wp-content\/uploads\/2026\/04\/NB_00019-4-scaled.jpg 1920w, https:\/\/erdmost.hu\/wp-content\/uploads\/2026\/04\/NB_00019-4-300x200.jpg 300w, https:\/\/erdmost.hu\/wp-content\/uploads\/2026\/04\/NB_00019-4-768x512.jpg 768w, https:\/\/erdmost.hu\/wp-content\/uploads\/2026\/04\/NB_00019-4-18x12.jpg 18w, https:\/\/erdmost.hu\/wp-content\/uploads\/2026\/04\/NB_00019-4-840x560.jpg 840w, https:\/\/erdmost.hu\/wp-content\/uploads\/2026\/04\/NB_00019-4-1100x733.jpg 1100w\" sizes=\"(max-width: 1920px) 100vw, 1920px\" \/><figcaption id=\"caption-attachment-137293\" class=\"wp-caption-text\"><em>Bal\u00e1zs Emese (VMG)<\/em><\/figcaption><\/figure>\n<p>A jelenl\u00e9v\u0151ket Somfai Istv\u00e1n, a Poly-Art kurat\u00f3riumi eln\u00f6ke k\u00f6sz\u00f6nt\u00f6tte, aki t\u00f6bb mint huszon\u00f6t \u00e9ve vezeti ezeket az esteket.<\/p>\n<figure id=\"attachment_137288\" aria-describedby=\"caption-attachment-137288\" style=\"width: 1920px\" class=\"wp-caption aligncenter\"><img loading=\"lazy\" decoding=\"async\" class=\"wp-image-137288 size-full\" src=\"https:\/\/erdmost.hu\/wp-content\/uploads\/2026\/04\/NB_00003-5-scaled.jpg\" alt=\"\" width=\"1920\" height=\"1280\" srcset=\"https:\/\/erdmost.hu\/wp-content\/uploads\/2026\/04\/NB_00003-5-scaled.jpg 1920w, https:\/\/erdmost.hu\/wp-content\/uploads\/2026\/04\/NB_00003-5-300x200.jpg 300w, https:\/\/erdmost.hu\/wp-content\/uploads\/2026\/04\/NB_00003-5-768x512.jpg 768w, https:\/\/erdmost.hu\/wp-content\/uploads\/2026\/04\/NB_00003-5-18x12.jpg 18w, https:\/\/erdmost.hu\/wp-content\/uploads\/2026\/04\/NB_00003-5-840x560.jpg 840w, https:\/\/erdmost.hu\/wp-content\/uploads\/2026\/04\/NB_00003-5-1100x733.jpg 1100w\" sizes=\"(max-width: 1920px) 100vw, 1920px\" \/><figcaption id=\"caption-attachment-137288\" class=\"wp-caption-text\"><em>Somfai Istv\u00e1n kurat\u00f3riumi eln\u00f6k<\/em><\/figcaption><\/figure>\n<p>A kor\u00e1bbi alkalmakon \u0151 besz\u00e9lgetett az alkot\u00f3kkal, most viszont a csoportok egy-egy tagja k\u00e9rdezett. De nem ez volt az egyetlen \u00fajdons\u00e1g: mint Somfai Istv\u00e1n elmondta, 2025. december 15-\u00e9n megv\u00e1lasztott\u00e1k a Poly-Art \u00faj kurat\u00f3rium\u00e1t.<\/p>\n<figure id=\"attachment_137295\" aria-describedby=\"caption-attachment-137295\" style=\"width: 1920px\" class=\"wp-caption aligncenter\"><img loading=\"lazy\" decoding=\"async\" class=\"wp-image-137295 size-full\" src=\"https:\/\/erdmost.hu\/wp-content\/uploads\/2026\/04\/NB_00024-1-1-scaled.jpg\" alt=\"\" width=\"1920\" height=\"1280\" srcset=\"https:\/\/erdmost.hu\/wp-content\/uploads\/2026\/04\/NB_00024-1-1-scaled.jpg 1920w, https:\/\/erdmost.hu\/wp-content\/uploads\/2026\/04\/NB_00024-1-1-300x200.jpg 300w, https:\/\/erdmost.hu\/wp-content\/uploads\/2026\/04\/NB_00024-1-1-768x512.jpg 768w, https:\/\/erdmost.hu\/wp-content\/uploads\/2026\/04\/NB_00024-1-1-18x12.jpg 18w, https:\/\/erdmost.hu\/wp-content\/uploads\/2026\/04\/NB_00024-1-1-840x560.jpg 840w, https:\/\/erdmost.hu\/wp-content\/uploads\/2026\/04\/NB_00024-1-1-1100x733.jpg 1100w\" sizes=\"(max-width: 1920px) 100vw, 1920px\" \/><figcaption id=\"caption-attachment-137295\" class=\"wp-caption-text\"><em>Varga Katalin (IRKA)<\/em><\/figcaption><\/figure>\n<p>Az \u00faj kurat\u00f3rium tagjai: Metzger Bal\u00e1zs (T\u00c9IK), Lipk\u00e1n\u00e9 Vakula M\u00e1ria (K\u00c9K), Kov\u00e1cs M\u00e1ty\u00e1s (K\u00c9K \u2013 \u0151 az alap\u00edt\u00f3i jogok folytat\u00f3ja), Szigeti Eszter \u00e9nekes \u00e9s Somfai Istv\u00e1n. Az eln\u00f6ki tisztet Szab\u00f3 Ilona Val\u00e9ria (IRKA) t\u00f6lti be.<\/p>\n<figure id=\"attachment_137297\" aria-describedby=\"caption-attachment-137297\" style=\"width: 1920px\" class=\"wp-caption aligncenter\"><img loading=\"lazy\" decoding=\"async\" class=\"wp-image-137297 size-full\" src=\"https:\/\/erdmost.hu\/wp-content\/uploads\/2026\/04\/NB_00028-3-scaled.jpg\" alt=\"\" width=\"1920\" height=\"1280\" srcset=\"https:\/\/erdmost.hu\/wp-content\/uploads\/2026\/04\/NB_00028-3-scaled.jpg 1920w, https:\/\/erdmost.hu\/wp-content\/uploads\/2026\/04\/NB_00028-3-300x200.jpg 300w, https:\/\/erdmost.hu\/wp-content\/uploads\/2026\/04\/NB_00028-3-768x512.jpg 768w, https:\/\/erdmost.hu\/wp-content\/uploads\/2026\/04\/NB_00028-3-18x12.jpg 18w, https:\/\/erdmost.hu\/wp-content\/uploads\/2026\/04\/NB_00028-3-840x560.jpg 840w, https:\/\/erdmost.hu\/wp-content\/uploads\/2026\/04\/NB_00028-3-1100x733.jpg 1100w\" sizes=\"(max-width: 1920px) 100vw, 1920px\" \/><figcaption id=\"caption-attachment-137297\" class=\"wp-caption-text\"><em>T\u00f6r\u0151 Istv\u00e1n (IRKA)<\/em><\/figcaption><\/figure>\n<p>Az \u00faj test\u00fclet megv\u00e1laszt\u00e1sa mellett sz\u00e1mos, a m\u0171k\u00f6d\u00e9shez fontos jogi dokument\u00e1ci\u00f3t is megalkottak, \u00e9s d\u00f6nt\u00e9s sz\u00fcletett arr\u00f3l is, hogy a Poly-Art kib\u0151v\u00fcl egy zenei szekci\u00f3val.<\/p>\n<figure id=\"attachment_137294\" aria-describedby=\"caption-attachment-137294\" style=\"width: 1920px\" class=\"wp-caption aligncenter\"><img loading=\"lazy\" decoding=\"async\" class=\"wp-image-137294 size-full\" src=\"https:\/\/erdmost.hu\/wp-content\/uploads\/2026\/04\/NB_00022-2-scaled.jpg\" alt=\"\" width=\"1920\" height=\"1280\" srcset=\"https:\/\/erdmost.hu\/wp-content\/uploads\/2026\/04\/NB_00022-2-scaled.jpg 1920w, https:\/\/erdmost.hu\/wp-content\/uploads\/2026\/04\/NB_00022-2-300x200.jpg 300w, https:\/\/erdmost.hu\/wp-content\/uploads\/2026\/04\/NB_00022-2-768x512.jpg 768w, https:\/\/erdmost.hu\/wp-content\/uploads\/2026\/04\/NB_00022-2-18x12.jpg 18w, https:\/\/erdmost.hu\/wp-content\/uploads\/2026\/04\/NB_00022-2-840x560.jpg 840w, https:\/\/erdmost.hu\/wp-content\/uploads\/2026\/04\/NB_00022-2-1100x733.jpg 1100w\" sizes=\"(max-width: 1920px) 100vw, 1920px\" \/><figcaption id=\"caption-attachment-137294\" class=\"wp-caption-text\"><em>T\u00f6r\u0151 Istv\u00e1n (IRKA) \u00e9s Dar\u00f3ci Lajosn\u00e9 M\u00e1rta (IRKA)<\/em><\/figcaption><\/figure>\n<p>Az \u00faj gr\u00e9mium akkor \u00e1llhat fel, ha az \u00c1llami Sz\u00e1mvev\u0151sz\u00e9k elfogadja a kurat\u00f3rium tags\u00e1g\u00e1t \u00e9rint\u0151 v\u00e1ltoz\u00e1sokat.<\/p>","protected":false},"excerpt":{"rendered":"<p>Az alap\u00edtv\u00e1ny p\u00f3diumestj\u00e9n fontos bejelent\u00e9seket hallhattunk. <\/p>","protected":false},"author":5,"featured_media":137287,"comment_status":"closed","ping_status":"closed","sticky":false,"template":"","format":"standard","meta":{"_acf_changed":false,"_seopress_robots_primary_cat":"none","_seopress_titles_title":"","_seopress_titles_desc":"","_seopress_robots_index":"","site-sidebar-layout":"default","site-content-layout":"","ast-site-content-layout":"default","site-content-style":"default","site-sidebar-style":"default","ast-global-header-display":"","ast-banner-title-visibility":"","ast-main-header-display":"","ast-hfb-above-header-display":"","ast-hfb-below-header-display":"","ast-hfb-mobile-header-display":"","site-post-title":"","ast-breadcrumbs-content":"","ast-featured-img":"","footer-sml-layout":"","ast-disable-related-posts":"","theme-transparent-header-meta":"default","adv-header-id-meta":"","stick-header-meta":"","header-above-stick-meta":"","header-main-stick-meta":"","header-below-stick-meta":"","astra-migrate-meta-layouts":"set","ast-page-background-enabled":"default","ast-page-background-meta":{"desktop":{"background-color":"","background-image":"","background-repeat":"repeat","background-position":"center center","background-size":"auto","background-attachment":"scroll","background-type":"","background-media":"","overlay-type":"","overlay-color":"","overlay-opacity":"","overlay-gradient":""},"tablet":{"background-color":"","background-image":"","background-repeat":"repeat","background-position":"center center","background-size":"auto","background-attachment":"scroll","background-type":"","background-media":"","overlay-type":"","overlay-color":"","overlay-opacity":"","overlay-gradient":""},"mobile":{"background-color":"","background-image":"","background-repeat":"repeat","background-position":"center center","background-size":"auto","background-attachment":"scroll","background-type":"","background-media":"","overlay-type":"","overlay-color":"","overlay-opacity":"","overlay-gradient":""}},"ast-content-background-meta":{"desktop":{"background-color":"var(--ast-global-color-5)","background-image":"","background-repeat":"repeat","background-position":"center center","background-size":"auto","background-attachment":"scroll","background-type":"","background-media":"","overlay-type":"","overlay-color":"","overlay-opacity":"","overlay-gradient":""},"tablet":{"background-color":"var(--ast-global-color-5)","background-image":"","background-repeat":"repeat","background-position":"center center","background-size":"auto","background-attachment":"scroll","background-type":"","background-media":"","overlay-type":"","overlay-color":"","overlay-opacity":"","overlay-gradient":""},"mobile":{"background-color":"var(--ast-global-color-5)","background-image":"","background-repeat":"repeat","background-position":"center center","background-size":"auto","background-attachment":"scroll","background-type":"","background-media":"","overlay-type":"","overlay-color":"","overlay-opacity":"","overlay-gradient":""}},"footnotes":""},"categories":[1,463,461,462,1410,1608,460],"cikk_cimkek":[6465,2186,1786],"content_flags":[],"content_icons":[],"class_list":["post-137286","post","type-post","status-publish","format-standard","has-post-thumbnail","hentry","category-erdmost","category-fontos","category-jobbfent","category-kiemelt","category-kultura","category-mindennapok","category-top","cikk_cimkek-podiumest","cikk_cimkek-poly-art","cikk_cimkek-somfai-istvan"],"acf":[],"_links":{"self":[{"href":"https:\/\/erdmost.hu\/en\/wp-json\/wp\/v2\/posts\/137286","targetHints":{"allow":["GET"]}}],"collection":[{"href":"https:\/\/erdmost.hu\/en\/wp-json\/wp\/v2\/posts"}],"about":[{"href":"https:\/\/erdmost.hu\/en\/wp-json\/wp\/v2\/types\/post"}],"author":[{"embeddable":true,"href":"https:\/\/erdmost.hu\/en\/wp-json\/wp\/v2\/users\/5"}],"replies":[{"embeddable":true,"href":"https:\/\/erdmost.hu\/en\/wp-json\/wp\/v2\/comments?post=137286"}],"version-history":[{"count":5,"href":"https:\/\/erdmost.hu\/en\/wp-json\/wp\/v2\/posts\/137286\/revisions"}],"predecessor-version":[{"id":137335,"href":"https:\/\/erdmost.hu\/en\/wp-json\/wp\/v2\/posts\/137286\/revisions\/137335"}],"wp:featuredmedia":[{"embeddable":true,"href":"https:\/\/erdmost.hu\/en\/wp-json\/wp\/v2\/media\/137287"}],"wp:attachment":[{"href":"https:\/\/erdmost.hu\/en\/wp-json\/wp\/v2\/media?parent=137286"}],"wp:term":[{"taxonomy":"category","embeddable":true,"href":"https:\/\/erdmost.hu\/en\/wp-json\/wp\/v2\/categories?post=137286"},{"taxonomy":"cikk_cimkek","embeddable":true,"href":"https:\/\/erdmost.hu\/en\/wp-json\/wp\/v2\/cikk_cimkek?post=137286"},{"taxonomy":"content_flags","embeddable":true,"href":"https:\/\/erdmost.hu\/en\/wp-json\/wp\/v2\/content_flags?post=137286"},{"taxonomy":"content_icons","embeddable":true,"href":"https:\/\/erdmost.hu\/en\/wp-json\/wp\/v2\/content_icons?post=137286"}],"curies":[{"name":"wp","href":"https:\/\/api.w.org\/{rel}","templated":true}]}}