{"id":13643,"date":"2021-04-07T08:08:53","date_gmt":"2021-04-07T08:08:53","guid":{"rendered":"https:\/\/wp.erdmost.hu\/2021\/04\/07\/visszateresre-varva\/"},"modified":"2021-04-07T08:08:53","modified_gmt":"2021-04-07T08:08:53","slug":"visszateresre-varva","status":"publish","type":"post","link":"https:\/\/erdmost.hu\/en\/2021\/04\/07\/visszateresre-varva\/","title":{"rendered":"Visszat\u00e9r\u00e9sre v\u00e1rva"},"content":{"rendered":"<p>\u201eVan benn\u00fcnk egy adag f\u00e9lelem, hogy hat-e addigra az olt\u00e1s. R\u00e1ad\u00e1sul vannak k\u00f6zt\u00fcnk olyanok, akik h\u00e1rom h\u00f3napon bel\u00fcl estek \u00e1t a fert\u0151z\u00e9sen, mint \u00e9n is. Egyik koll\u00e9g\u00e1mnak azt mondt\u00e1k az olt\u00f3ponton, hogy nyugodtan menjen, az \u00e9n h\u00e1ziorvosom szerint viszont meg kell v\u00e1rni a h\u00e1rom h\u00f3napot. Holnapra vagyok ki\u00edrva az olt\u00e1sra, de m\u00e9g mindig nem tudom, mi lesz\u201d \u2013 mondta az egyik \u00e1ltalunk k\u00e9rdezett \u00e1ltal\u00e1nos iskolai pedag\u00f3gus.<\/p>\n<p>\u201e\u00c9n m\u00e1r t\u00fal vagyok a fert\u0151z\u00e9sen, t\u00f6bb mint h\u00e1rom h\u00f3nap telt el az\u00f3ta, \u00edgy biztos beoltahttps:\/\/erdmost.hu\/wp-content\/uploads\/2021\/06\/business-blog-session-cover-img-03.jpg magam. Egy-k\u00e9t olyan koll\u00e9g\u00e1m van csak, aki nem \u00e9l a lehet\u0151s\u00e9ggel\u201d \u2013 tudtam meg egy \u00e9rdi \u00f3v\u00f3n\u0151t\u0151l. \u201eNagyon v\u00e1rj\u00e1k a sz\u00fcl\u0151k, hogy megnyissunk \u00fajra. Mi egy kicsit korainak tartjuk a 19-\u00e9t, k\u00e9rd\u00e9ses, hogy addigra kialakul-e a v\u00e9detts\u00e9g, de h\u00e1t nem mi d\u00f6nt\u00fcnk. Nem vagyunk m\u00e1r olyan fiatalok, k\u00f6zt\u00fcnk is sokan vannak, akiknek van valamilyen alapbetegs\u00e9ge. Egy\u00e9bk\u00e9nt most is bej\u00e1runk, hiszen \u00fcgyeletet tartanunk kell (a sz\u00e1z\u00f6tvenb\u0151l k\u00f6r\u00fclbel\u00fcl t\u00edz gyerek van bent), folyamatosan fert\u0151tlen\u00edt\u00fcnk, gondozzuk a kertet. \u00c9s v\u00e1rjuk m\u00e1r vissza a gyerekeket! J\u00f3 lenne, ha visszat\u00e9rne az \u00e9let a r\u00e9gi ker\u00e9kv\u00e1g\u00e1s\u00e1ba, \u00fajra szervezhetn\u00e9nk kir\u00e1ndul\u00e1sokat, k\u00fcl\u00f6n foglalkoz\u00e1sokat \u2013 t\u00e1nc, foci, \u00fasz\u00e1s \u2013, nagyobb programokat, mint p\u00e9ld\u00e1ul a gyereknap.\u201d<\/p>\n<p>\u201eKorainak tarhttps:\/\/erdmost.hu\/wp-content\/uploads\/2021\/06\/business-blog-session-cover-img-03.jpg a tizenkilencedik\u00e9t, hiszen vannak, akik csak e h\u00e9t m\u00e1sodik fel\u00e9ben kapj\u00e1k meg az olt\u00e1st, \u00e9s azt olvastuk, hogy a v\u00e9detts\u00e9g kialakul\u00e1s\u00e1hoz t\u00f6bb id\u0151nek kell eltelnie, mint kilenc-t\u00edz nap. J\u00e1rv\u00e1ny\u00fcgyi szempontb\u00f3l teh\u00e1t siet\u0151snek \u00e9rezz\u00fck a nyit\u00e1st, ugyanakkor a gyerekek szempontj\u00e1b\u00f3l nem: nagyon nehezen megy az online oktat\u00e1s, f\u00e1radnak a gyerekek, neh\u00e9z ott tartani \u0151ket a g\u00e9p el\u0151tt, kell a szem\u00e9lyes kapcsolat. F\u00e9lelmet nem \u00e9rz\u00fcnk, de j\u00f3 lenne, ha minden szempontb\u00f3l nyugodtan tudn\u00e1nk dolgozni itt, az iskol\u00e1ban\u201d \u2013 mondta egy \u00e1ltal\u00e1nos iskolai tan\u00e1r.<\/p>\n<p>\u201eNagyon v\u00e1rjuk m\u00e1r a nyit\u00e1st. A gyerekek egyre motiv\u00e1latlanabbak, hi\u00e1nyzik nekik a k\u00f6z\u00f6ss\u00e9g, nek\u00fcnk, tan\u00e1roknak pedig a di\u00e1kok. Persze, mindenkiben van egy kis aggodalom, de nem hallottam, hogy b\u00e1rki azt mondta volna, hogy nem mer visszaj\u00f6nni. A k\u00f6z\u00e9piskolai felv\u00e9telin, ami jelenl\u00e9ti m\u00f3don zajlott, is r\u00e9szt vett\u00fcnk. Ink\u00e1bb att\u00f3l tartok, hogy a visszat\u00e9r\u0151 tizenkettedikesek k\u00f6z\u00fcl megbetegszik valaki, \u00e9s karant\u00e9nba teszik az eg\u00e9sz oszt\u00e1lyt. Akkor mi lesz?\u201d \u2013 tette fel a k\u00e9rd\u00e9st az egyik k\u00f6z\u00e9piskolai tan\u00e1r.<\/p>\n<p>\u201eA szakmai \u00e9s az \u00e9retts\u00e9gi vizsg\u00e1k miatt sz\u00fcks\u00e9ges, hogy v\u00e9gre tal\u00e1lkozzon a tan\u00e1r meg a di\u00e1k\u201d \u2013 felelte k\u00e9rd\u00e9s\u00fcnkre egy szakk\u00e9pz\u00e9sben tan\u00edt\u00f3 pedag\u00f3gus. \u201eA fiataloknak ez nagyon sokat jelent. A t\u00f6bbieknek is fontos lenne: a kilencedikesek p\u00e9ld\u00e1ul nem is ismerik egym\u00e1st, hiszen az \u0151szi sz\u00fcnet \u00f3ta nem tal\u00e1lkoztak. Ez az\u00e9rt, ha belegondolunk, teljesen nonszensz.\u201d<\/p>\n<p>\u201eAz\u00e9rt a tizenkilencedik\u00e9t m\u00e9g nem kiab\u00e1ln\u00e1m el. Sok mindenen m\u00falik ez az id\u0151pont. B\u00edzom benne, hogy a pedag\u00f3gusok kamp\u00e1nyolt\u00e1sa seg\u00edt, biztons\u00e1got ad. \u00d6r\u00f6kk\u00e9 nem f\u00e9lhet\u00fcnk\u201d \u2013 mondta egy m\u00e1sik k\u00f6z\u00e9piskolai pedag\u00f3gus, aki szint\u00e9n nem mag\u00e1t f\u00e9ltette, hanem a di\u00e1kokat. Mint mondta, nagy \u00f3vatoss\u00e1gra, k\u00f6r\u00fcltekint\u00e9sre van sz\u00fcks\u00e9g, hogy az \u00e9retts\u00e9git biztons\u00e1ggal meg lehessen tartani.&nbsp;<\/p>\n<p><em><strong>Mi lesz a ballag\u00e1ssal?<\/strong><\/em><\/p>\n<p>Nem lesz gimn\u00e1ziumi ballag\u00e1s a G\u00e1rdonyi iskol\u00e1ban. A tervek szerint akkor rendeznek majd b\u00facs\u00faztat\u00f3t, amikor a di\u00e1kok \u00e1tveszik az \u00e9retts\u00e9gi bizony\u00edtv\u00e1nyt, \u00e9s ezt sz\u0171kebb keretek k\u00f6zt tartj\u00e1k majd. A V\u00f6r\u00f6smarty gimn\u00e1ziumban online ballag\u00e1st terveznek, \u00e9s az \u00e9retts\u00e9gi id\u0151szak\u00e1ban szeretn\u00e9nek majd olyan alkalmat tal\u00e1lni, amikor a v\u00e9gz\u0151s\u00f6k k\u00f6rbej\u00e1rhatj\u00e1k az iskol\u00e1t, r\u00e9szt vehetnek az utols\u00f3 oszt\u00e1lyf\u0151n\u00f6ki \u00f3r\u00e1n, \u00e9s \u00e1tvehetik az int\u00e9zm\u00e9ny d\u00edjait. A K\u00f3s iskol\u00e1ban att\u00f3l teszik f\u00fcgg\u0151v\u00e9 a ballag\u00e1st, hogy az ITM r\u00e9szletes v\u00e9grehajt\u00e1si utas\u00edt\u00e1sa mit tartalmaz majd. Ha enged\u00e9lyezik, akkor is v\u00e1rhat\u00f3an z\u00e1rt form\u00e1ban tartj\u00e1k a b\u00facs\u00fat.<\/p>","protected":false},"excerpt":{"rendered":"<p>A jelenleg hat\u00e1lyos d\u00f6nt\u00e9s \u00e9rtelm\u00e9ben \u00e1prilis 19-\u00e9t\u0151l ism\u00e9t jelenl\u00e9ti oktat\u00e1s lesz az \u00e1ltal\u00e1nos \u00e9s k\u00f6z\u00e9piskol\u00e1kban, \u00e9s az \u00f3vod\u00e1kba is visszat\u00e9rhetnek a gyerekek. A pedag\u00f3gusok a napokban megkapt\u00e1k, illetve megkapj\u00e1k a v\u00e9d\u0151olt\u00e1st. Megk\u00e9rdezt\u00fck, mit gondolnak az \u00fajranyit\u00e1sr\u00f3l.<\/p>","protected":false},"author":5,"featured_media":0,"comment_status":"","ping_status":"","sticky":false,"template":"","format":"standard","meta":{"_acf_changed":false,"_seopress_robots_primary_cat":"","_seopress_titles_title":"","_seopress_titles_desc":"","_seopress_robots_index":"","site-sidebar-layout":"default","site-content-layout":"","ast-site-content-layout":"default","site-content-style":"default","site-sidebar-style":"default","ast-global-header-display":"","ast-banner-title-visibility":"","ast-main-header-display":"","ast-hfb-above-header-display":"","ast-hfb-below-header-display":"","ast-hfb-mobile-header-display":"","site-post-title":"","ast-breadcrumbs-content":"","ast-featured-img":"","footer-sml-layout":"","ast-disable-related-posts":"","theme-transparent-header-meta":"","adv-header-id-meta":"","stick-header-meta":"","header-above-stick-meta":"","header-main-stick-meta":"","header-below-stick-meta":"","astra-migrate-meta-layouts":"default","ast-page-background-enabled":"default","ast-page-background-meta":{"desktop":{"background-color":"","background-image":"","background-repeat":"repeat","background-position":"center center","background-size":"auto","background-attachment":"scroll","background-type":"","background-media":"","overlay-type":"","overlay-color":"","overlay-opacity":"","overlay-gradient":""},"tablet":{"background-color":"","background-image":"","background-repeat":"repeat","background-position":"center center","background-size":"auto","background-attachment":"scroll","background-type":"","background-media":"","overlay-type":"","overlay-color":"","overlay-opacity":"","overlay-gradient":""},"mobile":{"background-color":"","background-image":"","background-repeat":"repeat","background-position":"center center","background-size":"auto","background-attachment":"scroll","background-type":"","background-media":"","overlay-type":"","overlay-color":"","overlay-opacity":"","overlay-gradient":""}},"ast-content-background-meta":{"desktop":{"background-color":"var(--ast-global-color-5)","background-image":"","background-repeat":"repeat","background-position":"center center","background-size":"auto","background-attachment":"scroll","background-type":"","background-media":"","overlay-type":"","overlay-color":"","overlay-opacity":"","overlay-gradient":""},"tablet":{"background-color":"var(--ast-global-color-5)","background-image":"","background-repeat":"repeat","background-position":"center center","background-size":"auto","background-attachment":"scroll","background-type":"","background-media":"","overlay-type":"","overlay-color":"","overlay-opacity":"","overlay-gradient":""},"mobile":{"background-color":"var(--ast-global-color-5)","background-image":"","background-repeat":"repeat","background-position":"center center","background-size":"auto","background-attachment":"scroll","background-type":"","background-media":"","overlay-type":"","overlay-color":"","overlay-opacity":"","overlay-gradient":""}},"footnotes":""},"categories":[1],"cikk_cimkek":[104,15],"content_flags":[349,348],"content_icons":[],"class_list":["post-13643","post","type-post","status-publish","format-standard","hentry","category-erdmost","cikk_cimkek-koronavirus","cikk_cimkek-kozelet","content_flags-fontos","content_flags-top"],"acf":[],"_links":{"self":[{"href":"https:\/\/erdmost.hu\/en\/wp-json\/wp\/v2\/posts\/13643","targetHints":{"allow":["GET"]}}],"collection":[{"href":"https:\/\/erdmost.hu\/en\/wp-json\/wp\/v2\/posts"}],"about":[{"href":"https:\/\/erdmost.hu\/en\/wp-json\/wp\/v2\/types\/post"}],"author":[{"embeddable":true,"href":"https:\/\/erdmost.hu\/en\/wp-json\/wp\/v2\/users\/5"}],"replies":[{"embeddable":true,"href":"https:\/\/erdmost.hu\/en\/wp-json\/wp\/v2\/comments?post=13643"}],"version-history":[{"count":0,"href":"https:\/\/erdmost.hu\/en\/wp-json\/wp\/v2\/posts\/13643\/revisions"}],"wp:attachment":[{"href":"https:\/\/erdmost.hu\/en\/wp-json\/wp\/v2\/media?parent=13643"}],"wp:term":[{"taxonomy":"category","embeddable":true,"href":"https:\/\/erdmost.hu\/en\/wp-json\/wp\/v2\/categories?post=13643"},{"taxonomy":"cikk_cimkek","embeddable":true,"href":"https:\/\/erdmost.hu\/en\/wp-json\/wp\/v2\/cikk_cimkek?post=13643"},{"taxonomy":"content_flags","embeddable":true,"href":"https:\/\/erdmost.hu\/en\/wp-json\/wp\/v2\/content_flags?post=13643"},{"taxonomy":"content_icons","embeddable":true,"href":"https:\/\/erdmost.hu\/en\/wp-json\/wp\/v2\/content_icons?post=13643"}],"curies":[{"name":"wp","href":"https:\/\/api.w.org\/{rel}","templated":true}]}}