{"id":134544,"date":"2026-03-03T10:20:43","date_gmt":"2026-03-03T09:20:43","guid":{"rendered":"https:\/\/erdmost.hu\/?p=134544"},"modified":"2026-03-03T10:20:43","modified_gmt":"2026-03-03T09:20:43","slug":"bantalmazasellenes-program-indult-az-erdi-ovikban","status":"publish","type":"post","link":"https:\/\/erdmost.hu\/en\/2026\/03\/03\/bantalmazasellenes-program-indult-az-erdi-ovikban\/","title":{"rendered":"B\u00e1ntalmaz\u00e1sellenes program indult az \u00e9rdi ovikban"},"content":{"rendered":"<p>P\u00e9nteken v\u00e9get \u00e9rt az \u00d3vodai Szakmai Napok rendezv\u00e9nysorozata. Ez egy orsz\u00e1gszerte egyed\u00fcl\u00e1ll\u00f3 kezdem\u00e9nyez\u00e9s: a v\u00e1ros \u00f3vod\u00e1i szervezik maguknak \u00e9s egym\u00e1snak, illetve megh\u00edvott vend\u00e9geiknek. A t\u00f6bb \u00e9vtizedes m\u00faltra visszatekint\u0151 program k\u00e9t hete alatt huszonegy el\u0151ad\u00e1son, m\u0171helymunk\u00e1n, bemutat\u00f3n vagy workshopon vehettek r\u00e9sz az \u00f3vodai szakemberek.<\/p>\n<p>Ezek nemcsak a m\u00f3dszertani kult\u00fara fejleszt\u00e9s\u00e9t, kreat\u00edv tev\u00e9kenys\u00e9gekben val\u00f3 elm\u00e9ly\u00fcl\u00e9st vagy \u00faj technik\u00e1k k\u00f6zvetlen megtapasztal\u00e1s\u00e1t jelentett\u00e9k, hanem a mindennapokat is sz\u00ednes\u00edtett\u00e9k, lehet\u0151s\u00e9get adtak szakmai besz\u00e9lget\u00e9sekre, kapcsolat\u00e9p\u00edt\u00e9sre, a j\u00f3 gyakorlatok \u00e1tad\u00e1s\u00e1ra.<\/p>\n<p><img fetchpriority=\"high\" decoding=\"async\" class=\"aligncenter size-full wp-image-134378\" src=\"https:\/\/erdmost.hu\/wp-content\/uploads\/2026\/02\/DSC9305-scaled.jpg\" alt=\"\" width=\"1920\" height=\"1280\" srcset=\"https:\/\/erdmost.hu\/wp-content\/uploads\/2026\/02\/DSC9305-scaled.jpg 1920w, https:\/\/erdmost.hu\/wp-content\/uploads\/2026\/02\/DSC9305-300x200.jpg 300w, https:\/\/erdmost.hu\/wp-content\/uploads\/2026\/02\/DSC9305-768x512.jpg 768w, https:\/\/erdmost.hu\/wp-content\/uploads\/2026\/02\/DSC9305-18x12.jpg 18w, https:\/\/erdmost.hu\/wp-content\/uploads\/2026\/02\/DSC9305-840x560.jpg 840w, https:\/\/erdmost.hu\/wp-content\/uploads\/2026\/02\/DSC9305-1100x733.jpg 1100w\" sizes=\"(max-width: 1920px) 100vw, 1920px\" \/><\/p>\n<p>\u201eMikor a tag\u00f3vodavezet\u0151kkel megbesz\u00e9lj\u00fck a programokat, igyeksz\u00fcnk min\u00e9l sz\u00e9lesebb palett\u00e1t k\u00edn\u00e1lni. Ezek az el\u0151ad\u00e1sok nagyon hat\u00e1sosak a ki\u00e9g\u00e9s ellen is\u201d \u2013 mondta az \u00c9rdMostnak Leh\u00f3czki Anna, a Kincses \u00d3voda int\u00e9zm\u00e9nyvezet\u0151je, hozz\u00e1t\u00e9ve: az \u00f3v\u00f3n\u0151k eg\u00e9sz nap gyerekek k\u00f6z\u00f6tt vannak, a szakmai napokon azonban feln\u0151tt koll\u00e9g\u00e1ikkal, illetve a megh\u00edvott el\u0151ad\u00f3kkal \u00e9p\u00edthetnek ki kapcsolatokat.<\/p>\n<p>Vincze Be\u00e1ta, a Sziv\u00e1rv\u00e1ny \u00d3voda int\u00e9zm\u00e9nyvezet\u0151je pedig azt emelte ki, hogy a koll\u00e9g\u00e1k r\u00e9sz\u00e9r\u0151l nagyon nagy volt az \u00e9rdekl\u0151d\u00e9s, \u00e9s mindegyik rendezv\u00e9nyen sokan voltak \u2013 ami az\u00e9rt is nagyon j\u00f3, mert a jelenl\u00e9v\u0151k h\u00edr\u00e9t tudj\u00e1k vinni egy-egy el\u0151ad\u00e1snak, j\u00f3 gyakorlatnak a saj\u00e1t int\u00e9zm\u00e9ny\u00fckben. \u201eAz idei \u00e9v m\u00e9g a tavalyit is fel\u00fclm\u00falta, annyira sz\u00ednes volt a k\u00e9t h\u00e9t reperto\u00e1rja\u201d \u2013 f\u0171zte hozz\u00e1 az \u00f3vodavezet\u0151.<\/p>\n<p><img decoding=\"async\" class=\"aligncenter size-full wp-image-134545\" src=\"https:\/\/erdmost.hu\/wp-content\/uploads\/2026\/02\/DSC9504-scaled.jpg\" alt=\"\" width=\"2560\" height=\"1707\" srcset=\"https:\/\/erdmost.hu\/wp-content\/uploads\/2026\/02\/DSC9504-scaled.jpg 1920w, https:\/\/erdmost.hu\/wp-content\/uploads\/2026\/02\/DSC9504-300x200.jpg 300w, https:\/\/erdmost.hu\/wp-content\/uploads\/2026\/02\/DSC9504-768x512.jpg 768w, https:\/\/erdmost.hu\/wp-content\/uploads\/2026\/02\/DSC9504-18x12.jpg 18w, https:\/\/erdmost.hu\/wp-content\/uploads\/2026\/02\/DSC9504-840x560.jpg 840w, https:\/\/erdmost.hu\/wp-content\/uploads\/2026\/02\/DSC9504-1100x733.jpg 1100w\" sizes=\"(max-width: 2560px) 100vw, 2560px\" \/><\/p>\n<p>Hagyom\u00e1ny, hogy a szakmai napok reperto\u00e1rj\u00e1ba az \u00f3v\u00f3n\u0151k ment\u00e1lis j\u00f3ll\u00e9t\u00e9t c\u00e9lz\u00f3 foglalkoz\u00e1sokat, el\u0151ad\u00e1sokat is beillesztenek. Id\u00e9n dr. Zacher G\u00e1bor toxikol\u00f3gus tartott egy rendk\u00edv\u00fcl \u00e9lvezetes \u00e9s gondolat\u00e9breszt\u0151 el\u0151ad\u00e1st mindennapi f\u00fcgg\u0151s\u00e9geinkr\u0151l \u00e9s m\u00e9rgeinkr\u0151l.<\/p>\n<p>Nemcsak a \u201eklasszikusokr\u00f3l\u201d \u2013 doh\u00e1nyz\u00e1s, alkohol, drog \u2013 besz\u00e9lt, hanem az \u00fajkelet\u0171 f\u00fcgg\u0151s\u00e9gekr\u0151l \u2013 szerencsej\u00e1t\u00e9k, k\u00f6z\u00f6ss\u00e9gi oldalak, k\u00e9perny\u0151 \u2013 is sok \u00fajdons\u00e1ggal szolg\u00e1lt, hol humoros t\u00f6rt\u00e9netekkel, hol megd\u00f6bbent\u0151 adatokkal f\u0171szerezve, de mindig emp\u00e1ti\u00e1val \u00e9s bele\u00e9rz\u00e9ssel. Hangs\u00falyozta a sz\u00fcl\u0151i minta fontoss\u00e1g\u00e1t, \u00e9s sokat besz\u00e9lt a gyerekek (f\u0151leg a serd\u00fcl\u0151k) szorong\u00e1s\u00e1r\u00f3l is.<\/p>\n<p><img decoding=\"async\" class=\"aligncenter size-full wp-image-134546\" src=\"https:\/\/erdmost.hu\/wp-content\/uploads\/2026\/02\/DSC9411-scaled.jpg\" alt=\"\" width=\"1920\" height=\"1280\" srcset=\"https:\/\/erdmost.hu\/wp-content\/uploads\/2026\/02\/DSC9411-scaled.jpg 1920w, https:\/\/erdmost.hu\/wp-content\/uploads\/2026\/02\/DSC9411-300x200.jpg 300w, https:\/\/erdmost.hu\/wp-content\/uploads\/2026\/02\/DSC9411-768x512.jpg 768w, https:\/\/erdmost.hu\/wp-content\/uploads\/2026\/02\/DSC9411-18x12.jpg 18w, https:\/\/erdmost.hu\/wp-content\/uploads\/2026\/02\/DSC9411-840x560.jpg 840w, https:\/\/erdmost.hu\/wp-content\/uploads\/2026\/02\/DSC9411-1100x733.jpg 1100w\" sizes=\"(max-width: 1920px) 100vw, 1920px\" \/><\/p>\n<p>Az \u00f6sszes rendezv\u00e9nyt lehetetlen lenne felsorolni, azt azonban \u00e9rdemes elmondani, hogy a Sziv\u00e1rv\u00e1ny csapata igen \u00e9rdekes k\u00f6rnyezet- \u00e9s term\u00e9szetv\u00e9delmi foglalkoz\u00e1sokkal k\u00e9sz\u00fclt (ezekr\u0151l mi is tud\u00f3s\u00edtottunk, <a href=\"https:\/\/erdmost.hu\/en\/2026\/02\/23\/kutyakarmester-vezenyelt-az-ovisoknak\/\" target=\"_blank\" rel=\"noopener\">itt<\/a> \u00e9s <a href=\"https:\/\/erdmost.hu\/en\/2026\/02\/25\/erdi-ovi-fogadhat-orokbe-egy-csimpanzbebit\/\" target=\"_blank\" rel=\"noopener\">itt<\/a>), a Kincses \u00f3vod\u00e1ban pedig bepillant\u00e1st nyerhett\u00fcnk egy olyan programba, ami a b\u00e1ntalmaz\u00e1sok megel\u0151z\u00e9s\u00e9t c\u00e9lozza.<\/p>\n<p><img loading=\"lazy\" decoding=\"async\" class=\"aligncenter size-full wp-image-134261\" src=\"https:\/\/erdmost.hu\/wp-content\/uploads\/2026\/02\/DSC9161-scaled.jpg\" alt=\"\" width=\"1920\" height=\"1280\" srcset=\"https:\/\/erdmost.hu\/wp-content\/uploads\/2026\/02\/DSC9161-scaled.jpg 1920w, https:\/\/erdmost.hu\/wp-content\/uploads\/2026\/02\/DSC9161-300x200.jpg 300w, https:\/\/erdmost.hu\/wp-content\/uploads\/2026\/02\/DSC9161-768x512.jpg 768w, https:\/\/erdmost.hu\/wp-content\/uploads\/2026\/02\/DSC9161-18x12.jpg 18w, https:\/\/erdmost.hu\/wp-content\/uploads\/2026\/02\/DSC9161-840x560.jpg 840w, https:\/\/erdmost.hu\/wp-content\/uploads\/2026\/02\/DSC9161-1100x733.jpg 1100w\" sizes=\"(max-width: 1920px) 100vw, 1920px\" \/><\/p>\n<p>Ez a NyugiOvi program, ami a bullying felismer\u00e9s\u00e9hez \u00e9s megel\u0151z\u00e9s\u00e9hez ad seg\u00edts\u00e9get. Mint dr. J\u00e1rmi \u00c9va pedag\u00f3giai szakpszichol\u00f3gus, bullying szak\u00e9rt\u0151 az \u00c9rdMostnak elmondta, a projekt l\u00e9nyege, hogy <strong>min\u00e9l hamarabb megalapozz\u00e1k az elfogad\u00f3, v\u00e9delmez\u0151 \u00e9s er\u0151szakellenes attit\u0171d\u00f6t a gyerekekn\u00e9l<\/strong>, mert \u00edgy k\u00e9pesek lesznek k\u00e9s\u0151bb is egy j\u00f3l m\u0171k\u00f6d\u0151, soksz\u00edn\u0171 \u00e9s \u00f6sszetart\u00f3 k\u00f6z\u00f6ss\u00e9g tagjaiv\u00e1 v\u00e1lni.<\/p>\n<p><img loading=\"lazy\" decoding=\"async\" class=\"aligncenter size-full wp-image-134541\" src=\"https:\/\/erdmost.hu\/wp-content\/uploads\/2026\/02\/IMG_6741-scaled.jpg\" alt=\"\" width=\"1920\" height=\"1280\" srcset=\"https:\/\/erdmost.hu\/wp-content\/uploads\/2026\/02\/IMG_6741-scaled.jpg 1920w, https:\/\/erdmost.hu\/wp-content\/uploads\/2026\/02\/IMG_6741-300x200.jpg 300w, https:\/\/erdmost.hu\/wp-content\/uploads\/2026\/02\/IMG_6741-768x512.jpg 768w, https:\/\/erdmost.hu\/wp-content\/uploads\/2026\/02\/IMG_6741-18x12.jpg 18w, https:\/\/erdmost.hu\/wp-content\/uploads\/2026\/02\/IMG_6741-840x560.jpg 840w, https:\/\/erdmost.hu\/wp-content\/uploads\/2026\/02\/IMG_6741-1100x733.jpg 1100w\" sizes=\"(max-width: 1920px) 100vw, 1920px\" \/><\/p>\n<p>Hogy ezt hogyan lehet el\u00e9rni? J\u00e1t\u00e9kokon \u00e9s mes\u00e9ken kereszt\u00fcl. Erre \u00e9p\u00fclnek azt\u00e1n a szakmai gyakorlati \u00e9s elm\u00e9leti \u00fatmutat\u00f3k, amelyekkel az \u00f3vodai szakemberek sikerre tudj\u00e1k vinni ezt az igen fontos programot. S\u0151t, a tan\u00edt\u00f3k is, ugyanis a visszajelz\u00e9sek szerint a sulik els\u0151 \u00e9s m\u00e1sodik oszt\u00e1ly\u00e1ban is sikerrel alkalmazz\u00e1k.<\/p>\n<p><img loading=\"lazy\" decoding=\"async\" class=\"aligncenter size-full wp-image-134539\" src=\"https:\/\/erdmost.hu\/wp-content\/uploads\/2026\/02\/IMG_6707-scaled.jpg\" alt=\"\" width=\"1920\" height=\"1280\" srcset=\"https:\/\/erdmost.hu\/wp-content\/uploads\/2026\/02\/IMG_6707-scaled.jpg 1920w, https:\/\/erdmost.hu\/wp-content\/uploads\/2026\/02\/IMG_6707-300x200.jpg 300w, https:\/\/erdmost.hu\/wp-content\/uploads\/2026\/02\/IMG_6707-768x512.jpg 768w, https:\/\/erdmost.hu\/wp-content\/uploads\/2026\/02\/IMG_6707-18x12.jpg 18w, https:\/\/erdmost.hu\/wp-content\/uploads\/2026\/02\/IMG_6707-840x560.jpg 840w, https:\/\/erdmost.hu\/wp-content\/uploads\/2026\/02\/IMG_6707-1100x733.jpg 1100w\" sizes=\"(max-width: 1920px) 100vw, 1920px\" \/><\/p>\n<p>K\u00e9p\u00fcnk\u00f6n Szepi, a kedves \u0171rl\u00e9ny l\u00e1that\u00f3, neki seg\u00edtenek beilleszkedni a gyerekek, gondoskodnak r\u00f3la, hogy az \u00e9rz\u00e9keny kis \u0171rl\u00e9ny j\u00f3l \u00e9rezze mag\u00e1t, \u00e9s k\u00f6zben a gyerekek \u00e9szrev\u00e9tlen\u00fcl tanulj\u00e1k meg \u00e9s azonosulnak az \u00f6t fontos szab\u00e1llyal: mindenkit befogadunk; elmondjuk, amit \u00e9rz\u00fcnk; nem b\u00e1ntjuk egym\u00e1st; megv\u00e9dj\u00fck azt, akit b\u00e1ntanak; sz\u00f3lunk, ha valakit b\u00e1ntanak.<\/p>\n<p><img loading=\"lazy\" decoding=\"async\" class=\"aligncenter size-full wp-image-134540\" src=\"https:\/\/erdmost.hu\/wp-content\/uploads\/2026\/02\/IMG_6723-scaled.jpg\" alt=\"\" width=\"1920\" height=\"1280\" srcset=\"https:\/\/erdmost.hu\/wp-content\/uploads\/2026\/02\/IMG_6723-scaled.jpg 1920w, https:\/\/erdmost.hu\/wp-content\/uploads\/2026\/02\/IMG_6723-300x200.jpg 300w, https:\/\/erdmost.hu\/wp-content\/uploads\/2026\/02\/IMG_6723-768x512.jpg 768w, https:\/\/erdmost.hu\/wp-content\/uploads\/2026\/02\/IMG_6723-18x12.jpg 18w, https:\/\/erdmost.hu\/wp-content\/uploads\/2026\/02\/IMG_6723-840x560.jpg 840w, https:\/\/erdmost.hu\/wp-content\/uploads\/2026\/02\/IMG_6723-1100x733.jpg 1100w\" sizes=\"(max-width: 1920px) 100vw, 1920px\" \/><\/p>\n<p>\u201eA gyerekek megtanulj\u00e1k, hogy ahelyett, hogy oda\u00fct\u00fcnk, s\u00edrunk vagy kiab\u00e1lunk, mondjuk el, ami b\u00e1nt. Tiszt\u00e1ba ker\u00fclnek azzal is, hogy mit \u00e9rt\u00fcnk b\u00e1nt\u00e1s alatt \u2013 ez egy nagyon fontos tud\u00e1s, hiszen nemcsak a fizikai s\u00e9r\u00fcl\u00e9sek, hanem a cs\u00fafol\u00f3d\u00e1s, a fenyeget\u00e9s, kik\u00f6z\u00f6s\u00edt\u00e9s, a m\u00e1sik dolgainak t\u00f6nkret\u00e9tele is ide tartozik.<\/p>\n<p>Fontos elem a m\u00e1sok v\u00e9delme: nem az az er\u0151s, aki b\u00e1ntja a gyeng\u00e9bbet, hanem aki seg\u00edti a t\u00e1rs\u00e1t. Meg kell tanulniuk azt is, hogy nem sz\u00e1m\u00edt \u00e1rulkod\u00e1snak, ha sz\u00f3lunk, amikor valakit b\u00e1ntanak. \u00c9s v\u00e9g\u00fcl azt a tud\u00e1st is elsaj\u00e1t\u00edtj\u00e1k a gyerekek, hogy mik\u00e9nt lehet j\u00f3v\u00e1tenni azt, ha valakit megb\u00e1ntottunk\u201d \u2013 mondta a szakember, aki egy eg\u00e9sz napos felk\u00e9sz\u00edt\u0151 tr\u00e9ninggel \u00e9rkezett a B\u00e9ke t\u00e9ri \u00f3vod\u00e1ba.<\/p>\n<p><img loading=\"lazy\" decoding=\"async\" class=\"aligncenter size-full wp-image-134542\" src=\"https:\/\/erdmost.hu\/wp-content\/uploads\/2026\/02\/IMG_6746-scaled.jpg\" alt=\"\" width=\"1920\" height=\"1280\" srcset=\"https:\/\/erdmost.hu\/wp-content\/uploads\/2026\/02\/IMG_6746-scaled.jpg 1920w, https:\/\/erdmost.hu\/wp-content\/uploads\/2026\/02\/IMG_6746-300x200.jpg 300w, https:\/\/erdmost.hu\/wp-content\/uploads\/2026\/02\/IMG_6746-768x512.jpg 768w, https:\/\/erdmost.hu\/wp-content\/uploads\/2026\/02\/IMG_6746-18x12.jpg 18w, https:\/\/erdmost.hu\/wp-content\/uploads\/2026\/02\/IMG_6746-840x560.jpg 840w, https:\/\/erdmost.hu\/wp-content\/uploads\/2026\/02\/IMG_6746-1100x733.jpg 1100w\" sizes=\"(max-width: 1920px) 100vw, 1920px\" \/><\/p>\n<p>\u201eA feln\u0151tteket v\u00e9gigviszem ezen a folyamaton, hogy \u0151k is \u00e9rts\u00e9k: a k\u00f6z\u00f6ss\u00e9gfejleszt\u00e9s, a t\u00e1rsas \u00e9rzelmi k\u00e9szs\u00e9gek fejleszt\u00e9se mennyire fontos a b\u00e1ntalmaz\u00e1sok megel\u0151z\u00e9s\u00e9ben. Feln\u0151ttk\u00e9nt tudni kell, hol van a hat\u00e1r b\u00e1nt\u00e1s \u00e9s nem b\u00e1nt\u00e1s k\u00f6z\u00f6tt, mikor \u00e9s hogy kell\u00a0 beavatkozni.<\/p>\n<p>Az a c\u00e9l, hogy a nevel\u0151test\u00fclet egys\u00e9gesen gondolkozzon err\u0151l, hiszen a gyerekek akkor veszik komolyan ezeket a szab\u00e1lyokat, ha a feln\u0151ttek is k\u00f6vetkezetesen kezelik a helyzeteket\u201d \u2013 mondta J\u00e1rmi \u00c9va.<\/p>\n<p><img loading=\"lazy\" decoding=\"async\" class=\"aligncenter size-full wp-image-134541\" src=\"https:\/\/erdmost.hu\/wp-content\/uploads\/2026\/02\/IMG_6741-scaled.jpg\" alt=\"\" width=\"1920\" height=\"1280\" srcset=\"https:\/\/erdmost.hu\/wp-content\/uploads\/2026\/02\/IMG_6741-scaled.jpg 1920w, https:\/\/erdmost.hu\/wp-content\/uploads\/2026\/02\/IMG_6741-300x200.jpg 300w, https:\/\/erdmost.hu\/wp-content\/uploads\/2026\/02\/IMG_6741-768x512.jpg 768w, https:\/\/erdmost.hu\/wp-content\/uploads\/2026\/02\/IMG_6741-18x12.jpg 18w, https:\/\/erdmost.hu\/wp-content\/uploads\/2026\/02\/IMG_6741-840x560.jpg 840w, https:\/\/erdmost.hu\/wp-content\/uploads\/2026\/02\/IMG_6741-1100x733.jpg 1100w\" sizes=\"(max-width: 1920px) 100vw, 1920px\" \/><\/p>\n<p>Erre nagy sz\u00fcks\u00e9g van, ugyanis a b\u00e1ntalmaz\u00e1sok megel\u0151z\u00e9se t\u00e1n m\u00e9g sosem volt ennyire id\u0151szer\u0171 \u2013 a szakember szerint az elm\u00falt \u00e9vekben e tekintetben romlott a helyzet. Az \u00f3v\u00f3n\u0151k is \u00edgy l\u00e1tj\u00e1k. Nem v\u00e9letlen, hogy a Kincseshez tartoz\u00f3\u00a0 Kutyav\u00e1ri \u00e9s T\u00fcnd\u00e9rkert \u00f3vod\u00e1kban m\u00e1r bevezett\u00e9k ezt a programot, pozit\u00edv visszajelz\u00e9ssel.<\/p>\n<p>Most a Kincses \u00f3vod\u00e1ban dolgoz\u00f3 \u00f3vodapedag\u00f3gusok vettek r\u00e9szt a k\u00e9pz\u00e9sben, de az a c\u00e9l, hogy mind a h\u00e9t tagint\u00e9zm\u00e9ny alkalmazza.<\/p>","protected":false},"excerpt":{"rendered":"<p>K\u00e9t \u00e9rdi \u00f3vod\u00e1ban m\u00e1r sikerrel alkalmazz\u00e1k a NyugiOvi programot, hamarosan egy \u00fajabb int\u00e9zm\u00e9nyben is el\u00e9rhet\u0151 lesz. <\/p>","protected":false},"author":5,"featured_media":134548,"comment_status":"closed","ping_status":"closed","sticky":false,"template":"","format":"standard","meta":{"_acf_changed":false,"_seopress_robots_primary_cat":"none","_seopress_titles_title":"","_seopress_titles_desc":"","_seopress_robots_index":"","site-sidebar-layout":"default","site-content-layout":"","ast-site-content-layout":"default","site-content-style":"default","site-sidebar-style":"default","ast-global-header-display":"","ast-banner-title-visibility":"","ast-main-header-display":"","ast-hfb-above-header-display":"","ast-hfb-below-header-display":"","ast-hfb-mobile-header-display":"","site-post-title":"","ast-breadcrumbs-content":"","ast-featured-img":"","footer-sml-layout":"","ast-disable-related-posts":"","theme-transparent-header-meta":"default","adv-header-id-meta":"","stick-header-meta":"","header-above-stick-meta":"","header-main-stick-meta":"","header-below-stick-meta":"","astra-migrate-meta-layouts":"set","ast-page-background-enabled":"default","ast-page-background-meta":{"desktop":{"background-color":"","background-image":"","background-repeat":"repeat","background-position":"center center","background-size":"auto","background-attachment":"scroll","background-type":"","background-media":"","overlay-type":"","overlay-color":"","overlay-opacity":"","overlay-gradient":""},"tablet":{"background-color":"","background-image":"","background-repeat":"repeat","background-position":"center center","background-size":"auto","background-attachment":"scroll","background-type":"","background-media":"","overlay-type":"","overlay-color":"","overlay-opacity":"","overlay-gradient":""},"mobile":{"background-color":"","background-image":"","background-repeat":"repeat","background-position":"center center","background-size":"auto","background-attachment":"scroll","background-type":"","background-media":"","overlay-type":"","overlay-color":"","overlay-opacity":"","overlay-gradient":""}},"ast-content-background-meta":{"desktop":{"background-color":"var(--ast-global-color-5)","background-image":"","background-repeat":"repeat","background-position":"center center","background-size":"auto","background-attachment":"scroll","background-type":"","background-media":"","overlay-type":"","overlay-color":"","overlay-opacity":"","overlay-gradient":""},"tablet":{"background-color":"var(--ast-global-color-5)","background-image":"","background-repeat":"repeat","background-position":"center center","background-size":"auto","background-attachment":"scroll","background-type":"","background-media":"","overlay-type":"","overlay-color":"","overlay-opacity":"","overlay-gradient":""},"mobile":{"background-color":"var(--ast-global-color-5)","background-image":"","background-repeat":"repeat","background-position":"center center","background-size":"auto","background-attachment":"scroll","background-type":"","background-media":"","overlay-type":"","overlay-color":"","overlay-opacity":"","overlay-gradient":""}},"footnotes":""},"categories":[1,463,461,462,464,1608,460],"cikk_cimkek":[1699,3336,6353,6352,2451,6349],"content_flags":[],"content_icons":[],"class_list":["post-134544","post","type-post","status-publish","format-standard","has-post-thumbnail","hentry","category-erdmost","category-fontos","category-jobbfent","category-kiemelt","category-kozerdeku","category-mindennapok","category-top","cikk_cimkek-bantalmazas","cikk_cimkek-bullying","cikk_cimkek-dr-jarmi-eva","cikk_cimkek-nyugiovi","cikk_cimkek-ovodai-szakmai-napok","cikk_cimkek-zacher-gabor"],"acf":[],"_links":{"self":[{"href":"https:\/\/erdmost.hu\/en\/wp-json\/wp\/v2\/posts\/134544","targetHints":{"allow":["GET"]}}],"collection":[{"href":"https:\/\/erdmost.hu\/en\/wp-json\/wp\/v2\/posts"}],"about":[{"href":"https:\/\/erdmost.hu\/en\/wp-json\/wp\/v2\/types\/post"}],"author":[{"embeddable":true,"href":"https:\/\/erdmost.hu\/en\/wp-json\/wp\/v2\/users\/5"}],"replies":[{"embeddable":true,"href":"https:\/\/erdmost.hu\/en\/wp-json\/wp\/v2\/comments?post=134544"}],"version-history":[{"count":4,"href":"https:\/\/erdmost.hu\/en\/wp-json\/wp\/v2\/posts\/134544\/revisions"}],"predecessor-version":[{"id":134640,"href":"https:\/\/erdmost.hu\/en\/wp-json\/wp\/v2\/posts\/134544\/revisions\/134640"}],"wp:featuredmedia":[{"embeddable":true,"href":"https:\/\/erdmost.hu\/en\/wp-json\/wp\/v2\/media\/134548"}],"wp:attachment":[{"href":"https:\/\/erdmost.hu\/en\/wp-json\/wp\/v2\/media?parent=134544"}],"wp:term":[{"taxonomy":"category","embeddable":true,"href":"https:\/\/erdmost.hu\/en\/wp-json\/wp\/v2\/categories?post=134544"},{"taxonomy":"cikk_cimkek","embeddable":true,"href":"https:\/\/erdmost.hu\/en\/wp-json\/wp\/v2\/cikk_cimkek?post=134544"},{"taxonomy":"content_flags","embeddable":true,"href":"https:\/\/erdmost.hu\/en\/wp-json\/wp\/v2\/content_flags?post=134544"},{"taxonomy":"content_icons","embeddable":true,"href":"https:\/\/erdmost.hu\/en\/wp-json\/wp\/v2\/content_icons?post=134544"}],"curies":[{"name":"wp","href":"https:\/\/api.w.org\/{rel}","templated":true}]}}