{"id":131533,"date":"2025-12-16T15:20:54","date_gmt":"2025-12-16T14:20:54","guid":{"rendered":"https:\/\/erdmost.hu\/?p=131533"},"modified":"2025-12-17T07:16:14","modified_gmt":"2025-12-17T06:16:14","slug":"vmg-s-tanulo-lett-a-diakpolgarmester","status":"publish","type":"post","link":"https:\/\/erdmost.hu\/en\/2025\/12\/16\/vmg-s-tanulo-lett-a-diakpolgarmester\/","title":{"rendered":"VMG-s tanul\u00f3 lett a di\u00e1kpolg\u00e1rmester"},"content":{"rendered":"<p>2015-ben tartottak \u00c9rden el\u0151sz\u00f6r ifj\u00fas\u00e1gi \u00f6nkorm\u00e1nyzati v\u00e1laszt\u00e1sokat, azzal a c\u00e9llal hogy \u2013 mint az IF\u00d6 alapokm\u00e1ny\u00e1ban \u00edrj\u00e1k \u2013 \u00c9rd di\u00e1kt\u00e1rsadalma a v\u00e1lasztott k\u00e9pvisel\u0151k r\u00e9v\u00e9n a v\u00e1ros k\u00f6z\u00fcgyeinek tev\u00e9keny szerepl\u0151j\u00e9v\u00e9 v\u00e1lhasson, szerepet kaphasson a di\u00e1ks\u00e1got \u00e9rint\u0151 d\u00f6nt\u00e9sek el\u0151k\u00e9sz\u00edt\u00e9s\u00e9ben, valamint felhatalmaz\u00e1st nyerjen az \u00e9rdi di\u00e1ks\u00e1g t\u00f6bbs\u00e9ge \u00e1ltal t\u00e1mogatott program megval\u00f3s\u00edt\u00e1s\u00e1hoz.<\/p>\n<p><img fetchpriority=\"high\" decoding=\"async\" class=\"aligncenter size-full wp-image-131541\" src=\"https:\/\/erdmost.hu\/wp-content\/uploads\/2025\/12\/NB_00013-1-scaled.jpg\" alt=\"\" width=\"1920\" height=\"1280\" srcset=\"https:\/\/erdmost.hu\/wp-content\/uploads\/2025\/12\/NB_00013-1-scaled.jpg 1920w, https:\/\/erdmost.hu\/wp-content\/uploads\/2025\/12\/NB_00013-1-300x200.jpg 300w, https:\/\/erdmost.hu\/wp-content\/uploads\/2025\/12\/NB_00013-1-768x512.jpg 768w, https:\/\/erdmost.hu\/wp-content\/uploads\/2025\/12\/NB_00013-1-18x12.jpg 18w, https:\/\/erdmost.hu\/wp-content\/uploads\/2025\/12\/NB_00013-1-840x560.jpg 840w, https:\/\/erdmost.hu\/wp-content\/uploads\/2025\/12\/NB_00013-1-1100x733.jpg 1100w\" sizes=\"(max-width: 1920px) 100vw, 1920px\" \/><\/p>\n<p>Ami a v\u00e1laszt\u00e1s menet\u00e9t illeti, a k\u00f6z\u00e9piskol\u00e1k saj\u00e1t elj\u00e1r\u00e1s keret\u00e9ben v\u00e1lasztott\u00e1k meg k\u00e9pvisel\u0151iket, akik k\u00f6z\u00fcl a legt\u00f6bb szavazatot el\u00e9r\u0151 lett az iskola di\u00e1kpolg\u00e1rmester-jel\u00f6ltje.<\/p>\n<p>A di\u00e1kpolg\u00e1rmester-v\u00e1laszt\u00e1s december 8-\u00e1n \u00e9s 15-\u00e9n zajlott le 8 \u00e9s 12 \u00f3ra k\u00f6z\u00f6tt.<\/p>\n<figure id=\"attachment_131534\" aria-describedby=\"caption-attachment-131534\" style=\"width: 1920px\" class=\"wp-caption aligncenter\"><img decoding=\"async\" class=\"wp-image-131534 size-full\" src=\"https:\/\/erdmost.hu\/wp-content\/uploads\/2025\/12\/NB_00011-scaled.jpg\" alt=\"\" width=\"1920\" height=\"1280\" srcset=\"https:\/\/erdmost.hu\/wp-content\/uploads\/2025\/12\/NB_00011-scaled.jpg 1920w, https:\/\/erdmost.hu\/wp-content\/uploads\/2025\/12\/NB_00011-300x200.jpg 300w, https:\/\/erdmost.hu\/wp-content\/uploads\/2025\/12\/NB_00011-768x512.jpg 768w, https:\/\/erdmost.hu\/wp-content\/uploads\/2025\/12\/NB_00011-18x12.jpg 18w, https:\/\/erdmost.hu\/wp-content\/uploads\/2025\/12\/NB_00011-840x560.jpg 840w, https:\/\/erdmost.hu\/wp-content\/uploads\/2025\/12\/NB_00011-1100x733.jpg 1100w\" sizes=\"(max-width: 1920px) 100vw, 1920px\" \/><figcaption id=\"caption-attachment-131534\" class=\"wp-caption-text\"><em>Els\u0151 sorban a di\u00e1kpolg\u00e1rmester-jel\u00f6ltek, eredm\u00e9nyhirdet\u00e9s el\u0151tt<\/em><\/figcaption><\/figure>\n<p>A n\u00e9vjegyz\u00e9kben \u00f6sszesen 1721 di\u00e1k v\u00e1laszt\u00f3polg\u00e1r szerepelt, k\u00f6z\u00fcl\u00fck 1558 \u00e9lt szavazati jog\u00e1val. A s\u00falyozott sz\u00e1m\u00edt\u00e1s szerinti eredm\u00e9nyt december 15-\u00e9n d\u00e9lut\u00e1n, a Polg\u00e1rok H\u00e1z\u00e1ban hozt\u00e1k nyilv\u00e1noss\u00e1gra.<\/p>\n<p>Dr. Feik Csaba jegyz\u0151 a v\u00e1laszt\u00e1ssal kapcsolatos tudnival\u00f3k ismertet\u00e9s\u00e9t k\u00f6vet\u0151en sz\u00e1molt be a voksol\u00e1s eredm\u00e9ny\u00e9r\u0151l.<\/p>\n<figure id=\"attachment_131538\" aria-describedby=\"caption-attachment-131538\" style=\"width: 1920px\" class=\"wp-caption aligncenter\"><img decoding=\"async\" class=\"wp-image-131538 size-full\" src=\"https:\/\/erdmost.hu\/wp-content\/uploads\/2025\/12\/NB_00066-1-scaled.jpg\" alt=\"\" width=\"1920\" height=\"1280\" srcset=\"https:\/\/erdmost.hu\/wp-content\/uploads\/2025\/12\/NB_00066-1-scaled.jpg 1920w, https:\/\/erdmost.hu\/wp-content\/uploads\/2025\/12\/NB_00066-1-300x200.jpg 300w, https:\/\/erdmost.hu\/wp-content\/uploads\/2025\/12\/NB_00066-1-768x512.jpg 768w, https:\/\/erdmost.hu\/wp-content\/uploads\/2025\/12\/NB_00066-1-18x12.jpg 18w, https:\/\/erdmost.hu\/wp-content\/uploads\/2025\/12\/NB_00066-1-840x560.jpg 840w, https:\/\/erdmost.hu\/wp-content\/uploads\/2025\/12\/NB_00066-1-1100x733.jpg 1100w\" sizes=\"(max-width: 1920px) 100vw, 1920px\" \/><figcaption id=\"caption-attachment-131538\" class=\"wp-caption-text\"><em>Jenei Zsolt, K\u00e1d\u00e1r Tam\u00e1s, K\u00f6rmendi Lili, Sasv\u00e1ri \u00c1ron<\/em><\/figcaption><\/figure>\n<p>K\u00f6rmendi Lili (VMG) 1025, Jenei Zsolt (G\u00e1rdonyi) 867, Sasv\u00e1ri \u00c1ron (Marianum) 824, K\u00e1d\u00e1r Tam\u00e1s (K\u00f3s) 793 szavazatot kapott, \u00edgy<\/p>\n<blockquote><p>az \u00faj di\u00e1kpolg\u00e1rmester K\u00f6rmendi Lili lett, alpolg\u00e1rmesterei Jenei Zsolt, K\u00e1d\u00e1r Tam\u00e1s \u00e9s Sasv\u00e1ri \u00c1ron.<\/p><\/blockquote>\n<figure id=\"attachment_131543\" aria-describedby=\"caption-attachment-131543\" style=\"width: 1920px\" class=\"wp-caption aligncenter\"><img loading=\"lazy\" decoding=\"async\" class=\"wp-image-131543 size-full\" src=\"https:\/\/erdmost.hu\/wp-content\/uploads\/2025\/12\/NB_00040-scaled.jpg\" alt=\"\" width=\"1920\" height=\"1280\" srcset=\"https:\/\/erdmost.hu\/wp-content\/uploads\/2025\/12\/NB_00040-scaled.jpg 1920w, https:\/\/erdmost.hu\/wp-content\/uploads\/2025\/12\/NB_00040-300x200.jpg 300w, https:\/\/erdmost.hu\/wp-content\/uploads\/2025\/12\/NB_00040-768x512.jpg 768w, https:\/\/erdmost.hu\/wp-content\/uploads\/2025\/12\/NB_00040-18x12.jpg 18w, https:\/\/erdmost.hu\/wp-content\/uploads\/2025\/12\/NB_00040-840x560.jpg 840w, https:\/\/erdmost.hu\/wp-content\/uploads\/2025\/12\/NB_00040-1100x733.jpg 1100w\" sizes=\"(max-width: 1920px) 100vw, 1920px\" \/><figcaption id=\"caption-attachment-131543\" class=\"wp-caption-text\"><em>Az IF\u00d6 \u00faj k\u00e9pvisel\u0151i leteszik esk\u00fcj\u00fcket<\/em><\/figcaption><\/figure>\n<p>Az IF\u00d6 k\u00e9pvisel\u0151i: B\u00e9csi \u00c1kos Levente (K\u00f3s), Bilski Zs\u00f3fia (K\u00f3s), Fekete Szonja (VMG), Lehmayer Domonkos (Marianum), Papp Gr\u00e9ta (G\u00e1rdonyi), Pataki Emma (G\u00e1rdonyi), Polyecsk\u00f3-Musa Emma (Marianum), S\u00fcvegj\u00e1rt\u00f3 Zsombor (VMG).<\/p>\n<p>K\u00f6rmendi Lili egy\u00e9bk\u00e9nt m\u00e1r ismer\u0151sen mozog az Ifj\u00fas\u00e1gi \u00d6nkorm\u00e1nyzatban, hiszen az el\u0151z\u0151 (azaz most z\u00e1rul\u00f3) ciklusban di\u00e1k-alpolg\u00e1rmester volt.<\/p>\n<figure id=\"attachment_131536\" aria-describedby=\"caption-attachment-131536\" style=\"width: 1920px\" class=\"wp-caption aligncenter\"><img loading=\"lazy\" decoding=\"async\" class=\"wp-image-131536 size-full\" src=\"https:\/\/erdmost.hu\/wp-content\/uploads\/2025\/12\/NB_00021-scaled.jpg\" alt=\"\" width=\"1920\" height=\"1280\" srcset=\"https:\/\/erdmost.hu\/wp-content\/uploads\/2025\/12\/NB_00021-scaled.jpg 1920w, https:\/\/erdmost.hu\/wp-content\/uploads\/2025\/12\/NB_00021-300x200.jpg 300w, https:\/\/erdmost.hu\/wp-content\/uploads\/2025\/12\/NB_00021-768x512.jpg 768w, https:\/\/erdmost.hu\/wp-content\/uploads\/2025\/12\/NB_00021-18x12.jpg 18w, https:\/\/erdmost.hu\/wp-content\/uploads\/2025\/12\/NB_00021-840x560.jpg 840w, https:\/\/erdmost.hu\/wp-content\/uploads\/2025\/12\/NB_00021-1100x733.jpg 1100w\" sizes=\"(max-width: 1920px) 100vw, 1920px\" \/><figcaption id=\"caption-attachment-131536\" class=\"wp-caption-text\"><em>K\u00f6rmendi Lili di\u00e1kpolg\u00e1rmester<\/em><\/figcaption><\/figure>\n<p>Az eredm\u00e9nyhirdet\u00e9st k\u00f6vet\u0151en az \u00c9rdi Ifj\u00fas\u00e1gi \u00d6nkorm\u00e1nyzat \u00fajonnan megv\u00e1lasztott polg\u00e1rmestere, alpolg\u00e1rmesterei \u00e9s k\u00e9pvisel\u0151i letett\u00e9k esk\u00fcj\u00fcket.<\/p>\n<p>A fiatalokat Cs\u0151zik L\u00e1szl\u00f3 k\u00f6sz\u00f6nt\u00f6tte, aki rem\u00e9li, hogy j\u00f6v\u0151re az ifj\u00fas\u00e1gi \u00f6nkorm\u00e1nyzatnak t\u00f6bb forr\u00e1sa lesz, mint az id\u00e9n volt. (Az IF\u00d6 t\u00edzmilli\u00f3 forintos kerettel gazd\u00e1lkodhat, ezt az \u00f6sszeget a v\u00e1rosi k\u00f6lts\u00e9gvet\u00e9s keret\u00e9b\u0151l biztos\u00edtja az \u00f6nkorm\u00e1nyzat.)<\/p>\n<p><img loading=\"lazy\" decoding=\"async\" class=\"aligncenter size-full wp-image-131535\" src=\"https:\/\/erdmost.hu\/wp-content\/uploads\/2025\/12\/NB_00014-1-scaled.jpg\" alt=\"\" width=\"1920\" height=\"1280\" srcset=\"https:\/\/erdmost.hu\/wp-content\/uploads\/2025\/12\/NB_00014-1-scaled.jpg 1920w, https:\/\/erdmost.hu\/wp-content\/uploads\/2025\/12\/NB_00014-1-300x200.jpg 300w, https:\/\/erdmost.hu\/wp-content\/uploads\/2025\/12\/NB_00014-1-768x512.jpg 768w, https:\/\/erdmost.hu\/wp-content\/uploads\/2025\/12\/NB_00014-1-18x12.jpg 18w, https:\/\/erdmost.hu\/wp-content\/uploads\/2025\/12\/NB_00014-1-840x560.jpg 840w, https:\/\/erdmost.hu\/wp-content\/uploads\/2025\/12\/NB_00014-1-1100x733.jpg 1100w\" sizes=\"(max-width: 1920px) 100vw, 1920px\" \/><\/p>\n<p>A v\u00e1rosvezet\u0151 hangs\u00falyozta, hogy az \u00f6nkorm\u00e1nyzat minden seg\u00edts\u00e9get megad a munk\u00e1jukhoz. \u201ePr\u00f3b\u00e1ljatok olyan c\u00e9lokat kit\u0171zni, amelyek re\u00e1lisak, megval\u00f3s\u00edthat\u00f3k egy \u00e9v leforg\u00e1sa alatt, lehet\u0151s\u00e9g szerint eml\u00e9kezetesek \u00e9s j\u00f3t tesztek vel\u00fck az \u00e9rdi di\u00e1ks\u00e1gnak. \u00cdgy \u00edrhatj\u00e1tok be a neveteket a helyi t\u00f6rt\u00e9nelemk\u00f6nyvbe\u201d \u2013 jegyezte meg Cs\u0151zik L\u00e1szl\u00f3, aki b\u00facs\u00fazott a most lek\u00f6sz\u00f6n\u0151 ifj\u00fas\u00e1gi \u00f6nkorm\u00e1nyzatt\u00f3l is.<\/p>\n<figure id=\"attachment_131545\" aria-describedby=\"caption-attachment-131545\" style=\"width: 1920px\" class=\"wp-caption aligncenter\"><img loading=\"lazy\" decoding=\"async\" class=\"wp-image-131545 size-full\" src=\"https:\/\/erdmost.hu\/wp-content\/uploads\/2025\/12\/NB_00049-scaled.jpg\" alt=\"\" width=\"1920\" height=\"1280\" srcset=\"https:\/\/erdmost.hu\/wp-content\/uploads\/2025\/12\/NB_00049-scaled.jpg 1920w, https:\/\/erdmost.hu\/wp-content\/uploads\/2025\/12\/NB_00049-300x200.jpg 300w, https:\/\/erdmost.hu\/wp-content\/uploads\/2025\/12\/NB_00049-768x512.jpg 768w, https:\/\/erdmost.hu\/wp-content\/uploads\/2025\/12\/NB_00049-18x12.jpg 18w, https:\/\/erdmost.hu\/wp-content\/uploads\/2025\/12\/NB_00049-840x560.jpg 840w, https:\/\/erdmost.hu\/wp-content\/uploads\/2025\/12\/NB_00049-1100x733.jpg 1100w\" sizes=\"(max-width: 1920px) 100vw, 1920px\" \/><figcaption id=\"caption-attachment-131545\" class=\"wp-caption-text\"><em>Cs\u0151zik L\u00e1szl\u00f3 polg\u00e1rmester<\/em><\/figcaption><\/figure>\n<p>K\u00f6sz\u00f6netet mondott az\u00e9rt, hogy figyelembe vett\u00e9k a v\u00e1ros neh\u00e9z anyagi helyzet\u00e9t, k\u00f6zrem\u0171k\u00f6dtek ennek kezel\u00e9s\u00e9ben \u00e9s ehhez m\u00e9rt\u00e9k d\u00f6nt\u00e9seiket. Kiemelte, hogy a fiatalok ott voltak a v\u00e1rosi rendezv\u00e9nyeken, a szalagavat\u00f3k szervez\u00e9s\u00e9n\u00e9l (\u00e9s jelent\u0151s \u00f6sszeggel t\u00e1mogatt\u00e1k is azokat), \u00e9s r\u00e9szt vettek olyan maradand\u00f3 dolgok megalkot\u00e1s\u00e1ban, mint amilyen p\u00e9ld\u00e1ul az \u00e9rdi K\u00f6nyvmeg\u00e1ll\u00f3.<\/p>","protected":false},"excerpt":{"rendered":"<p>Letette esk\u00fcj\u00e9t az \u00c9rdi Ifj\u00fas\u00e1gi \u00d6nkorm\u00e1nyzat \u00faj test\u00fclete.<\/p>","protected":false},"author":5,"featured_media":131539,"comment_status":"closed","ping_status":"closed","sticky":false,"template":"","format":"standard","meta":{"_acf_changed":false,"_seopress_robots_primary_cat":"none","_seopress_titles_title":"","_seopress_titles_desc":"","_seopress_robots_index":"","site-sidebar-layout":"default","site-content-layout":"","ast-site-content-layout":"default","site-content-style":"default","site-sidebar-style":"default","ast-global-header-display":"","ast-banner-title-visibility":"","ast-main-header-display":"","ast-hfb-above-header-display":"","ast-hfb-below-header-display":"","ast-hfb-mobile-header-display":"","site-post-title":"","ast-breadcrumbs-content":"","ast-featured-img":"","footer-sml-layout":"","ast-disable-related-posts":"","theme-transparent-header-meta":"default","adv-header-id-meta":"","stick-header-meta":"","header-above-stick-meta":"","header-main-stick-meta":"","header-below-stick-meta":"","astra-migrate-meta-layouts":"set","ast-page-background-enabled":"default","ast-page-background-meta":{"desktop":{"background-color":"","background-image":"","background-repeat":"repeat","background-position":"center center","background-size":"auto","background-attachment":"scroll","background-type":"","background-media":"","overlay-type":"","overlay-color":"","overlay-opacity":"","overlay-gradient":""},"tablet":{"background-color":"","background-image":"","background-repeat":"repeat","background-position":"center center","background-size":"auto","background-attachment":"scroll","background-type":"","background-media":"","overlay-type":"","overlay-color":"","overlay-opacity":"","overlay-gradient":""},"mobile":{"background-color":"","background-image":"","background-repeat":"repeat","background-position":"center center","background-size":"auto","background-attachment":"scroll","background-type":"","background-media":"","overlay-type":"","overlay-color":"","overlay-opacity":"","overlay-gradient":""}},"ast-content-background-meta":{"desktop":{"background-color":"var(--ast-global-color-5)","background-image":"","background-repeat":"repeat","background-position":"center center","background-size":"auto","background-attachment":"scroll","background-type":"","background-media":"","overlay-type":"","overlay-color":"","overlay-opacity":"","overlay-gradient":""},"tablet":{"background-color":"var(--ast-global-color-5)","background-image":"","background-repeat":"repeat","background-position":"center center","background-size":"auto","background-attachment":"scroll","background-type":"","background-media":"","overlay-type":"","overlay-color":"","overlay-opacity":"","overlay-gradient":""},"mobile":{"background-color":"var(--ast-global-color-5)","background-image":"","background-repeat":"repeat","background-position":"center center","background-size":"auto","background-attachment":"scroll","background-type":"","background-media":"","overlay-type":"","overlay-color":"","overlay-opacity":"","overlay-gradient":""}},"footnotes":""},"categories":[1,463,461,462,1411,1608,460],"cikk_cimkek":[1848,1712],"content_flags":[],"content_icons":[],"class_list":["post-131533","post","type-post","status-publish","format-standard","has-post-thumbnail","hentry","category-erdmost","category-fontos","category-jobbfent","category-kiemelt","category-kozelet","category-mindennapok","category-top","cikk_cimkek-erdi-ifjusagi-onkormanyzat","cikk_cimkek-ifo"],"acf":[],"_links":{"self":[{"href":"https:\/\/erdmost.hu\/en\/wp-json\/wp\/v2\/posts\/131533","targetHints":{"allow":["GET"]}}],"collection":[{"href":"https:\/\/erdmost.hu\/en\/wp-json\/wp\/v2\/posts"}],"about":[{"href":"https:\/\/erdmost.hu\/en\/wp-json\/wp\/v2\/types\/post"}],"author":[{"embeddable":true,"href":"https:\/\/erdmost.hu\/en\/wp-json\/wp\/v2\/users\/5"}],"replies":[{"embeddable":true,"href":"https:\/\/erdmost.hu\/en\/wp-json\/wp\/v2\/comments?post=131533"}],"version-history":[{"count":5,"href":"https:\/\/erdmost.hu\/en\/wp-json\/wp\/v2\/posts\/131533\/revisions"}],"predecessor-version":[{"id":131579,"href":"https:\/\/erdmost.hu\/en\/wp-json\/wp\/v2\/posts\/131533\/revisions\/131579"}],"wp:featuredmedia":[{"embeddable":true,"href":"https:\/\/erdmost.hu\/en\/wp-json\/wp\/v2\/media\/131539"}],"wp:attachment":[{"href":"https:\/\/erdmost.hu\/en\/wp-json\/wp\/v2\/media?parent=131533"}],"wp:term":[{"taxonomy":"category","embeddable":true,"href":"https:\/\/erdmost.hu\/en\/wp-json\/wp\/v2\/categories?post=131533"},{"taxonomy":"cikk_cimkek","embeddable":true,"href":"https:\/\/erdmost.hu\/en\/wp-json\/wp\/v2\/cikk_cimkek?post=131533"},{"taxonomy":"content_flags","embeddable":true,"href":"https:\/\/erdmost.hu\/en\/wp-json\/wp\/v2\/content_flags?post=131533"},{"taxonomy":"content_icons","embeddable":true,"href":"https:\/\/erdmost.hu\/en\/wp-json\/wp\/v2\/content_icons?post=131533"}],"curies":[{"name":"wp","href":"https:\/\/api.w.org\/{rel}","templated":true}]}}