{"id":130704,"date":"2025-11-27T15:49:51","date_gmt":"2025-11-27T14:49:51","guid":{"rendered":"https:\/\/erdmost.hu\/?p=130704"},"modified":"2025-11-27T15:49:51","modified_gmt":"2025-11-27T14:49:51","slug":"szocialis-munkaert-dijat-kapott-a-gyerekek-szilvi-nenije","status":"publish","type":"post","link":"https:\/\/erdmost.hu\/en\/2025\/11\/27\/szocialis-munkaert-dijat-kapott-a-gyerekek-szilvi-nenije\/","title":{"rendered":"Szoci\u00e1lis Munk\u00e1\u00e9rt D\u00edjat kapott a gyerekek Szilvi n\u00e9nije"},"content":{"rendered":"<p>\u00c9rd V\u00e1ros Szoci\u00e1lis Munk\u00e1j\u00e1\u00e9rt D\u00edj adom\u00e1nyozhat\u00f3 azoknak a szem\u00e9lyeknek, k\u00f6z\u00f6ss\u00e9geknek, akik\/amelyek p\u00e9lda\u00e9rt\u00e9k\u0171 munk\u00e1t, valamint az elesettek gondoz\u00e1s\u00e1ban kifejtett kiemelked\u0151 tev\u00e9kenys\u00e9get v\u00e9geznek a v\u00e1ros szoci\u00e1lis ell\u00e1t\u00e1sa \u00e9rdek\u00e9ben.<\/p>\n<p>A k\u00e9pvisel\u0151-test\u00fclet id\u00e9n Vigh Szilvi\u00e1nak, a Csal\u00e1dok \u00c1tmeneti Otthona egys\u00e9gvezet\u0151j\u00e9nek \u00edt\u00e9lte ezt a rangos kit\u00fcntet\u00e9st.<\/p>\n<p><img fetchpriority=\"high\" decoding=\"async\" class=\"aligncenter size-full wp-image-130683\" src=\"https:\/\/erdmost.hu\/wp-content\/uploads\/2025\/11\/NB_00001-6-scaled.jpg\" alt=\"\" width=\"1920\" height=\"1280\" srcset=\"https:\/\/erdmost.hu\/wp-content\/uploads\/2025\/11\/NB_00001-6-scaled.jpg 1920w, https:\/\/erdmost.hu\/wp-content\/uploads\/2025\/11\/NB_00001-6-300x200.jpg 300w, https:\/\/erdmost.hu\/wp-content\/uploads\/2025\/11\/NB_00001-6-768x512.jpg 768w, https:\/\/erdmost.hu\/wp-content\/uploads\/2025\/11\/NB_00001-6-18x12.jpg 18w, https:\/\/erdmost.hu\/wp-content\/uploads\/2025\/11\/NB_00001-6-840x560.jpg 840w, https:\/\/erdmost.hu\/wp-content\/uploads\/2025\/11\/NB_00001-6-1100x733.jpg 1100w\" sizes=\"(max-width: 1920px) 100vw, 1920px\" \/><\/p>\n<p>Szilvia \u2013 akit a gyerekek Szilvi n\u00e9ninek ismernek \u00e9s sz\u00f3l\u00edtanak \u2013 t\u00f6bb mint egy \u00e9vtizedre foglalkozik gyerekekkel, csal\u00e1dokkal \u00e9s k\u00f6z\u00f6ss\u00e9gekkel. Szakmai \u00e9let\u00fajtj\u00e1t mindv\u00e9gig a szoci\u00e1lis munka \u00e9s a pedag\u00f3giai ir\u00e1nti elk\u00f6telezetts\u00e9g jellemezte. P\u00e1lyafut\u00e1s\u00e1t \u00f3vodai dajkak\u00e9nt kezdte, majd pedag\u00f3giai asszisztensk\u00e9nt \u00e9s \u00f3vodapedag\u00f3gusk\u00e9nt seg\u00edtette a gyermekek fejl\u0151d\u00e9s\u00e9t.<\/p>\n<p>A Szoci\u00e1lis Gondoz\u00f3 K\u00f6zpont munkat\u00e1rsak\u00e9nt 2019-t\u0151l \u00f3vodai \u00e9s iskolai szoci\u00e1lis seg\u00edt\u0151k\u00e9nt dolgozott, jelenleg a Csal\u00e1dok \u00c1tmeneti Otthon\u00e1nak egys\u00e9gvezet\u0151je. Munk\u00e1j\u00e1t a gyermekek \u00e9s csal\u00e1djaik ir\u00e1nti m\u00e9ly emp\u00e1tia, a szakmai fejl\u0151d\u00e9sre val\u00f3 t\u00f6rekv\u00e9s \u00e9s a k\u00f6z\u00f6ss\u00e9g\u00e9p\u00edt\u0151 attit\u0171d hat\u00e1rozza meg.<\/p>\n<p><img decoding=\"async\" class=\"aligncenter size-full wp-image-130688\" src=\"https:\/\/erdmost.hu\/wp-content\/uploads\/2025\/11\/NB_00006-6-scaled.jpg\" alt=\"\" width=\"1920\" height=\"1280\" srcset=\"https:\/\/erdmost.hu\/wp-content\/uploads\/2025\/11\/NB_00006-6-scaled.jpg 1920w, https:\/\/erdmost.hu\/wp-content\/uploads\/2025\/11\/NB_00006-6-300x200.jpg 300w, https:\/\/erdmost.hu\/wp-content\/uploads\/2025\/11\/NB_00006-6-768x512.jpg 768w, https:\/\/erdmost.hu\/wp-content\/uploads\/2025\/11\/NB_00006-6-18x12.jpg 18w, https:\/\/erdmost.hu\/wp-content\/uploads\/2025\/11\/NB_00006-6-840x560.jpg 840w, https:\/\/erdmost.hu\/wp-content\/uploads\/2025\/11\/NB_00006-6-1100x733.jpg 1100w\" sizes=\"(max-width: 1920px) 100vw, 1920px\" \/><\/p>\n<p>Az elm\u00falt \u00e9vekben t\u00f6bb szakter\u00fcleten is k\u00e9pezte mag\u00e1t, \u00f3vodapedag\u00f3gusi diplom\u00e1t szerzett, csal\u00e1d- \u00e9s gyermekv\u00e9delem szakon pedag\u00f3gusk\u00e9nt \u00e9s medi\u00e1ktork\u00e9nt is b\u0151v\u00edtette a tud\u00e1s\u00e1t, emellett folytatta tanulm\u00e1nyait az iskolai szoci\u00e1lis munka szakir\u00e1nyon is.<\/p>\n<p>Tanulm\u00e1nyait \u00e9s tapasztalatait mindennapi munk\u00e1j\u00e1ban kamatoztatja, \u00edgy kiemelt szerepl\u0151je az \u00e9rdi gyermekv\u00e9delemnek \u00e9s a csal\u00e1dok t\u00e1mogat\u00e1s\u00e1nak. Sz\u00edv\u00fcgy\u00e9nek tekinti, hogy a gyermekek \u00e9s a csal\u00e1djaik biztons\u00e1gban \u00e9s megfelel\u0151 szakmai t\u00e1mogat\u00e1s mellett kapjanak seg\u00edts\u00e9get.<\/p>\n<p><img decoding=\"async\" class=\"aligncenter size-full wp-image-130690\" src=\"https:\/\/erdmost.hu\/wp-content\/uploads\/2025\/11\/NB_00008-4-scaled.jpg\" alt=\"\" width=\"1920\" height=\"1280\" srcset=\"https:\/\/erdmost.hu\/wp-content\/uploads\/2025\/11\/NB_00008-4-scaled.jpg 1920w, https:\/\/erdmost.hu\/wp-content\/uploads\/2025\/11\/NB_00008-4-300x200.jpg 300w, https:\/\/erdmost.hu\/wp-content\/uploads\/2025\/11\/NB_00008-4-768x512.jpg 768w, https:\/\/erdmost.hu\/wp-content\/uploads\/2025\/11\/NB_00008-4-18x12.jpg 18w, https:\/\/erdmost.hu\/wp-content\/uploads\/2025\/11\/NB_00008-4-840x560.jpg 840w, https:\/\/erdmost.hu\/wp-content\/uploads\/2025\/11\/NB_00008-4-1100x733.jpg 1100w\" sizes=\"(max-width: 1920px) 100vw, 1920px\" \/><\/p>\n<p>Empatikus hozz\u00e1\u00e1ll\u00e1sa, szervez\u0151k\u00e9szs\u00e9ge \u00e9s a szoci\u00e1lis munka ir\u00e1nti elk\u00f6telezetts\u00e9ge r\u00e9v\u00e9n mind koll\u00e9g\u00e1i, mind az \u00fcgyfelek k\u00f6r\u00e9ben elismert \u00e9s megbecs\u00fclt szakember.<\/p>","protected":false},"excerpt":{"rendered":"<p>Vigh Szilvi\u00e1t v\u00e1rosszerte ismerik \u00e9s szeretik a gyerekek, ha m\u00e1shonnan nem, h\u00e1t a ny\u00e1ri napk\u00f6zis t\u00e1borb\u00f3l. <\/p>","protected":false},"author":5,"featured_media":130691,"comment_status":"closed","ping_status":"closed","sticky":false,"template":"","format":"standard","meta":{"_acf_changed":false,"_seopress_robots_primary_cat":"none","_seopress_titles_title":"","_seopress_titles_desc":"","_seopress_robots_index":"","site-sidebar-layout":"default","site-content-layout":"","ast-site-content-layout":"default","site-content-style":"default","site-sidebar-style":"default","ast-global-header-display":"","ast-banner-title-visibility":"","ast-main-header-display":"","ast-hfb-above-header-display":"","ast-hfb-below-header-display":"","ast-hfb-mobile-header-display":"","site-post-title":"","ast-breadcrumbs-content":"","ast-featured-img":"","footer-sml-layout":"","ast-disable-related-posts":"","theme-transparent-header-meta":"default","adv-header-id-meta":"","stick-header-meta":"","header-above-stick-meta":"","header-main-stick-meta":"","header-below-stick-meta":"","astra-migrate-meta-layouts":"set","ast-page-background-enabled":"default","ast-page-background-meta":{"desktop":{"background-color":"","background-image":"","background-repeat":"repeat","background-position":"center center","background-size":"auto","background-attachment":"scroll","background-type":"","background-media":"","overlay-type":"","overlay-color":"","overlay-opacity":"","overlay-gradient":""},"tablet":{"background-color":"","background-image":"","background-repeat":"repeat","background-position":"center center","background-size":"auto","background-attachment":"scroll","background-type":"","background-media":"","overlay-type":"","overlay-color":"","overlay-opacity":"","overlay-gradient":""},"mobile":{"background-color":"","background-image":"","background-repeat":"repeat","background-position":"center center","background-size":"auto","background-attachment":"scroll","background-type":"","background-media":"","overlay-type":"","overlay-color":"","overlay-opacity":"","overlay-gradient":""}},"ast-content-background-meta":{"desktop":{"background-color":"var(--ast-global-color-5)","background-image":"","background-repeat":"repeat","background-position":"center center","background-size":"auto","background-attachment":"scroll","background-type":"","background-media":"","overlay-type":"","overlay-color":"","overlay-opacity":"","overlay-gradient":""},"tablet":{"background-color":"var(--ast-global-color-5)","background-image":"","background-repeat":"repeat","background-position":"center center","background-size":"auto","background-attachment":"scroll","background-type":"","background-media":"","overlay-type":"","overlay-color":"","overlay-opacity":"","overlay-gradient":""},"mobile":{"background-color":"var(--ast-global-color-5)","background-image":"","background-repeat":"repeat","background-position":"center center","background-size":"auto","background-attachment":"scroll","background-type":"","background-media":"","overlay-type":"","overlay-color":"","overlay-opacity":"","overlay-gradient":""}},"footnotes":""},"categories":[1,463,461,462,1411,1608,460],"cikk_cimkek":[3289,23,572,3142],"content_flags":[],"content_icons":[],"class_list":["post-130704","post","type-post","status-publish","format-standard","has-post-thumbnail","hentry","category-erdmost","category-fontos","category-jobbfent","category-kiemelt","category-kozelet","category-mindennapok","category-top","cikk_cimkek-erd-varos-szocialis-munkajaert-dij","cikk_cimkek-kozgyules","cikk_cimkek-szocialis-gondozo-kozpont","cikk_cimkek-vigh-szilvia"],"acf":[],"_links":{"self":[{"href":"https:\/\/erdmost.hu\/en\/wp-json\/wp\/v2\/posts\/130704","targetHints":{"allow":["GET"]}}],"collection":[{"href":"https:\/\/erdmost.hu\/en\/wp-json\/wp\/v2\/posts"}],"about":[{"href":"https:\/\/erdmost.hu\/en\/wp-json\/wp\/v2\/types\/post"}],"author":[{"embeddable":true,"href":"https:\/\/erdmost.hu\/en\/wp-json\/wp\/v2\/users\/5"}],"replies":[{"embeddable":true,"href":"https:\/\/erdmost.hu\/en\/wp-json\/wp\/v2\/comments?post=130704"}],"version-history":[{"count":2,"href":"https:\/\/erdmost.hu\/en\/wp-json\/wp\/v2\/posts\/130704\/revisions"}],"predecessor-version":[{"id":130707,"href":"https:\/\/erdmost.hu\/en\/wp-json\/wp\/v2\/posts\/130704\/revisions\/130707"}],"wp:featuredmedia":[{"embeddable":true,"href":"https:\/\/erdmost.hu\/en\/wp-json\/wp\/v2\/media\/130691"}],"wp:attachment":[{"href":"https:\/\/erdmost.hu\/en\/wp-json\/wp\/v2\/media?parent=130704"}],"wp:term":[{"taxonomy":"category","embeddable":true,"href":"https:\/\/erdmost.hu\/en\/wp-json\/wp\/v2\/categories?post=130704"},{"taxonomy":"cikk_cimkek","embeddable":true,"href":"https:\/\/erdmost.hu\/en\/wp-json\/wp\/v2\/cikk_cimkek?post=130704"},{"taxonomy":"content_flags","embeddable":true,"href":"https:\/\/erdmost.hu\/en\/wp-json\/wp\/v2\/content_flags?post=130704"},{"taxonomy":"content_icons","embeddable":true,"href":"https:\/\/erdmost.hu\/en\/wp-json\/wp\/v2\/content_icons?post=130704"}],"curies":[{"name":"wp","href":"https:\/\/api.w.org\/{rel}","templated":true}]}}