{"id":129445,"date":"2025-11-04T11:07:22","date_gmt":"2025-11-04T10:07:22","guid":{"rendered":"https:\/\/erdmost.hu\/?p=129445"},"modified":"2025-11-04T11:07:22","modified_gmt":"2025-11-04T10:07:22","slug":"erd-megyei-jogu-varos-onkormanyzat-kozgyulese-kozmeghallgatas-2025","status":"publish","type":"post","link":"https:\/\/erdmost.hu\/en\/2025\/11\/04\/erd-megyei-jogu-varos-onkormanyzat-kozgyulese-kozmeghallgatas-2025\/","title":{"rendered":"\u00c9rd Megyei Jog\u00fa V\u00e1ros \u00d6nkorm\u00e1nyzat K\u00f6zgy\u0171l\u00e9se K\u00f6zmeghallgat\u00e1s 2025"},"content":{"rendered":"<header>\n<div class=\"article-date updated\"><span style=\"font-size: 16px;\">Az \u00fcl\u00e9s helye: Polg\u00e1rok H\u00e1za D\u00edszterme \u2013 \u00c9rd, Als\u00f3 utca 3.<\/span><\/div>\n<\/header>\n<div class=\"article-body\">\n<p>A k\u00f6zmeghallgat\u00e1son az \u00e1llampolg\u00e1rok \u00e9s a helyben \u00e9rdekelt szervezetek k\u00e9pvisel\u0151i\u00a0<u>el\u0151re \u00edr\u00e1sban, vagy szem\u00e9lyesen a helysz\u00ednen<\/u>\u00a0k\u00f6z\u00e9rdek\u0171 k\u00e9rd\u00e9seket tehetnek fel, illetve k\u00f6z\u00e9rdek\u0171 javaslatot tehetnek.<\/p>\n<p>A k\u00f6z\u00e9rdek\u0171 k\u00e9rd\u00e9sek \u00e9s javaslatok el\u0151zetesen\u00a0<strong>2025. november 3-\u00e1n 8 \u00f3r\u00e1t\u00f3l &#8211; november 21-\u00e9n 13:00 \u00f3r\u00e1ig\u00a0<\/strong>az al\u00e1bbiak szerint ny\u00fajthatok be:<\/p>\n<ul>\n<li>a fenti id\u0151szakban m\u0171k\u00f6d\u0151\u00a0<a href=\"mailto:kozmeghallgatas@erd.hu\">kozmeghallgatas@erd.hu<\/a>\u00a0e-mail c\u00edmre,<\/li>\n<li>munkaid\u0151ben a Polg\u00e1rok H\u00e1za (2030 \u00c9rd, Als\u00f3 u. 3.) el\u0151ter\u00e9ben elhelyezett gy\u0171jt\u0151l\u00e1d\u00e1ba, tov\u00e1bb\u00e1<\/li>\n<li>elk\u00fcldhetik postai \u00faton a Polg\u00e1rmesteri Hivatal c\u00edm\u00e9re (2030 \u00c9rd, Als\u00f3 u. 1.) \u00fagy, hogy fenti id\u0151szakban meg\u00e9rkezzen.<\/li>\n<\/ul>\n<p>A k\u00f6zmeghallgat\u00e1son r\u00e9sztvev\u0151 hozz\u00e1j\u00e1rul ahhoz, hogy a k\u00e9rd\u00e9se \u00e9s szem\u00e9lyes r\u00e9szv\u00e9tele eset\u00e9n a r\u00f3la k\u00e9sz\u00fclt felv\u00e9tel nyilv\u00e1noss\u00e1gra ker\u00fcl, valamint az ott elmondottak a k\u00f6zmeghallgat\u00e1sr\u00f3l k\u00e9sz\u00fclt jegyz\u0151k\u00f6nyvben r\u00f6gz\u00edt\u00e9sre ker\u00fclnek. Az a szem\u00e9ly, aki k\u00e9rd\u00e9s\u00e9t el\u0151zetesen k\u00fcldte meg, hozz\u00e1j\u00e1rul ahhoz, hogy neve a v\u00e1laszad\u00e1skor elhangzik a k\u00f6zmeghallgat\u00e1son, valamint a jegyz\u0151k\u00f6nyvben nyilv\u00e1noss\u00e1gra ker\u00fcl. A k\u00f6zmeghallgat\u00e1son k\u00e9rd\u00e9st feltev\u0151 szem\u00e9ly \u2013 nev\u00e9nek \u00e9s lak\u00f3hely\u00e9nek, valamint a v\u00e1laszad\u00e1shoz sz\u00fcks\u00e9ges elektronikus el\u00e9rhet\u0151s\u00e9ge bemond\u00e1s\u00e1t k\u00f6vet\u0151en \u2013 fejtheti ki k\u00f6z\u00e9rdek\u0171 k\u00e9rd\u00e9ssel kapcsolatos v\u00e9lem\u00e9ny\u00e9t. A k\u00f6zmeghallgat\u00e1s sor\u00e1n elhangzott k\u00e9rd\u00e9sek lehet\u0151s\u00e9g szerint az \u00fcl\u00e9sen sz\u00f3ban megv\u00e1laszol\u00e1sra ker\u00fclnek, a kivizsg\u00e1l\u00e1st ig\u00e9nyl\u0151 k\u00e9rd\u00e9s eset\u00e9n legk\u00e9s\u0151bb tizen\u00f6t napon bel\u00fcl v\u00e1laszt kell adni.<\/p>\n<p>\u00c9rd, 2025. okt\u00f3ber 27.<\/p>\n<p><strong>Dr. Cs\u0151zik L\u00e1szl\u00f3<\/strong><\/p>\n<p>polg\u00e1rmester<\/p>\n<\/div>","protected":false},"excerpt":{"rendered":"<p>\u00c9rd Megyei Jog\u00fa V\u00e1ros \u00d6nkorm\u00e1nyzat K\u00f6zgy\u0171l\u00e9se\u00a02025. november 27-\u00e9n (cs\u00fct\u00f6rt\u00f6k\u00f6n) 17 \u00f3r\u00e1t\u00f3l k\u00f6zmeghallgat\u00e1st\u00a0tart.<\/p>","protected":false},"author":5,"featured_media":65370,"comment_status":"closed","ping_status":"closed","sticky":false,"template":"","format":"standard","meta":{"_acf_changed":false,"_seopress_robots_primary_cat":"none","_seopress_titles_title":"","_seopress_titles_desc":"","_seopress_robots_index":"","site-sidebar-layout":"default","site-content-layout":"","ast-site-content-layout":"default","site-content-style":"default","site-sidebar-style":"default","ast-global-header-display":"","ast-banner-title-visibility":"","ast-main-header-display":"","ast-hfb-above-header-display":"","ast-hfb-below-header-display":"","ast-hfb-mobile-header-display":"","site-post-title":"","ast-breadcrumbs-content":"","ast-featured-img":"","footer-sml-layout":"","ast-disable-related-posts":"","theme-transparent-header-meta":"default","adv-header-id-meta":"","stick-header-meta":"","header-above-stick-meta":"","header-main-stick-meta":"","header-below-stick-meta":"","astra-migrate-meta-layouts":"set","ast-page-background-enabled":"default","ast-page-background-meta":{"desktop":{"background-color":"","background-image":"","background-repeat":"repeat","background-position":"center center","background-size":"auto","background-attachment":"scroll","background-type":"","background-media":"","overlay-type":"","overlay-color":"","overlay-opacity":"","overlay-gradient":""},"tablet":{"background-color":"","background-image":"","background-repeat":"repeat","background-position":"center center","background-size":"auto","background-attachment":"scroll","background-type":"","background-media":"","overlay-type":"","overlay-color":"","overlay-opacity":"","overlay-gradient":""},"mobile":{"background-color":"","background-image":"","background-repeat":"repeat","background-position":"center center","background-size":"auto","background-attachment":"scroll","background-type":"","background-media":"","overlay-type":"","overlay-color":"","overlay-opacity":"","overlay-gradient":""}},"ast-content-background-meta":{"desktop":{"background-color":"var(--ast-global-color-5)","background-image":"","background-repeat":"repeat","background-position":"center center","background-size":"auto","background-attachment":"scroll","background-type":"","background-media":"","overlay-type":"","overlay-color":"","overlay-opacity":"","overlay-gradient":""},"tablet":{"background-color":"var(--ast-global-color-5)","background-image":"","background-repeat":"repeat","background-position":"center center","background-size":"auto","background-attachment":"scroll","background-type":"","background-media":"","overlay-type":"","overlay-color":"","overlay-opacity":"","overlay-gradient":""},"mobile":{"background-color":"var(--ast-global-color-5)","background-image":"","background-repeat":"repeat","background-position":"center center","background-size":"auto","background-attachment":"scroll","background-type":"","background-media":"","overlay-type":"","overlay-color":"","overlay-opacity":"","overlay-gradient":""}},"footnotes":""},"categories":[1,4531],"cikk_cimkek":[1523,18],"content_flags":[],"content_icons":[],"class_list":["post-129445","post","type-post","status-publish","format-standard","has-post-thumbnail","hentry","category-erdmost","category-valasztas-2024","cikk_cimkek-kozmeghallgatas","cikk_cimkek-varosnaplo"],"acf":[],"_links":{"self":[{"href":"https:\/\/erdmost.hu\/en\/wp-json\/wp\/v2\/posts\/129445","targetHints":{"allow":["GET"]}}],"collection":[{"href":"https:\/\/erdmost.hu\/en\/wp-json\/wp\/v2\/posts"}],"about":[{"href":"https:\/\/erdmost.hu\/en\/wp-json\/wp\/v2\/types\/post"}],"author":[{"embeddable":true,"href":"https:\/\/erdmost.hu\/en\/wp-json\/wp\/v2\/users\/5"}],"replies":[{"embeddable":true,"href":"https:\/\/erdmost.hu\/en\/wp-json\/wp\/v2\/comments?post=129445"}],"version-history":[{"count":1,"href":"https:\/\/erdmost.hu\/en\/wp-json\/wp\/v2\/posts\/129445\/revisions"}],"predecessor-version":[{"id":129446,"href":"https:\/\/erdmost.hu\/en\/wp-json\/wp\/v2\/posts\/129445\/revisions\/129446"}],"wp:featuredmedia":[{"embeddable":true,"href":"https:\/\/erdmost.hu\/en\/wp-json\/wp\/v2\/media\/65370"}],"wp:attachment":[{"href":"https:\/\/erdmost.hu\/en\/wp-json\/wp\/v2\/media?parent=129445"}],"wp:term":[{"taxonomy":"category","embeddable":true,"href":"https:\/\/erdmost.hu\/en\/wp-json\/wp\/v2\/categories?post=129445"},{"taxonomy":"cikk_cimkek","embeddable":true,"href":"https:\/\/erdmost.hu\/en\/wp-json\/wp\/v2\/cikk_cimkek?post=129445"},{"taxonomy":"content_flags","embeddable":true,"href":"https:\/\/erdmost.hu\/en\/wp-json\/wp\/v2\/content_flags?post=129445"},{"taxonomy":"content_icons","embeddable":true,"href":"https:\/\/erdmost.hu\/en\/wp-json\/wp\/v2\/content_icons?post=129445"}],"curies":[{"name":"wp","href":"https:\/\/api.w.org\/{rel}","templated":true}]}}