{"id":129006,"date":"2025-10-23T08:51:15","date_gmt":"2025-10-23T06:51:15","guid":{"rendered":"https:\/\/erdmost.hu\/?p=129006"},"modified":"2025-10-23T08:56:28","modified_gmt":"2025-10-23T06:56:28","slug":"erd-gondoskodik-a-hajlektalanokrol","status":"publish","type":"post","link":"https:\/\/erdmost.hu\/en\/2025\/10\/23\/erd-gondoskodik-a-hajlektalanokrol\/","title":{"rendered":"\u00c9rd gondoskodik a hajl\u00e9ktalanokr\u00f3l"},"content":{"rendered":"<p>A t\u00e9li kr\u00edzisid\u0151szak k\u00f6zeledt\u00e9vel az \u00e9rdi <a href=\"https:\/\/szocgonderd.hu\">Szoci\u00e1lis Gondoz\u00f3 K\u00f6zpontban<\/a> ism\u00e9t \u00f6ssze\u00fcltek az \u00e9rdi hajl\u00e9ktalanell\u00e1t\u00e1sban \u00e9rintett szervezetek, hogy k\u00f6z\u00f6sen tekints\u00e9k \u00e1t a feladatokat \u00e9s tapasztalatokat.<\/p>\n<p><img fetchpriority=\"high\" decoding=\"async\" class=\"aligncenter size-full wp-image-129011\" src=\"https:\/\/erdmost.hu\/wp-content\/uploads\/2025\/10\/hajlektalankedes3-scaled.jpg\" alt=\"\" width=\"1920\" height=\"1280\" srcset=\"https:\/\/erdmost.hu\/wp-content\/uploads\/2025\/10\/hajlektalankedes3-scaled.jpg 1920w, https:\/\/erdmost.hu\/wp-content\/uploads\/2025\/10\/hajlektalankedes3-300x200.jpg 300w, https:\/\/erdmost.hu\/wp-content\/uploads\/2025\/10\/hajlektalankedes3-768x512.jpg 768w, https:\/\/erdmost.hu\/wp-content\/uploads\/2025\/10\/hajlektalankedes3-18x12.jpg 18w, https:\/\/erdmost.hu\/wp-content\/uploads\/2025\/10\/hajlektalankedes3-840x560.jpg 840w, https:\/\/erdmost.hu\/wp-content\/uploads\/2025\/10\/hajlektalankedes3-1100x733.jpg 1100w\" sizes=\"(max-width: 1920px) 100vw, 1920px\" \/><\/p>\n<p>A megbesz\u00e9l\u00e9sen r\u00e9szt vett a rend\u0151rs\u00e9g, a polg\u00e1r\u0151rs\u00e9g, a csal\u00e1dseg\u00edt\u0151 k\u00f6zpont, Harmat \u00c1kos alpolg\u00e1rmester, t\u00f6bb k\u00f6rny\u00e9kbeli telep\u00fcl\u00e9s k\u00e9pvisel\u0151i, valamint az utcai szoci\u00e1lis munk\u00e1sok \u00e9s a Menhely Alap\u00edtv\u00e1ny munkat\u00e1rsai is.<\/p>\n<p><img decoding=\"async\" class=\"aligncenter size-full wp-image-129013\" src=\"https:\/\/erdmost.hu\/wp-content\/uploads\/2025\/10\/hajlektalankerdes2-scaled.jpg\" alt=\"\" width=\"1920\" height=\"1280\" srcset=\"https:\/\/erdmost.hu\/wp-content\/uploads\/2025\/10\/hajlektalankerdes2-scaled.jpg 1920w, https:\/\/erdmost.hu\/wp-content\/uploads\/2025\/10\/hajlektalankerdes2-300x200.jpg 300w, https:\/\/erdmost.hu\/wp-content\/uploads\/2025\/10\/hajlektalankerdes2-768x512.jpg 768w, https:\/\/erdmost.hu\/wp-content\/uploads\/2025\/10\/hajlektalankerdes2-18x12.jpg 18w, https:\/\/erdmost.hu\/wp-content\/uploads\/2025\/10\/hajlektalankerdes2-840x560.jpg 840w, https:\/\/erdmost.hu\/wp-content\/uploads\/2025\/10\/hajlektalankerdes2-1100x733.jpg 1100w\" sizes=\"(max-width: 1920px) 100vw, 1920px\" \/><\/p>\n<p><strong>Harmat \u00c1kos<\/strong> alpolg\u00e1rmester elmondta, a megbesz\u00e9l\u00e9sen alaposan g\u00f3rcs\u0151 al\u00e1 vett\u00e9k az \u00e9rdi helyzetet, k\u00fcl\u00f6n\u00f6s tekintettel a B\u00e9ke t\u00e9r \u00e9s az Eur\u00f3pa s\u00e9t\u00e1ny k\u00f6rny\u00e9k\u00e9n \u00e9l\u0151kre, valamint a nappali \u00e9s \u00e9jszakai meleged\u0151k leterhelts\u00e9g\u00e9re. A r\u00e9sztvev\u0151k egyet\u00e9rtettek abban, hogy az ilyen egyeztet\u00e9sek kulcsfontoss\u00e1g\u00faak a t\u00e9li id\u0151szakban, amikor a legkisebb figyelmetlens\u00e9g is ember\u00e9letekbe ker\u00fclhet.<\/p>\n<p><img decoding=\"async\" class=\"aligncenter size-full wp-image-129014\" src=\"https:\/\/erdmost.hu\/wp-content\/uploads\/2025\/10\/hajlektalankerdes4-scaled.jpg\" alt=\"\" width=\"1920\" height=\"1280\" srcset=\"https:\/\/erdmost.hu\/wp-content\/uploads\/2025\/10\/hajlektalankerdes4-scaled.jpg 1920w, https:\/\/erdmost.hu\/wp-content\/uploads\/2025\/10\/hajlektalankerdes4-300x200.jpg 300w, https:\/\/erdmost.hu\/wp-content\/uploads\/2025\/10\/hajlektalankerdes4-768x512.jpg 768w, https:\/\/erdmost.hu\/wp-content\/uploads\/2025\/10\/hajlektalankerdes4-18x12.jpg 18w, https:\/\/erdmost.hu\/wp-content\/uploads\/2025\/10\/hajlektalankerdes4-840x560.jpg 840w, https:\/\/erdmost.hu\/wp-content\/uploads\/2025\/10\/hajlektalankerdes4-1100x733.jpg 1100w\" sizes=\"(max-width: 1920px) 100vw, 1920px\" \/><\/p>\n<p>Felmer\u00fclt az ig\u00e9ny, hogy ne csup\u00e1n \u00e9vente, a t\u00e9l bek\u00f6sz\u00f6nte el\u0151tt \u00fcljenek \u00f6ssze az \u00e9rintett szervezetek, hanem rendszeres, \u00e9vk\u00f6zi tal\u00e1lkoz\u00f3k is seg\u00edts\u00e9k a hat\u00e9konyabb egy\u00fcttm\u0171k\u00f6d\u00e9st. A Hum\u00e1n Szolg\u00e1ltat\u00e1si F\u0151oszt\u00e1ly v\u00e1llalta, hogy \u00f6sszefoglal\u00f3 anyagot k\u00e9sz\u00edt a legfontosabb el\u00e9rhet\u0151s\u00e9gekr\u0151l \u00e9s inform\u00e1ci\u00f3kr\u00f3l, amelyet a v\u00e1rosr\u00e9szfelel\u0151s\u00f6k, az \u00f6nkorm\u00e1nyzati k\u00e9pvisel\u0151k \u00e9s a helyi sajt\u00f3 is megkapnak. \u00cdgy mindenki pontosan tudhatja majd, kihez fordulhat, ha seg\u00edts\u00e9gre szorul\u00f3 emberrel tal\u00e1lkozik.<\/p>\n<p><img loading=\"lazy\" decoding=\"async\" class=\"aligncenter size-full wp-image-125063\" src=\"https:\/\/erdmost.hu\/wp-content\/uploads\/2025\/07\/NB_00010-2-scaled.jpg\" alt=\"\" width=\"1920\" height=\"1280\" srcset=\"https:\/\/erdmost.hu\/wp-content\/uploads\/2025\/07\/NB_00010-2-scaled.jpg 1920w, https:\/\/erdmost.hu\/wp-content\/uploads\/2025\/07\/NB_00010-2-300x200.jpg 300w, https:\/\/erdmost.hu\/wp-content\/uploads\/2025\/07\/NB_00010-2-768x512.jpg 768w, https:\/\/erdmost.hu\/wp-content\/uploads\/2025\/07\/NB_00010-2-18x12.jpg 18w, https:\/\/erdmost.hu\/wp-content\/uploads\/2025\/07\/NB_00010-2-840x560.jpg 840w, https:\/\/erdmost.hu\/wp-content\/uploads\/2025\/07\/NB_00010-2-1100x733.jpg 1100w\" sizes=\"(max-width: 1920px) 100vw, 1920px\" \/><\/p>\n<p><strong>Gecse-Simon Orsolya<\/strong>, a Szoci\u00e1lis Gondoz\u00f3 K\u00f6zpont vezet\u0151je hozz\u00e1tette, a hajl\u00e9ktalans\u00e1g probl\u00e9m\u00e1ja nem kiz\u00e1r\u00f3lag az utc\u00e1n \u00e9l\u0151ket \u00e9rinti. Sok id\u0151s, egyed\u00fcl \u00e9l\u0151 ember is vesz\u00e9lybe ker\u00fclhet saj\u00e1t otthon\u00e1ban, ha nem tud f\u0171teni vagy seg\u00edts\u00e9get k\u00e9rni. Ha valaki azt tapasztalja, hogy a szomsz\u00e9d h\u00e1zban napok \u00f3ta nem mutatkozik \u00e9letjel \u2013 p\u00e9ld\u00e1ul nem sz\u00e1ll fel a f\u00fcst a k\u00e9m\u00e9nyb\u0151l \u2013, \u00e9rdemes jelezni a csal\u00e1dseg\u00edt\u0151 szolg\u00e1latn\u00e1l, akik ilyenkor ellen\u0151rzik a helyzetet.<\/p>\n<p>Elmondta azt is, hogy a polg\u00e1r\u0151rs\u00e9g a hideg h\u00f3napokban fokozottan figyeli a k\u00f6zter\u00fcleteket, de a legfontosabb szerep tov\u00e1bbra is a k\u00f6z\u00f6ss\u00e9g\u00e9. Az egy\u00fctt\u00e9rz\u00e9s \u00e9s az odafigyel\u00e9s \u00e9letet menthet: a szakemberek arra k\u00e9rik az \u00e9rdieket, hogy ne k\u00f6z\u00f6nnyel, hanem meg\u00e9rt\u00e9ssel forduljanak az utc\u00e1n \u00e9l\u0151k fel\u00e9. Sok hajl\u00e9ktalan ember nem \u00f6nsz\u00e1nt\u00e1b\u00f3l ker\u00fclt ebbe a helyzetbe, \u00e9s az utc\u00e1r\u00f3l rendk\u00edv\u00fcl neh\u00e9z visszat\u00e9rni a t\u00e1rsadalomba.<\/p>\n<p><img loading=\"lazy\" decoding=\"async\" class=\"aligncenter size-full wp-image-129008\" src=\"https:\/\/erdmost.hu\/wp-content\/uploads\/2025\/10\/hajlektalan1-scaled.jpg\" alt=\"\" width=\"1920\" height=\"1277\" srcset=\"https:\/\/erdmost.hu\/wp-content\/uploads\/2025\/10\/hajlektalan1-scaled.jpg 1920w, https:\/\/erdmost.hu\/wp-content\/uploads\/2025\/10\/hajlektalan1-300x200.jpg 300w, https:\/\/erdmost.hu\/wp-content\/uploads\/2025\/10\/hajlektalan1-768x511.jpg 768w, https:\/\/erdmost.hu\/wp-content\/uploads\/2025\/10\/hajlektalan1-18x12.jpg 18w, https:\/\/erdmost.hu\/wp-content\/uploads\/2025\/10\/hajlektalan1-842x560.jpg 842w, https:\/\/erdmost.hu\/wp-content\/uploads\/2025\/10\/hajlektalan1-1100x732.jpg 1100w\" sizes=\"(max-width: 1920px) 100vw, 1920px\" \/><\/p>\n<blockquote><p>Az el\u0151\u00edt\u00e9letek \u00e9s elutas\u00edt\u00e1s helyett sokkal t\u00f6bbet seg\u00edt, ha valaki emberi sz\u00f3val fordul hozz\u00e1juk, \u00e9s b\u00e1tor\u00edtja \u0151ket, hogy vegy\u00e9k ig\u00e9nybe az \u00e9jjeli mened\u00e9khelyek \u00e9s nappali meleged\u0151k szolg\u00e1ltat\u00e1sait.<\/p><\/blockquote>\n<p>A mened\u00e9khelyek \u00e9s meleged\u0151k nemcsak a biztons\u00e1gos t\u00fal\u00e9l\u00e9st szolg\u00e1lj\u00e1k, hanem lehet\u0151s\u00e9get is k\u00edn\u00e1lnak az \u00fajrakezd\u00e9sre \u2013 szakemberek seg\u00edts\u00e9g\u00e9vel ak\u00e1r munk\u00e1t \u00e9s lakhat\u00e1st is tal\u00e1lhatnak az oda bet\u00e9r\u0151k. Az odafigyel\u00e9s, a bizalom \u00e9s a seg\u00edt\u0151 sz\u00e1nd\u00e9k teh\u00e1t nemcsak a kr\u00edzishelyzetek megel\u0151z\u00e9s\u00e9ben, hanem emberi sorsok megv\u00e1ltoztat\u00e1s\u00e1ban is kulcsszerepet j\u00e1tszik.<\/p>","protected":false},"excerpt":{"rendered":"<p>Egyeztettek az \u00e9rdi hajl\u00e9ktalanell\u00e1t\u00e1s szerepl\u0151i.<\/p>","protected":false},"author":33,"featured_media":129009,"comment_status":"closed","ping_status":"closed","sticky":false,"template":"","format":"standard","meta":{"_acf_changed":false,"_seopress_robots_primary_cat":"none","_seopress_titles_title":"","_seopress_titles_desc":"","_seopress_robots_index":"","site-sidebar-layout":"default","site-content-layout":"","ast-site-content-layout":"default","site-content-style":"default","site-sidebar-style":"default","ast-global-header-display":"","ast-banner-title-visibility":"","ast-main-header-display":"","ast-hfb-above-header-display":"","ast-hfb-below-header-display":"","ast-hfb-mobile-header-display":"","site-post-title":"","ast-breadcrumbs-content":"","ast-featured-img":"","footer-sml-layout":"","ast-disable-related-posts":"","theme-transparent-header-meta":"default","adv-header-id-meta":"","stick-header-meta":"","header-above-stick-meta":"","header-main-stick-meta":"","header-below-stick-meta":"","astra-migrate-meta-layouts":"set","ast-page-background-enabled":"default","ast-page-background-meta":{"desktop":{"background-color":"","background-image":"","background-repeat":"repeat","background-position":"center center","background-size":"auto","background-attachment":"scroll","background-type":"","background-media":"","overlay-type":"","overlay-color":"","overlay-opacity":"","overlay-gradient":""},"tablet":{"background-color":"","background-image":"","background-repeat":"repeat","background-position":"center center","background-size":"auto","background-attachment":"scroll","background-type":"","background-media":"","overlay-type":"","overlay-color":"","overlay-opacity":"","overlay-gradient":""},"mobile":{"background-color":"","background-image":"","background-repeat":"repeat","background-position":"center center","background-size":"auto","background-attachment":"scroll","background-type":"","background-media":"","overlay-type":"","overlay-color":"","overlay-opacity":"","overlay-gradient":""}},"ast-content-background-meta":{"desktop":{"background-color":"var(--ast-global-color-5)","background-image":"","background-repeat":"repeat","background-position":"center center","background-size":"auto","background-attachment":"scroll","background-type":"","background-media":"","overlay-type":"","overlay-color":"","overlay-opacity":"","overlay-gradient":""},"tablet":{"background-color":"var(--ast-global-color-5)","background-image":"","background-repeat":"repeat","background-position":"center center","background-size":"auto","background-attachment":"scroll","background-type":"","background-media":"","overlay-type":"","overlay-color":"","overlay-opacity":"","overlay-gradient":""},"mobile":{"background-color":"var(--ast-global-color-5)","background-image":"","background-repeat":"repeat","background-position":"center center","background-size":"auto","background-attachment":"scroll","background-type":"","background-media":"","overlay-type":"","overlay-color":"","overlay-opacity":"","overlay-gradient":""}},"footnotes":""},"categories":[1,463,461,462,464,1608,460],"cikk_cimkek":[4037,6117,6118],"content_flags":[],"content_icons":[],"class_list":["post-129006","post","type-post","status-publish","format-standard","has-post-thumbnail","hentry","category-erdmost","category-fontos","category-jobbfent","category-kiemelt","category-kozerdeku","category-mindennapok","category-top","cikk_cimkek-erdi-szocialis-gondozo-kozpont","cikk_cimkek-hajlektalanok","cikk_cimkek-teli-krizisidoszak"],"acf":[],"_links":{"self":[{"href":"https:\/\/erdmost.hu\/en\/wp-json\/wp\/v2\/posts\/129006","targetHints":{"allow":["GET"]}}],"collection":[{"href":"https:\/\/erdmost.hu\/en\/wp-json\/wp\/v2\/posts"}],"about":[{"href":"https:\/\/erdmost.hu\/en\/wp-json\/wp\/v2\/types\/post"}],"author":[{"embeddable":true,"href":"https:\/\/erdmost.hu\/en\/wp-json\/wp\/v2\/users\/33"}],"replies":[{"embeddable":true,"href":"https:\/\/erdmost.hu\/en\/wp-json\/wp\/v2\/comments?post=129006"}],"version-history":[{"count":5,"href":"https:\/\/erdmost.hu\/en\/wp-json\/wp\/v2\/posts\/129006\/revisions"}],"predecessor-version":[{"id":129051,"href":"https:\/\/erdmost.hu\/en\/wp-json\/wp\/v2\/posts\/129006\/revisions\/129051"}],"wp:featuredmedia":[{"embeddable":true,"href":"https:\/\/erdmost.hu\/en\/wp-json\/wp\/v2\/media\/129009"}],"wp:attachment":[{"href":"https:\/\/erdmost.hu\/en\/wp-json\/wp\/v2\/media?parent=129006"}],"wp:term":[{"taxonomy":"category","embeddable":true,"href":"https:\/\/erdmost.hu\/en\/wp-json\/wp\/v2\/categories?post=129006"},{"taxonomy":"cikk_cimkek","embeddable":true,"href":"https:\/\/erdmost.hu\/en\/wp-json\/wp\/v2\/cikk_cimkek?post=129006"},{"taxonomy":"content_flags","embeddable":true,"href":"https:\/\/erdmost.hu\/en\/wp-json\/wp\/v2\/content_flags?post=129006"},{"taxonomy":"content_icons","embeddable":true,"href":"https:\/\/erdmost.hu\/en\/wp-json\/wp\/v2\/content_icons?post=129006"}],"curies":[{"name":"wp","href":"https:\/\/api.w.org\/{rel}","templated":true}]}}