{"id":126974,"date":"2025-09-10T15:46:00","date_gmt":"2025-09-10T13:46:00","guid":{"rendered":"https:\/\/erdmost.hu\/?p=126974"},"modified":"2025-09-10T15:46:00","modified_gmt":"2025-09-10T13:46:00","slug":"zoldits-es-nyerj-egy-horvatorszagi-utazast","status":"publish","type":"post","link":"https:\/\/erdmost.hu\/en\/2025\/09\/10\/zoldits-es-nyerj-egy-horvatorszagi-utazast\/","title":{"rendered":"Z\u00f6ld\u00edts \u00e9s nyerj egy horv\u00e1torsz\u00e1gi utaz\u00e1st"},"content":{"rendered":"<p>\u00c9rd is r\u00e9sze az eur\u00f3pai uni\u00f3s <a href=\"http:\/\/erdmost.hu\/en\/2025\/03\/06\/nemzetkozi-program-kereteben-fejlesztik-a-klimaparkot\/\" target=\"_blank\" rel=\"noopener\">Urbio Bauhaus<\/a> elnevez\u00e9s\u0171 projektnek, amelynek c\u00e9lja a biol\u00f3giai sokf\u00e9les\u00e9g cs\u00f6kken\u00e9se elleni k\u00fczdelem a k\u00f6z\u00e9p-eur\u00f3pai v\u00e1rosi \u00e9s v\u00e1rosk\u00f6rny\u00e9ki ter\u00fcleteken. A program r\u00e9sztvev\u0151i kidolgoznak egy \u00fctemtervet, amelynek seg\u00edts\u00e9g\u00e9vel jelent\u0151sen meg\u00e1ll\u00edthatj\u00e1k \u00e9s visszaford\u00edthatj\u00e1k ezt a k\u00e1ros folyamatot.<\/p>\n<p>A kidolgozott megold\u00e1st n\u00e9gy v\u00e1rosban (a szlov\u00e9niai Kranj, a horv\u00e1torsz\u00e1gi Pula, a lengyelorsz\u00e1gi Wroclaw \u00e9s \u00c9rd) tesztelik \u00e9s val\u00f3s\u00edtj\u00e1k meg. Az \u00e9rdi helysz\u00edn a Kl\u00edmapark lesz (ennek r\u00e9szleteir\u0151l kor\u00e1bban <a href=\"https:\/\/erdmost.hu\/en\/2025\/05\/23\/tervezik-a-nyugalom-husito-erdi-szigetet\/\" target=\"_blank\" rel=\"noopener\">itt \u00edrtunk<\/a>).<\/p>\n<figure id=\"attachment_126978\" aria-describedby=\"caption-attachment-126978\" style=\"width: 2560px\" class=\"wp-caption aligncenter\"><img fetchpriority=\"high\" decoding=\"async\" class=\"wp-image-126978 size-full\" src=\"https:\/\/erdmost.hu\/wp-content\/uploads\/2025\/09\/IMG_0480-scaled.jpg\" alt=\"\" width=\"2560\" height=\"1920\" srcset=\"https:\/\/erdmost.hu\/wp-content\/uploads\/2025\/09\/IMG_0480-scaled.jpg 1920w, https:\/\/erdmost.hu\/wp-content\/uploads\/2025\/09\/IMG_0480-300x225.jpg 300w, https:\/\/erdmost.hu\/wp-content\/uploads\/2025\/09\/IMG_0480-768x576.jpg 768w, https:\/\/erdmost.hu\/wp-content\/uploads\/2025\/09\/IMG_0480-16x12.jpg 16w, https:\/\/erdmost.hu\/wp-content\/uploads\/2025\/09\/IMG_0480-747x560.jpg 747w, https:\/\/erdmost.hu\/wp-content\/uploads\/2025\/09\/IMG_0480-1067x800.jpg 1067w\" sizes=\"(max-width: 2560px) 100vw, 2560px\" \/><figcaption id=\"caption-attachment-126978\" class=\"wp-caption-text\"><em>Wroclaw, Olawa foly\u00f3 (fot\u00f3: \u00c1d\u00e1m Katalin)<\/em><\/figcaption><\/figure>\n<p>A projekt keret\u00e9ben l\u00e9trehozt\u00e1k a Biocentrum elnevez\u00e9s\u0171 \u00f6tletlabort, ahol szakemberek \u00e9s elk\u00f6telezett civilek felm\u00e9rik a lehet\u0151s\u00e9geket, keresik az \u00fajfajta megold\u00e1sokat, illetve \u00faj eszk\u00f6z\u00f6ket vetnek be \u00e9s pr\u00f3b\u00e1lnak ki k\u00f6z\u00f6sen. Az \u00f6nkorm\u00e1nyzat a m\u0171helymunk\u00e1ba szeretn\u00e9 bevonni az \u00e9rdi 18-29 \u00e9ves fiatalokat is, ez\u00e9rt p\u00e1ly\u00e1zatot hirdetett k\u00f6r\u00fckben:<\/p>\n<blockquote><p><span dir=\"ltr\" role=\"presentation\">Dolgozz ki egy olyan projektet, amely \u00c9rd v\u00e1rosi kl\u00edm\u00e1j\u00e1ra, biodiverzit\u00e1s\u00e1ra hat\u00e1ssal lehet,\u00a0 \u00e9s el<\/span><span dir=\"ltr\" role=\"presentation\">\u0151<\/span><span dir=\"ltr\" role=\"presentation\">seg\u00edthet <\/span><span dir=\"ltr\" role=\"presentation\">egy \u00e9lhet<\/span><span dir=\"ltr\" role=\"presentation\">\u0151<\/span><span dir=\"ltr\" role=\"presentation\">bb v\u00e1rosi k\u00f6rnyezetet. Olyan p\u00e1lyamunk\u00e1kat v\u00e1runk, amelyek maximum brutt\u00f3 20 milli\u00f3 forint <\/span><span dir=\"ltr\" role=\"presentation\">k\u00f6lts\u00e9gvet\u00e9sbe belef\u00e9rnek, k\u00f6lts\u00e9ghat\u00e9konyak (ak\u00e1r \u00f6nk\u00e9ntes tev\u00e9kenys\u00e9geket is tartalmazhatnak) \u00e9s a <\/span><span dir=\"ltr\" role=\"presentation\">helyi biodiverzit\u00e1ssal kapcsolatos kih\u00edv\u00e1sokra adnak v\u00e1laszt. Fontos szempont a t\u00e1rsadalmi r\u00e9szv\u00e9tel <\/span><span dir=\"ltr\" role=\"presentation\">er<\/span><span dir=\"ltr\" role=\"presentation\">\u0151<\/span><span dir=\"ltr\" role=\"presentation\">s\u00edt\u00e9se is.\u00a0<\/span><\/p><\/blockquote>\n<p>Term\u00e9szetesen nem eg\u00e9sz \u00c9rd, hanem egy-egy ter\u00fclet z\u00f6ld\u00edt\u00e9s\u00e9re v\u00e1rnak \u00f6tleteket.<\/p>\n<p><img decoding=\"async\" class=\"aligncenter size-full wp-image-118302\" src=\"https:\/\/erdmost.hu\/wp-content\/uploads\/2025\/03\/NB_00006-2-scaled.jpg\" alt=\"\" width=\"1920\" height=\"1280\" srcset=\"https:\/\/erdmost.hu\/wp-content\/uploads\/2025\/03\/NB_00006-2-scaled.jpg 1920w, https:\/\/erdmost.hu\/wp-content\/uploads\/2025\/03\/NB_00006-2-300x200.jpg 300w, https:\/\/erdmost.hu\/wp-content\/uploads\/2025\/03\/NB_00006-2-768x512.jpg 768w, https:\/\/erdmost.hu\/wp-content\/uploads\/2025\/03\/NB_00006-2-18x12.jpg 18w, https:\/\/erdmost.hu\/wp-content\/uploads\/2025\/03\/NB_00006-2-840x560.jpg 840w, https:\/\/erdmost.hu\/wp-content\/uploads\/2025\/03\/NB_00006-2-1100x733.jpg 1100w\" sizes=\"(max-width: 1920px) 100vw, 1920px\" \/><\/p>\n<p>Fontos, hogy a p\u00e1ly\u00e1z\u00f3k legal\u00e1bb k\u00f6z\u00e9pszinten tudjanak angolul (\u00e9rtsenek \u00e9s merj\u00e9k is akt\u00edvan haszn\u00e1lni a nyelvet), k\u00f6t\u0151djenek \u00c9rdhez (itt \u00e9lnek, tanulnak, dolgoznak, vagy kor\u00e1bban ide j\u00e1rtak suliba, illetve kor\u00e1bban itt laktak), \u00e9s \u00e9rdekelje \u0151ket a v\u00e1ros j\u00f6v\u0151je, z\u00f6ld\u00edt\u00e9se, illetve a term\u00e9szetv\u00e9delem.<\/p>\n<p>Szakk\u00e9pzetts\u00e9g nem felt\u00e9tel, de term\u00e9szetesen v\u00e1rj\u00e1k kezd\u0151 vagy ak\u00e1r tapasztalt szakemberek (v\u00e1rostervez\u00e9s, \u00f6kol\u00f3gia, biol\u00f3gia, t\u00e1j\u00e9p\u00edt\u00e9szet), illetve az el\u0151bb felsorolt ter\u00fcleteken tanul\u00f3k p\u00e1lyamunk\u00e1it is. Fontos, hogy \u0151k is k\u00f6t\u0151djenek valamilyen form\u00e1ban \u00c9rdhez, hiszen a v\u00e1ros ismerete fontos a tervez\u00e9s szempontj\u00e1b\u00f3l.<\/p>\n<p><strong>A felh\u00edv\u00e1sra szeptember 19-ig lehet m\u00e9g regisztr\u00e1lni <a href=\"https:\/\/docs.google.com\/forms\/d\/e\/1FAIpQLSf_BHs-32NeCJuWsMYlFhBU9_2xq8HUWF_7l9HuXnYp_IXWJw\/viewform\" target=\"_blank\" rel=\"noopener\">ezen az \u0171rlapon<\/a>, a p\u00e1lyamunk\u00e1kat pedig okt\u00f3ber 15. 23:59-ig lehet beny\u00fajtani a palyazat@erd.hu emailc\u00edmen.\u00a0<\/strong><\/p>\n<p><img decoding=\"async\" class=\"aligncenter size-full wp-image-118299\" src=\"https:\/\/erdmost.hu\/wp-content\/uploads\/2025\/03\/NB_00003-1-scaled.jpg\" alt=\"\" width=\"1920\" height=\"1280\" srcset=\"https:\/\/erdmost.hu\/wp-content\/uploads\/2025\/03\/NB_00003-1-scaled.jpg 1920w, https:\/\/erdmost.hu\/wp-content\/uploads\/2025\/03\/NB_00003-1-300x200.jpg 300w, https:\/\/erdmost.hu\/wp-content\/uploads\/2025\/03\/NB_00003-1-768x512.jpg 768w, https:\/\/erdmost.hu\/wp-content\/uploads\/2025\/03\/NB_00003-1-18x12.jpg 18w, https:\/\/erdmost.hu\/wp-content\/uploads\/2025\/03\/NB_00003-1-840x560.jpg 840w, https:\/\/erdmost.hu\/wp-content\/uploads\/2025\/03\/NB_00003-1-1100x733.jpg 1100w\" sizes=\"(max-width: 1920px) 100vw, 1920px\" \/><\/p>\n<p>Hogy ki nyeri a 150, 50, illetve 30 ezer forint \u00e9rt\u00e9k\u0171 t\u00e1rgynyerem\u00e9nyt, az november els\u0151 fel\u00e9ben d\u0151l el, aminthogy az is, hogy ki vehet r\u00e9szt a\u00a0 horv\u00e1torsz\u00e1gi Pul\u00e1ban megrendez\u00e9sre ker\u00fcl\u0151 nemzetk\u00f6zi tal\u00e1lkoz\u00f3n. Ide a legjobb p\u00e1lyamunk\u00e1kat beny\u00fajt\u00f3 3-4 f\u0151nek tud helyet biztos\u00edtani az \u00f6nkorm\u00e1nyzat. \u00c1llj\u00e1k az \u00fatik\u00f6lts\u00e9get, sz\u00e1ll\u00e1st, utasbiztos\u00edt\u00e1st, f\u0151\u00e9tkez\u00e9seket is. (A tal\u00e1lkoz\u00f3 pontos id\u0151pontja m\u00e9g egyeztet\u00e9s alatt van.)<\/p>\n<p>A r\u00e9szletes p\u00e1ly\u00e1zati felh\u00edv\u00e1st <a href=\"https:\/\/www.erd.hu\/kozerdeku-informaciok\/palyazatok\/egyeb-palyazatok\/urbio-bauhaus--fiatalok-otletpalyazata\" target=\"_blank\" rel=\"noopener\">itt tal\u00e1lj\u00e1k<\/a> olvas\u00f3ink.<\/p>","protected":false},"excerpt":{"rendered":"<p>29 \u00e9v alatti vagy, \u00e9s \u00e9rdekel a v\u00e1ros j\u00f6v\u0151je? P\u00e1ly\u00e1zatoddal r\u00e9szt vehetsz a nemzetk\u00f6zi Urbio Bauhaus projektben. <\/p>","protected":false},"author":5,"featured_media":126981,"comment_status":"closed","ping_status":"closed","sticky":false,"template":"","format":"standard","meta":{"_acf_changed":false,"_seopress_robots_primary_cat":"none","_seopress_titles_title":"","_seopress_titles_desc":"","_seopress_robots_index":"","site-sidebar-layout":"default","site-content-layout":"","ast-site-content-layout":"default","site-content-style":"default","site-sidebar-style":"default","ast-global-header-display":"","ast-banner-title-visibility":"","ast-main-header-display":"","ast-hfb-above-header-display":"","ast-hfb-below-header-display":"","ast-hfb-mobile-header-display":"","site-post-title":"","ast-breadcrumbs-content":"","ast-featured-img":"","footer-sml-layout":"","ast-disable-related-posts":"","theme-transparent-header-meta":"default","adv-header-id-meta":"","stick-header-meta":"","header-above-stick-meta":"","header-main-stick-meta":"","header-below-stick-meta":"","astra-migrate-meta-layouts":"set","ast-page-background-enabled":"default","ast-page-background-meta":{"desktop":{"background-color":"","background-image":"","background-repeat":"repeat","background-position":"center center","background-size":"auto","background-attachment":"scroll","background-type":"","background-media":"","overlay-type":"","overlay-color":"","overlay-opacity":"","overlay-gradient":""},"tablet":{"background-color":"","background-image":"","background-repeat":"repeat","background-position":"center center","background-size":"auto","background-attachment":"scroll","background-type":"","background-media":"","overlay-type":"","overlay-color":"","overlay-opacity":"","overlay-gradient":""},"mobile":{"background-color":"","background-image":"","background-repeat":"repeat","background-position":"center center","background-size":"auto","background-attachment":"scroll","background-type":"","background-media":"","overlay-type":"","overlay-color":"","overlay-opacity":"","overlay-gradient":""}},"ast-content-background-meta":{"desktop":{"background-color":"var(--ast-global-color-5)","background-image":"","background-repeat":"repeat","background-position":"center center","background-size":"auto","background-attachment":"scroll","background-type":"","background-media":"","overlay-type":"","overlay-color":"","overlay-opacity":"","overlay-gradient":""},"tablet":{"background-color":"var(--ast-global-color-5)","background-image":"","background-repeat":"repeat","background-position":"center center","background-size":"auto","background-attachment":"scroll","background-type":"","background-media":"","overlay-type":"","overlay-color":"","overlay-opacity":"","overlay-gradient":""},"mobile":{"background-color":"var(--ast-global-color-5)","background-image":"","background-repeat":"repeat","background-position":"center center","background-size":"auto","background-attachment":"scroll","background-type":"","background-media":"","overlay-type":"","overlay-color":"","overlay-opacity":"","overlay-gradient":""}},"footnotes":""},"categories":[1,463,461,462,1608,460],"cikk_cimkek":[6039,130,244,5518],"content_flags":[],"content_icons":[],"class_list":["post-126974","post","type-post","status-publish","format-standard","has-post-thumbnail","hentry","category-erdmost","category-fontos","category-jobbfent","category-kiemelt","category-mindennapok","category-top","cikk_cimkek-biocentrum","cikk_cimkek-kornyezetvedelem","cikk_cimkek-palyazat","cikk_cimkek-urbio-bauhaus"],"acf":[],"_links":{"self":[{"href":"https:\/\/erdmost.hu\/en\/wp-json\/wp\/v2\/posts\/126974","targetHints":{"allow":["GET"]}}],"collection":[{"href":"https:\/\/erdmost.hu\/en\/wp-json\/wp\/v2\/posts"}],"about":[{"href":"https:\/\/erdmost.hu\/en\/wp-json\/wp\/v2\/types\/post"}],"author":[{"embeddable":true,"href":"https:\/\/erdmost.hu\/en\/wp-json\/wp\/v2\/users\/5"}],"replies":[{"embeddable":true,"href":"https:\/\/erdmost.hu\/en\/wp-json\/wp\/v2\/comments?post=126974"}],"version-history":[{"count":5,"href":"https:\/\/erdmost.hu\/en\/wp-json\/wp\/v2\/posts\/126974\/revisions"}],"predecessor-version":[{"id":127003,"href":"https:\/\/erdmost.hu\/en\/wp-json\/wp\/v2\/posts\/126974\/revisions\/127003"}],"wp:featuredmedia":[{"embeddable":true,"href":"https:\/\/erdmost.hu\/en\/wp-json\/wp\/v2\/media\/126981"}],"wp:attachment":[{"href":"https:\/\/erdmost.hu\/en\/wp-json\/wp\/v2\/media?parent=126974"}],"wp:term":[{"taxonomy":"category","embeddable":true,"href":"https:\/\/erdmost.hu\/en\/wp-json\/wp\/v2\/categories?post=126974"},{"taxonomy":"cikk_cimkek","embeddable":true,"href":"https:\/\/erdmost.hu\/en\/wp-json\/wp\/v2\/cikk_cimkek?post=126974"},{"taxonomy":"content_flags","embeddable":true,"href":"https:\/\/erdmost.hu\/en\/wp-json\/wp\/v2\/content_flags?post=126974"},{"taxonomy":"content_icons","embeddable":true,"href":"https:\/\/erdmost.hu\/en\/wp-json\/wp\/v2\/content_icons?post=126974"}],"curies":[{"name":"wp","href":"https:\/\/api.w.org\/{rel}","templated":true}]}}