{"id":126201,"date":"2025-08-22T16:34:11","date_gmt":"2025-08-22T14:34:11","guid":{"rendered":"https:\/\/erdmost.hu\/?p=126201"},"modified":"2025-08-22T16:35:05","modified_gmt":"2025-08-22T14:35:05","slug":"ket-baleset-is-tortent-az-m7-esen","status":"publish","type":"post","link":"https:\/\/erdmost.hu\/en\/2025\/08\/22\/ket-baleset-is-tortent-az-m7-esen\/","title":{"rendered":"K\u00e9t baleset is t\u00f6rt\u00e9nt az M7-esen"},"content":{"rendered":"<p>A Pest V\u00e1rmegyei Katasztr\u00f3fav\u00e9delmi Igazgat\u00f3s\u00e1g t\u00e1j\u00e9koztat\u00e1sa szerint t\u00f6bb baleset is t\u00f6rt\u00e9nt cs\u00fct\u00f6rt\u00f6k\u00f6n \u00c9rden \u00e9s k\u00f6rny\u00e9n. Az M7-es aut\u00f3p\u00e1ly\u00e1n a reggeli \u00e9s a d\u00e9lut\u00e1ni \u00f3r\u00e1kban is voltak esem\u00e9nyek, amelyekhez a t\u0171zolt\u00f3kat is riasztott\u00e1k.<\/p>\n<p><img fetchpriority=\"high\" decoding=\"async\" class=\"aligncenter size-full wp-image-126213\" src=\"https:\/\/erdmost.hu\/wp-content\/uploads\/2025\/08\/20250821_051645-scaled.jpg\" alt=\"\" width=\"2560\" height=\"1920\" srcset=\"https:\/\/erdmost.hu\/wp-content\/uploads\/2025\/08\/20250821_051645-scaled.jpg 1920w, https:\/\/erdmost.hu\/wp-content\/uploads\/2025\/08\/20250821_051645-300x225.jpg 300w, https:\/\/erdmost.hu\/wp-content\/uploads\/2025\/08\/20250821_051645-768x576.jpg 768w, https:\/\/erdmost.hu\/wp-content\/uploads\/2025\/08\/20250821_051645-16x12.jpg 16w, https:\/\/erdmost.hu\/wp-content\/uploads\/2025\/08\/20250821_051645-747x560.jpg 747w, https:\/\/erdmost.hu\/wp-content\/uploads\/2025\/08\/20250821_051645-1067x800.jpg 1067w\" sizes=\"(max-width: 2560px) 100vw, 2560px\" \/><\/p>\n<p>Cs\u00e1mpai Attila sz\u00f3viv\u0151 az \u00c9rdMostnak elmondta, hogy a kora reggeli \u00f3r\u00e1kban egy kisteheraut\u00f3 h\u00e1tulj\u00e1ba rohant egy szem\u00e9lyg\u00e9pkocsi az M7-es aut\u00f3p\u00e1lya 20-as kilom\u00e9ter\u00e9n\u00e9l, T\u00e1rnok k\u00f6zel\u00e9ben. Az esetn\u00e9l az \u00e9rdi hivat\u00e1sos t\u0171zolt\u00f3k \u00e1ramtalan\u00edtott\u00e1k \u00e9s \u00e1tvizsg\u00e1lt\u00e1k a j\u00e1rm\u0171veket, majd biztos\u00edtott\u00e1k a helysz\u00ednt.<\/p>\n<p><img decoding=\"async\" class=\"aligncenter size-full wp-image-126211\" src=\"https:\/\/erdmost.hu\/wp-content\/uploads\/2025\/08\/20250821_051544-scaled.jpg\" alt=\"\" width=\"2560\" height=\"1920\" srcset=\"https:\/\/erdmost.hu\/wp-content\/uploads\/2025\/08\/20250821_051544-scaled.jpg 1920w, https:\/\/erdmost.hu\/wp-content\/uploads\/2025\/08\/20250821_051544-300x225.jpg 300w, https:\/\/erdmost.hu\/wp-content\/uploads\/2025\/08\/20250821_051544-768x576.jpg 768w, https:\/\/erdmost.hu\/wp-content\/uploads\/2025\/08\/20250821_051544-16x12.jpg 16w, https:\/\/erdmost.hu\/wp-content\/uploads\/2025\/08\/20250821_051544-747x560.jpg 747w, https:\/\/erdmost.hu\/wp-content\/uploads\/2025\/08\/20250821_051544-1067x800.jpg 1067w\" sizes=\"(max-width: 2560px) 100vw, 2560px\" \/><\/p>\n<p>Inform\u00e1ci\u00f3k szerint komolyabban senki sem s\u00e9r\u00fclt meg, egy embert azonban megfigyel\u00e9sre k\u00f3rh\u00e1zba kellett sz\u00e1ll\u00edtani.<\/p>\n<p>Sajnos nem csak ehhez az esethez riasztott\u00e1k az \u00e9rdi t\u0171zolt\u00f3kat. A d\u00e9lut\u00e1ni \u00f3r\u00e1kban pedig k\u00e9t szem\u00e9lyaut\u00f3 \u00fctk\u00f6z\u00f6tt \u00f6ssze az M7-es aut\u00f3p\u00e1lya Letenye fel\u00e9 vezet\u0151 oldal\u00e1n, \u00c9rd t\u00e9rs\u00e9g\u00e9ben, a 18-as kilom\u00e9terszelv\u00e9ny k\u00f6zel\u00e9ben. Az aut\u00f3kat \u00e1ramtalan\u00edtott\u00e1k a szakemberek, a ment\u00e9s sor\u00e1n pedig az \u00e9rintett sztr\u00e1daszakaszon egy s\u00e1von haladt a forgalom, \u00edgy torl\u00f3d\u00e1s is kialakult a p\u00e1lyaszakaszon.<\/p>\n<p>Szerd\u00e1n a t\u00f6r\u00f6kb\u00e1linti hivat\u00e1sos t\u0171zolt\u00f3kat Di\u00f3sdra riasztott, ugyanis k\u00e9t szem\u00e9lyg\u00e9pkocsi \u00fctk\u00f6z\u00f6tt \u00f6ssze a T\u00e9t\u00e9nyi utc\u00e1ban. Az \u00fctk\u00f6z\u00e9s k\u00f6vetkezt\u00e9ben az egyik aut\u00f3 t\u0171zcsapnak \u00e9s ker\u00edt\u00e9snek \u00fctk\u00f6z\u00f6tt, az \u00f6sszet\u00f6rt aut\u00f3k forgalmi akad\u00e1lyt okoztak.<\/p>","protected":false},"excerpt":{"rendered":"<p>Cs\u00fct\u00f6rt\u00f6k\u00f6n reggel \u00e9s d\u00e9lut\u00e1n is mentettek az \u00e9rdi t\u0171zolt\u00f3k, Di\u00f3sdon pedig egy aut\u00f3 t\u0171zcsapnak \u00e9s ker\u00edt\u00e9snek csap\u00f3dott.<\/p>","protected":false},"author":27,"featured_media":126210,"comment_status":"closed","ping_status":"closed","sticky":false,"template":"","format":"standard","meta":{"_acf_changed":false,"_seopress_robots_primary_cat":"none","_seopress_titles_title":"","_seopress_titles_desc":"","_seopress_robots_index":"","site-sidebar-layout":"default","site-content-layout":"","ast-site-content-layout":"default","site-content-style":"default","site-sidebar-style":"default","ast-global-header-display":"","ast-banner-title-visibility":"","ast-main-header-display":"","ast-hfb-above-header-display":"","ast-hfb-below-header-display":"","ast-hfb-mobile-header-display":"","site-post-title":"","ast-breadcrumbs-content":"","ast-featured-img":"","footer-sml-layout":"","ast-disable-related-posts":"","theme-transparent-header-meta":"default","adv-header-id-meta":"","stick-header-meta":"","header-above-stick-meta":"","header-main-stick-meta":"","header-below-stick-meta":"","astra-migrate-meta-layouts":"set","ast-page-background-enabled":"default","ast-page-background-meta":{"desktop":{"background-color":"","background-image":"","background-repeat":"repeat","background-position":"center center","background-size":"auto","background-attachment":"scroll","background-type":"","background-media":"","overlay-type":"","overlay-color":"","overlay-opacity":"","overlay-gradient":""},"tablet":{"background-color":"","background-image":"","background-repeat":"repeat","background-position":"center center","background-size":"auto","background-attachment":"scroll","background-type":"","background-media":"","overlay-type":"","overlay-color":"","overlay-opacity":"","overlay-gradient":""},"mobile":{"background-color":"","background-image":"","background-repeat":"repeat","background-position":"center center","background-size":"auto","background-attachment":"scroll","background-type":"","background-media":"","overlay-type":"","overlay-color":"","overlay-opacity":"","overlay-gradient":""}},"ast-content-background-meta":{"desktop":{"background-color":"var(--ast-global-color-5)","background-image":"","background-repeat":"repeat","background-position":"center center","background-size":"auto","background-attachment":"scroll","background-type":"","background-media":"","overlay-type":"","overlay-color":"","overlay-opacity":"","overlay-gradient":""},"tablet":{"background-color":"var(--ast-global-color-5)","background-image":"","background-repeat":"repeat","background-position":"center center","background-size":"auto","background-attachment":"scroll","background-type":"","background-media":"","overlay-type":"","overlay-color":"","overlay-opacity":"","overlay-gradient":""},"mobile":{"background-color":"var(--ast-global-color-5)","background-image":"","background-repeat":"repeat","background-position":"center center","background-size":"auto","background-attachment":"scroll","background-type":"","background-media":"","overlay-type":"","overlay-color":"","overlay-opacity":"","overlay-gradient":""}},"footnotes":""},"categories":[1,463,461,462,460],"cikk_cimkek":[200,1814,90,4361],"content_flags":[],"content_icons":[],"class_list":["post-126201","post","type-post","status-publish","format-standard","has-post-thumbnail","hentry","category-erdmost","category-fontos","category-jobbfent","category-kiemelt","category-top","cikk_cimkek-baleset","cikk_cimkek-erdi-katasztrofavedelmi-kirendeltseg","cikk_cimkek-m7","cikk_cimkek-pest-varmegyei-katasztrofavedelmi-igazgatosag"],"acf":[],"_links":{"self":[{"href":"https:\/\/erdmost.hu\/en\/wp-json\/wp\/v2\/posts\/126201","targetHints":{"allow":["GET"]}}],"collection":[{"href":"https:\/\/erdmost.hu\/en\/wp-json\/wp\/v2\/posts"}],"about":[{"href":"https:\/\/erdmost.hu\/en\/wp-json\/wp\/v2\/types\/post"}],"author":[{"embeddable":true,"href":"https:\/\/erdmost.hu\/en\/wp-json\/wp\/v2\/users\/27"}],"replies":[{"embeddable":true,"href":"https:\/\/erdmost.hu\/en\/wp-json\/wp\/v2\/comments?post=126201"}],"version-history":[{"count":5,"href":"https:\/\/erdmost.hu\/en\/wp-json\/wp\/v2\/posts\/126201\/revisions"}],"predecessor-version":[{"id":126216,"href":"https:\/\/erdmost.hu\/en\/wp-json\/wp\/v2\/posts\/126201\/revisions\/126216"}],"wp:featuredmedia":[{"embeddable":true,"href":"https:\/\/erdmost.hu\/en\/wp-json\/wp\/v2\/media\/126210"}],"wp:attachment":[{"href":"https:\/\/erdmost.hu\/en\/wp-json\/wp\/v2\/media?parent=126201"}],"wp:term":[{"taxonomy":"category","embeddable":true,"href":"https:\/\/erdmost.hu\/en\/wp-json\/wp\/v2\/categories?post=126201"},{"taxonomy":"cikk_cimkek","embeddable":true,"href":"https:\/\/erdmost.hu\/en\/wp-json\/wp\/v2\/cikk_cimkek?post=126201"},{"taxonomy":"content_flags","embeddable":true,"href":"https:\/\/erdmost.hu\/en\/wp-json\/wp\/v2\/content_flags?post=126201"},{"taxonomy":"content_icons","embeddable":true,"href":"https:\/\/erdmost.hu\/en\/wp-json\/wp\/v2\/content_icons?post=126201"}],"curies":[{"name":"wp","href":"https:\/\/api.w.org\/{rel}","templated":true}]}}