{"id":12437,"date":"2021-02-20T09:30:17","date_gmt":"2021-02-20T09:30:17","guid":{"rendered":"https:\/\/wp.erdmost.hu\/2021\/02\/20\/harom-het-haladek\/"},"modified":"2021-02-20T09:30:17","modified_gmt":"2021-02-20T09:30:17","slug":"harom-het-haladek","status":"publish","type":"post","link":"https:\/\/erdmost.hu\/en\/2021\/02\/20\/harom-het-haladek\/","title":{"rendered":"H\u00e1rom h\u00e9t halad\u00e9k"},"content":{"rendered":"<p>Hogy min\u00e9l t\u00f6bben tudj\u00e1k id\u0151ben rendezni j\u00e1rul\u00e9ktartoz\u00e1sukat, \u00fajabb felh\u00edv\u00e1st k\u00fcld az \u00e9rintetteknek az ad\u00f3hivatal, \u00edgy t\u00f6bb mint h\u00e1rom h\u00e9t halad\u00e9kot nyernek j\u00e1rul\u00e9k\u00fcgy\u00fck int\u00e9z\u00e9s\u00e9re azok, akiknek a t\u00f6rv\u00e9ny alapj\u00e1n \u00e9rv\u00e9nytelenn\u00e9 v\u00e1lna a taj-sz\u00e1ma.<\/p>\n<p>Izer Norbert, a&nbsp;P\u00e9nz\u00fcgyminiszt\u00e9rium ad\u00f3\u00fcgyek\u00e9rt felel\u0151s \u00e1llamtitk\u00e1ra kifejtette: igaz, hogy a Covid-19 v\u00edrus elleni v\u00e9d\u0151olt\u00e1st ingyen biztos\u00edtja a korm\u00e1ny azok sz\u00e1m\u00e1ra, akik ig\u00e9nylik, \u00edgy megkapj\u00e1k azok is, akiknek nagyobb j\u00e1rul\u00e9ktartoz\u00e1s miatt \u00e9rv\u00e9nytelenn\u00e9 v\u00e1lik a taj-sz\u00e1ma, ennek ellen\u00e9re a j\u00e1rul\u00e9ktartoz\u00e1st \u00e9rdemes miel\u0151bb rendezni. \u00c9rv\u00e9nytelen\u00edtett taj-sz\u00e1mmal ugyanis nem lehet ig\u00e9nybe venni a t\u00e1rsadalombiztos\u00edt\u00e1si szolg\u00e1ltat\u00e1sokat.<\/p>\n<p>A Nemzeti Ad\u00f3- \u00e9s V\u00e1mhivatal (NAV) adatai szerint 2021. febru\u00e1r 18-\u00e1n 75 588 ad\u00f3z\u00f3 tartoz\u00e1sa haladta meg az eg\u00e9szs\u00e9g\u00fcgyi szolg\u00e1ltat\u00e1si j\u00e1rul\u00e9k hat havi m\u00e9rt\u00e9k\u00e9t.&nbsp;Az \u00e1llamtitk\u00e1r lesz\u00f6gezte, hogy a t\u00e9nylegesen \u00e9rintettek sz\u00e1ma enn\u00e9l j\u00f3val kevesebb, \u00e9s arra sz\u00e1m\u00edt, hogy az \u00fajabb felh\u00edv\u00e1s hat\u00e1s\u00e1ra jelent\u0151sen m\u00e9g tov\u00e1bb cs\u00f6kken.<\/p>\n<p>A tartoz\u00f3k k\u00f6zel fele hosszabb ideje k\u00fclf\u00f6ld\u00f6n \u00e9l, csak ezt eddig &#8211; annak ellen\u00e9re, hogy kellett volna &#8211; nem jelentett\u00e9k be az eg\u00e9szs\u00e9gbiztos\u00edt\u00e1si szervnek. Eset\u00fckben ut\u00f3lag van lehet\u0151s\u00e9g a j\u00e1rul\u00e9ktartoz\u00e1s t\u00f6rl\u00e9s\u00e9re &#8211; jegyezte meg az \u00e1llamtitk\u00e1r.<\/p>\n<p>Az ad\u00f3hivatallal egyeztetve a P\u00e9nz\u00fcgyminiszt\u00e9rium m\u00e9g t\u00f6bb mint h\u00e1rom hetet biztos\u00edt a tartoz\u00e1s rendez\u00e9s\u00e9re. A NAV azok r\u00e9sz\u00e9re, akik el\u00e9rt\u00e9k a hat h\u00f3napnyi j\u00e1rul\u00e9k\u00f6sszeget meghalad\u00f3 tartoz\u00e1st, m\u00e1r cs\u00fct\u00f6rt\u00f6k\u00f6n megkezdte az \u00fajabb figyelemfelh\u00edv\u00f3 \u00e9s t\u00e1j\u00e9koztat\u00f3 levelek kik\u00fcld\u00e9s\u00e9t. Az \u00e1llamtitk\u00e1r hozz\u00e1tette: az ad\u00f3hivatal minden seg\u00edts\u00e9get megad azoknak, akik a felh\u00edv\u00f3 lev\u00e9l hat\u00e1s\u00e1ra ak\u00e1r telefonon is felveszik a kapcsolatot a hivatallal.<\/p>\n<p>A j\u00e1rul\u00e9ktartoz\u00e1s rendez\u00e9s\u00e9re elegend\u0151 id\u0151t biztos\u00edtva, a NAV csak m\u00e1rcius 10-\u00e9n adja \u00e1t a t\u00f6bb mint hat h\u00f3nappal tartoz\u00f3k adatait a Nemzeti Eg\u00e9szs\u00e9gbiztos\u00edt\u00e1si Alapkezel\u0151nek (NEAK). Az eg\u00e9szs\u00e9g\u00fcgyi hivatal ezt k\u00f6vet\u0151en \u00e9rv\u00e9nytelen\u00edti az \u00e9rintettek taj-sz\u00e1m\u00e1t, ami azzal j\u00e1r, hogy az \u00e1llami eg\u00e9szs\u00e9g\u00fcgyi szolg\u00e1ltat\u00e1s ingyenesen m\u00e1r nem vehet\u0151 ig\u00e9nybe.<br \/>\n&nbsp;<br \/>\nAz \u00e1llamtitk\u00e1r elmondta:&nbsp;a t\u00e1rsadalombiztos\u00edt\u00e1s szab\u00e1lyrendszer\u00e9nek \u00e1talak\u00edt\u00e1sa r\u00e9v\u00e9n m\u00e1r 140 ezer olyan ember helyzete tiszt\u00e1z\u00f3dott, akik kor\u00e1bban nem fizett\u00e9k rendesen a t\u00e1rsadalombiztos\u00edt\u00e1si ell\u00e1t\u00e1s ig\u00e9nybev\u00e9tel\u00e9hez sz\u00fcks\u00e9ges k\u00f6zterheket. Izer Norbert szerint az \u00e1talak\u00edt\u00e1s id\u0151szer\u0171 volt, \u00e9s a koronav\u00edrus-j\u00e1rv\u00e1ny m\u00e9g ink\u00e1bb el\u0151t\u00e9rbe helyezte az eg\u00e9szs\u00e9g\u00fcgyi ell\u00e1t\u00f3rendszer igazs\u00e1gos kock\u00e1zatk\u00f6z\u00f6ss\u00e9g\u00e9nek az elv\u00e9t; azt, hogy a rendszer fenntart\u00e1s\u00e1b\u00f3l mindenki vegye ki a r\u00e9sz\u00e9t.<\/p>","protected":false},"excerpt":{"rendered":"<p>M\u00e1rcius 10-\u00e9ig halad\u00e9kot nyernek j\u00e1rul\u00e9k\u00fcgy\u00fck int\u00e9z\u00e9s\u00e9re azok, akiknek \u00e9rv\u00e9nytelenn\u00e9 v\u00e1lna a taj-sz\u00e1ma. A koronav\u00edrus elleni vakcin\u00e1t azok is t\u00e9r\u00edt\u00e9smentesen megkaphatj\u00e1k, akiknek j\u00e1rul\u00e9ktartoz\u00e1suk van.<\/p>","protected":false},"author":8,"featured_media":0,"comment_status":"","ping_status":"","sticky":false,"template":"","format":"standard","meta":{"_acf_changed":false,"_seopress_robots_primary_cat":"","_seopress_titles_title":"","_seopress_titles_desc":"","_seopress_robots_index":"","site-sidebar-layout":"default","site-content-layout":"","ast-site-content-layout":"default","site-content-style":"default","site-sidebar-style":"default","ast-global-header-display":"","ast-banner-title-visibility":"","ast-main-header-display":"","ast-hfb-above-header-display":"","ast-hfb-below-header-display":"","ast-hfb-mobile-header-display":"","site-post-title":"","ast-breadcrumbs-content":"","ast-featured-img":"","footer-sml-layout":"","ast-disable-related-posts":"","theme-transparent-header-meta":"","adv-header-id-meta":"","stick-header-meta":"","header-above-stick-meta":"","header-main-stick-meta":"","header-below-stick-meta":"","astra-migrate-meta-layouts":"default","ast-page-background-enabled":"default","ast-page-background-meta":{"desktop":{"background-color":"","background-image":"","background-repeat":"repeat","background-position":"center center","background-size":"auto","background-attachment":"scroll","background-type":"","background-media":"","overlay-type":"","overlay-color":"","overlay-opacity":"","overlay-gradient":""},"tablet":{"background-color":"","background-image":"","background-repeat":"repeat","background-position":"center center","background-size":"auto","background-attachment":"scroll","background-type":"","background-media":"","overlay-type":"","overlay-color":"","overlay-opacity":"","overlay-gradient":""},"mobile":{"background-color":"","background-image":"","background-repeat":"repeat","background-position":"center center","background-size":"auto","background-attachment":"scroll","background-type":"","background-media":"","overlay-type":"","overlay-color":"","overlay-opacity":"","overlay-gradient":""}},"ast-content-background-meta":{"desktop":{"background-color":"var(--ast-global-color-5)","background-image":"","background-repeat":"repeat","background-position":"center center","background-size":"auto","background-attachment":"scroll","background-type":"","background-media":"","overlay-type":"","overlay-color":"","overlay-opacity":"","overlay-gradient":""},"tablet":{"background-color":"var(--ast-global-color-5)","background-image":"","background-repeat":"repeat","background-position":"center center","background-size":"auto","background-attachment":"scroll","background-type":"","background-media":"","overlay-type":"","overlay-color":"","overlay-opacity":"","overlay-gradient":""},"mobile":{"background-color":"var(--ast-global-color-5)","background-image":"","background-repeat":"repeat","background-position":"center center","background-size":"auto","background-attachment":"scroll","background-type":"","background-media":"","overlay-type":"","overlay-color":"","overlay-opacity":"","overlay-gradient":""}},"footnotes":""},"categories":[1],"cikk_cimkek":[94,26],"content_flags":[],"content_icons":[357],"class_list":["post-12437","post","type-post","status-publish","format-standard","hentry","category-erdmost","cikk_cimkek-adozas","cikk_cimkek-kozerdeku","content_icons-informacio"],"acf":[],"_links":{"self":[{"href":"https:\/\/erdmost.hu\/en\/wp-json\/wp\/v2\/posts\/12437","targetHints":{"allow":["GET"]}}],"collection":[{"href":"https:\/\/erdmost.hu\/en\/wp-json\/wp\/v2\/posts"}],"about":[{"href":"https:\/\/erdmost.hu\/en\/wp-json\/wp\/v2\/types\/post"}],"author":[{"embeddable":true,"href":"https:\/\/erdmost.hu\/en\/wp-json\/wp\/v2\/users\/8"}],"replies":[{"embeddable":true,"href":"https:\/\/erdmost.hu\/en\/wp-json\/wp\/v2\/comments?post=12437"}],"version-history":[{"count":0,"href":"https:\/\/erdmost.hu\/en\/wp-json\/wp\/v2\/posts\/12437\/revisions"}],"wp:attachment":[{"href":"https:\/\/erdmost.hu\/en\/wp-json\/wp\/v2\/media?parent=12437"}],"wp:term":[{"taxonomy":"category","embeddable":true,"href":"https:\/\/erdmost.hu\/en\/wp-json\/wp\/v2\/categories?post=12437"},{"taxonomy":"cikk_cimkek","embeddable":true,"href":"https:\/\/erdmost.hu\/en\/wp-json\/wp\/v2\/cikk_cimkek?post=12437"},{"taxonomy":"content_flags","embeddable":true,"href":"https:\/\/erdmost.hu\/en\/wp-json\/wp\/v2\/content_flags?post=12437"},{"taxonomy":"content_icons","embeddable":true,"href":"https:\/\/erdmost.hu\/en\/wp-json\/wp\/v2\/content_icons?post=12437"}],"curies":[{"name":"wp","href":"https:\/\/api.w.org\/{rel}","templated":true}]}}