{"id":124327,"date":"2025-07-03T11:52:10","date_gmt":"2025-07-03T09:52:10","guid":{"rendered":"https:\/\/erdmost.hu\/?p=124327"},"modified":"2025-07-03T12:17:41","modified_gmt":"2025-07-03T10:17:41","slug":"rangos-dijjal-ismertek-el-az-erdi-pedagogus-munkassagat","status":"publish","type":"post","link":"https:\/\/erdmost.hu\/en\/2025\/07\/03\/rangos-dijjal-ismertek-el-az-erdi-pedagogus-munkassagat\/","title":{"rendered":"Rangos d\u00edjjal ismert\u00e9k el az \u00e9rdi pedag\u00f3gus munk\u00e1ss\u00e1g\u00e1t"},"content":{"rendered":"<p>H\u00e1rom d\u00edjat osztott ki \u00c9rd Megyei Jog\u00fa V\u00e1ros k\u00f6zgy\u0171l\u00e9se a j\u00faniusi \u00fcl\u00e9s\u00e9n. <a href=\"https:\/\/erdmost.hu\/en\/2025\/06\/26\/ok-a-varos-legujabb-kituntetettjei\/\" target=\"_blank\" rel=\"noopener\">Ahogy arr\u00f3l besz\u00e1moltunk<\/a>: t<span style=\"font-size: 16px;\">an\u00e1rt, polg\u00e1r\u0151rt \u00e9s rend\u0151rt is d\u00edjazott a test\u00fclet.\u00a0<\/span><\/p>\n<p>Id\u00e9n az \u00c9rd K\u00f6znevel\u00e9s\u00e9\u00e9rt D\u00edjat k\u00e9t pedag\u00f3gusnak, Hajdu Hajnalnak, az \u00c9rdligeti \u00c1ltal\u00e1nos Iskola pedag\u00f3gus\u00e1nak \u00e9s N\u00e9dermann Ann\u00e1nak, a V\u00f6r\u00f6smarty Mih\u00e1ly Gimn\u00e1zium (VMG) tan\u00e1r\u00e1nak \u00edt\u00e9lte oda a v\u00e1ros.<\/p>\n<p>A gimn\u00e1zium kit\u00fcntetettje azonban elfoglalts\u00e1gai miatt nem tudott jelen lenni a legut\u00f3bbi k\u00f6zgy\u0171l\u00e9sen, hiszen a tan\u00e1rn\u0151 akkor is oktat\u00f3i munk\u00e1j\u00e1nak tett eleget, ez\u00e9rt a v\u00e1rosvezet\u00e9s ut\u00f3lag, egy kisebb \u00fcnneps\u00e9g keret\u00e9ben, a VMG falai k\u00f6z\u00f6tt adta \u00e1t az elismer\u00e9st.<\/p>\n<p><img fetchpriority=\"high\" decoding=\"async\" class=\"aligncenter size-full wp-image-124329\" src=\"https:\/\/erdmost.hu\/wp-content\/uploads\/2025\/07\/ALX2037-scaled.jpg\" alt=\"\" width=\"2560\" height=\"1707\" srcset=\"https:\/\/erdmost.hu\/wp-content\/uploads\/2025\/07\/ALX2037-scaled.jpg 1920w, https:\/\/erdmost.hu\/wp-content\/uploads\/2025\/07\/ALX2037-300x200.jpg 300w, https:\/\/erdmost.hu\/wp-content\/uploads\/2025\/07\/ALX2037-768x512.jpg 768w, https:\/\/erdmost.hu\/wp-content\/uploads\/2025\/07\/ALX2037-18x12.jpg 18w, https:\/\/erdmost.hu\/wp-content\/uploads\/2025\/07\/ALX2037-840x560.jpg 840w, https:\/\/erdmost.hu\/wp-content\/uploads\/2025\/07\/ALX2037-1100x733.jpg 1100w\" sizes=\"(max-width: 2560px) 100vw, 2560px\" \/><\/p>\n<p>A v\u00e1ros a d\u00edjjal N\u00e9dermann Anna n\u00e9gy \u00e9vtizedes, elk\u00f6telezett pedag\u00f3gusi munk\u00e1j\u00e1t ismerte el, amelyet a k\u00f6znevel\u00e9s, k\u00fcl\u00f6n\u00f6sen a tehets\u00e9ggondoz\u00e1s \u00e9s \u00e9lm\u00e9nyalap\u00fa tan\u00edt\u00e1s ter\u00e9n v\u00e9gzett.<\/p>\n<p>N\u00e9dermann Anna maga is a V\u00f6r\u00f6smarty Mih\u00e1ly Gimn\u00e1zium kiv\u00e1l\u00f3 di\u00e1kja volt, majd p\u00e1lyafut\u00e1sa kezdete \u00f3ta ugyanitt tan\u00edt. T\u00f6rt\u00e9nelemtan\u00e1rk\u00e9nt gener\u00e1ci\u00f3k sor\u00e1t nevelte, di\u00e1kjai rendszeresen kiemelked\u0151en szerepelnek orsz\u00e1gos tanulm\u00e1nyi versenyeken.<\/p>\n<p><img decoding=\"async\" class=\"aligncenter size-full wp-image-124330\" src=\"https:\/\/erdmost.hu\/wp-content\/uploads\/2025\/07\/ALX1993-scaled.jpg\" alt=\"\" width=\"2560\" height=\"1707\" srcset=\"https:\/\/erdmost.hu\/wp-content\/uploads\/2025\/07\/ALX1993-scaled.jpg 1920w, https:\/\/erdmost.hu\/wp-content\/uploads\/2025\/07\/ALX1993-300x200.jpg 300w, https:\/\/erdmost.hu\/wp-content\/uploads\/2025\/07\/ALX1993-768x512.jpg 768w, https:\/\/erdmost.hu\/wp-content\/uploads\/2025\/07\/ALX1993-18x12.jpg 18w, https:\/\/erdmost.hu\/wp-content\/uploads\/2025\/07\/ALX1993-840x560.jpg 840w, https:\/\/erdmost.hu\/wp-content\/uploads\/2025\/07\/ALX1993-1100x733.jpg 1100w\" sizes=\"(max-width: 2560px) 100vw, 2560px\" \/><\/p>\n<p>Oktat\u00f3i munk\u00e1j\u00e1ban kiemelt figyelmet ford\u00edt arra, hogy a tananyag \u00e9lm\u00e9nyszer\u0171en \u00e9s a di\u00e1kok szem\u00e9lyis\u00e9g\u00e9hez illeszkedve ker\u00fclj\u00f6n \u00e1tad\u00e1sra.<\/p>\n<p>Cs\u0151zik L\u00e1szl\u00f3 polg\u00e1rmester m\u00e9ltat\u00e1s\u00e1ban \u00fagy fogalmazott:<\/p>\n<blockquote><p>\u201eN\u00e9dermann Ann\u00e1nak szenved\u00e9lye a tan\u00edt\u00e1s. Elk\u00f6telezett pedag\u00f3gus, t\u00falz\u00e1s n\u00e9lk\u00fcl mondhatom, hogy \u00c9rd egyik legf\u0151bb int\u00e9zm\u00e9nye, a legend\u00e1s VMG oszlopa.\u201d<\/p><\/blockquote>\n<p>A pedag\u00f3gus kor\u00e1bban t\u00f6bb rangos szakmai elismer\u00e9sben is r\u00e9szes\u00fclt, hiszen 2014-ben miniszteri Elismer\u0151 Oklevelet kapott, 2023-ban pedig a VMG nevel\u0151test\u00fclete az \u00e9v tan\u00e1r\u00e1nak v\u00e1lasztotta.<\/p>\n<p><img decoding=\"async\" class=\"aligncenter size-full wp-image-124331\" src=\"https:\/\/erdmost.hu\/wp-content\/uploads\/2025\/07\/ALX2082-scaled.jpg\" alt=\"\" width=\"2560\" height=\"1707\" srcset=\"https:\/\/erdmost.hu\/wp-content\/uploads\/2025\/07\/ALX2082-scaled.jpg 1920w, https:\/\/erdmost.hu\/wp-content\/uploads\/2025\/07\/ALX2082-300x200.jpg 300w, https:\/\/erdmost.hu\/wp-content\/uploads\/2025\/07\/ALX2082-768x512.jpg 768w, https:\/\/erdmost.hu\/wp-content\/uploads\/2025\/07\/ALX2082-18x12.jpg 18w, https:\/\/erdmost.hu\/wp-content\/uploads\/2025\/07\/ALX2082-840x560.jpg 840w, https:\/\/erdmost.hu\/wp-content\/uploads\/2025\/07\/ALX2082-1100x733.jpg 1100w\" sizes=\"(max-width: 2560px) 100vw, 2560px\" \/><\/p>","protected":false},"excerpt":{"rendered":"<p>N\u00e9dermann Anna, a V\u00f6r\u00f6smarty Mih\u00e1ly Gimn\u00e1zium tan\u00e1ra \u00c9rd K\u00f6znevel\u00e9s\u00e9\u00e9rt D\u00edjban r\u00e9szes\u00fclt. <\/p>","protected":false},"author":27,"featured_media":124328,"comment_status":"closed","ping_status":"closed","sticky":false,"template":"","format":"standard","meta":{"_acf_changed":false,"_seopress_robots_primary_cat":"none","_seopress_titles_title":"","_seopress_titles_desc":"","_seopress_robots_index":"","site-sidebar-layout":"default","site-content-layout":"","ast-site-content-layout":"default","site-content-style":"default","site-sidebar-style":"default","ast-global-header-display":"","ast-banner-title-visibility":"","ast-main-header-display":"","ast-hfb-above-header-display":"","ast-hfb-below-header-display":"","ast-hfb-mobile-header-display":"","site-post-title":"","ast-breadcrumbs-content":"","ast-featured-img":"","footer-sml-layout":"","ast-disable-related-posts":"","theme-transparent-header-meta":"default","adv-header-id-meta":"","stick-header-meta":"","header-above-stick-meta":"","header-main-stick-meta":"","header-below-stick-meta":"","astra-migrate-meta-layouts":"set","ast-page-background-enabled":"default","ast-page-background-meta":{"desktop":{"background-color":"","background-image":"","background-repeat":"repeat","background-position":"center center","background-size":"auto","background-attachment":"scroll","background-type":"","background-media":"","overlay-type":"","overlay-color":"","overlay-opacity":"","overlay-gradient":""},"tablet":{"background-color":"","background-image":"","background-repeat":"repeat","background-position":"center center","background-size":"auto","background-attachment":"scroll","background-type":"","background-media":"","overlay-type":"","overlay-color":"","overlay-opacity":"","overlay-gradient":""},"mobile":{"background-color":"","background-image":"","background-repeat":"repeat","background-position":"center center","background-size":"auto","background-attachment":"scroll","background-type":"","background-media":"","overlay-type":"","overlay-color":"","overlay-opacity":"","overlay-gradient":""}},"ast-content-background-meta":{"desktop":{"background-color":"var(--ast-global-color-5)","background-image":"","background-repeat":"repeat","background-position":"center center","background-size":"auto","background-attachment":"scroll","background-type":"","background-media":"","overlay-type":"","overlay-color":"","overlay-opacity":"","overlay-gradient":""},"tablet":{"background-color":"var(--ast-global-color-5)","background-image":"","background-repeat":"repeat","background-position":"center center","background-size":"auto","background-attachment":"scroll","background-type":"","background-media":"","overlay-type":"","overlay-color":"","overlay-opacity":"","overlay-gradient":""},"mobile":{"background-color":"var(--ast-global-color-5)","background-image":"","background-repeat":"repeat","background-position":"center center","background-size":"auto","background-attachment":"scroll","background-type":"","background-media":"","overlay-type":"","overlay-color":"","overlay-opacity":"","overlay-gradient":""}},"footnotes":""},"categories":[1,463,461,462,1411,460],"cikk_cimkek":[2845,5767,5911,1217],"content_flags":[],"content_icons":[],"class_list":["post-124327","post","type-post","status-publish","format-standard","has-post-thumbnail","hentry","category-erdmost","category-fontos","category-jobbfent","category-kiemelt","category-kozelet","category-top","cikk_cimkek-elismeres","cikk_cimkek-erd-kozneveleseert-dij","cikk_cimkek-nedermann-anna","cikk_cimkek-vorosmarty-mihaly-gimnazium"],"acf":[],"_links":{"self":[{"href":"https:\/\/erdmost.hu\/en\/wp-json\/wp\/v2\/posts\/124327","targetHints":{"allow":["GET"]}}],"collection":[{"href":"https:\/\/erdmost.hu\/en\/wp-json\/wp\/v2\/posts"}],"about":[{"href":"https:\/\/erdmost.hu\/en\/wp-json\/wp\/v2\/types\/post"}],"author":[{"embeddable":true,"href":"https:\/\/erdmost.hu\/en\/wp-json\/wp\/v2\/users\/27"}],"replies":[{"embeddable":true,"href":"https:\/\/erdmost.hu\/en\/wp-json\/wp\/v2\/comments?post=124327"}],"version-history":[{"count":4,"href":"https:\/\/erdmost.hu\/en\/wp-json\/wp\/v2\/posts\/124327\/revisions"}],"predecessor-version":[{"id":124335,"href":"https:\/\/erdmost.hu\/en\/wp-json\/wp\/v2\/posts\/124327\/revisions\/124335"}],"wp:featuredmedia":[{"embeddable":true,"href":"https:\/\/erdmost.hu\/en\/wp-json\/wp\/v2\/media\/124328"}],"wp:attachment":[{"href":"https:\/\/erdmost.hu\/en\/wp-json\/wp\/v2\/media?parent=124327"}],"wp:term":[{"taxonomy":"category","embeddable":true,"href":"https:\/\/erdmost.hu\/en\/wp-json\/wp\/v2\/categories?post=124327"},{"taxonomy":"cikk_cimkek","embeddable":true,"href":"https:\/\/erdmost.hu\/en\/wp-json\/wp\/v2\/cikk_cimkek?post=124327"},{"taxonomy":"content_flags","embeddable":true,"href":"https:\/\/erdmost.hu\/en\/wp-json\/wp\/v2\/content_flags?post=124327"},{"taxonomy":"content_icons","embeddable":true,"href":"https:\/\/erdmost.hu\/en\/wp-json\/wp\/v2\/content_icons?post=124327"}],"curies":[{"name":"wp","href":"https:\/\/api.w.org\/{rel}","templated":true}]}}