{"id":12431,"date":"2021-02-20T09:07:52","date_gmt":"2021-02-20T09:07:52","guid":{"rendered":"https:\/\/wp.erdmost.hu\/2021\/02\/20\/az-eroszak-semmilyen-formaja-nem-elfogadhato\/"},"modified":"2022-03-01T21:46:54","modified_gmt":"2022-03-01T21:46:54","slug":"az-eroszak-semmilyen-formaja-nem-elfogadhato","status":"publish","type":"post","link":"https:\/\/erdmost.hu\/en\/2021\/02\/20\/az-eroszak-semmilyen-formaja-nem-elfogadhato\/","title":{"rendered":"Az er\u0151szak semmilyen form\u00e1ja nem elfogadhat\u00f3"},"content":{"rendered":"<p><strong>Milyen jelei lehetnek a b\u00e1ntalmaz\u00e1snak?<\/strong><\/p>\n<p>Fizikai, vagy ak\u00e1r pszich\u00e9s nyomai is. \u00c1ltal\u00e1ban a s\u00e9r\u00fcl\u00e9kenyebb gyermekeket p\u00e9c\u00e9zik ki azok a t\u00e1rsaik, akik valami olyan bels\u0151 fesz\u00fclts\u00e9ggel \u00e9lnek, amelyet nem tudnak kezelni. Mind a pedag\u00f3gusnak, mind a sz\u00fcl\u0151nek sz\u00e1mos lehet\u0151s\u00e9g van a kez\u00e9ben. K\u00f6zel k\u00e9t \u00e9ve dolgoznak szoci\u00e1lis munk\u00e1sok az iskol\u00e1kban, az \u0151 bevon\u00e1sukkal kezelhet\u0151 a helyzet, elindulhat \u00e9rz\u00e9keny\u00edt\u0151 folyamat, amely felh\u00edvja a t\u00e1rsak figyelm\u00e9t arra, hogy az agresszi\u00f3 nem megengedhet\u0151. Ebben mind a tan\u00e1rok, mind a sz\u00fcl\u0151k \u00e9s a gyerekek k\u00f6zt egyet\u00e9rt\u00e9snek kell lennie. (Az iskolai szoci\u00e1lis munk\u00e1shoz term\u00e9szetesen a sz\u00fcl\u0151k is fordulhatnak.) A pedag\u00f3gusok k\u00fcls\u0151 szakembert is bevonhatnak, hiszen a gyermekv\u00e9delem rendszer\u00e9ben sz\u00e1mos olyan munkat\u00e1rs dolgozik, aki seg\u00edts\u00e9get tud ny\u00fajtani mindegyik szerepl\u0151nek. Erre vannak j\u00f3l bev\u00e1lt megold\u00e1sok. A gyors \u00e9s hat\u00e9kony beavatkoz\u00e1snak nagy szerepe van. Ami pedig \u00e1rthat, az az, ha csendben maradunk, ha a b\u00e1ntalmazottak nem \u00e9rzik, hogy mellett\u00fck \u00e1llunk, \u00e9s ha k\u00e9sleked\u00fcnk a seg\u00edts\u00e9gny\u00fajt\u00e1ssal.<\/p>\n<p><strong>Mennyire jellemz\u0151 az, hogy az iskol\u00e1k ig\u00e9nybe veszik ezt a lehet\u0151s\u00e9get?<\/strong><\/p>\n<p>Tapasztalahttps:\/\/erdmost.hu\/wp-content\/uploads\/2021\/06\/business-blog-session-cover-img-03.jpg szerint minim\u00e1lisan. Egy-egy, erre a t\u00e9m\u00e1ra \u00e9rz\u00e9kenyebb pedag\u00f3gus k\u00e9r seg\u00edts\u00e9get a m\u00e1r kialakult vagy kialakul\u00f3f\u00e9lben l\u00e9v\u0151 helyzetben. A Gyermekj\u00f3l\u00e9ti K\u00f6zpontnak van egy 2019 \u00e9v eleje \u00f3ta fut\u00f3 programja, amire alig jelentkeznek az \u00e9rdi iskol\u00e1k, pedig \u00fagy tapasztaljuk, hogy a gyerekek \u00f6r\u00f6mmel besz\u00e9lgetnek err\u0151l. Sz\u00e1mos ilyen foglalkoz\u00e1st tartottam a j\u00e1r\u00e1s iskol\u00e1iban, \u00e9s az a tapasztalahttps:\/\/erdmost.hu\/wp-content\/uploads\/2021\/06\/business-blog-session-cover-img-03.jpg, hogy sajnos a gyerekek e k\u00e9rd\u00e9sr\u0151l szinte mindent tudnak, egyet kiv\u00e9ve: hogy kihez fordulhatnak seg\u00edts\u00e9g\u00e9rt. Itt mindig lehet nekik \u00fajat mondani.<\/p>\n<p><drupal-entity data-align=\"center\" data-embed-button=\"image_embed\" data-entity-embed-display=\"view_mode:media.embed_image_into_article\" data-entity-embed-display-settings=\"\" data-entity-type=\"media\" data-entity-uuid=\"7a3d283d-98a6-4b3e-8f5d-dd24eb824004\" data-langcode=\"hu\"><\/drupal-entity><\/p>\n<p>\n<strong>Hogyan k\u00e9pzelj\u00fcnk el egy-egy ilyen foglalkoz\u00e1st?<\/strong><\/p>\n<p>A programon mindig k\u00e9t szakember\u00fcnk van jelen. A gyerekekkel egy\u00fctt vessz\u00fck v\u00e9gig az iskolai b\u00e1ntalmaz\u00e1s m\u0171k\u00f6d\u00e9si mechanizmusait, \u00e9s a b\u00e1ntalmaz\u00e1s ciklus\u00e1nak megt\u00f6r\u00e9s\u00e9t is elmagyar\u00e1zzuk. Felh\u00edvjuk a figyelm\u00fcket arra: akkor sincsenek egyed\u00fcl, ha \u00e9ppen \u00fagy \u00e9rzik magukat. Ez nagyon fontos momentum, hiszen a b\u00e1ntalmaz\u00e1sok t\u00fal\u00e9l\u0151i \u00e1ltal\u00e1ban egyed\u00fcl maradnak \u00e9rz\u00e9seikkel, szenved\u00e9seikkel, m\u00e9g akkor is, ha az adott k\u00f6z\u00f6ss\u00e9g nagyon er\u0151snek \u00e9s megtart\u00f3nak t\u0171nik. A k\u00f6rnyezet pedig rendszerint nincs felk\u00e9sz\u00fclve arra, mit mondjon az \u00e1ldozatoknak, legyen sz\u00f3 fizikai, pszich\u00e9s vagy az online t\u00e9rben t\u00f6rt\u00e9n\u0151 zaklat\u00e1sr\u00f3l. Erre is \u00e9rz\u00e9keny\u00edtj\u00fck a gyerekeket: tan\u00edtunk nekik t\u00e1mogat\u00f3 mondatokat, \u00e9s felh\u00edvjuk a figyelm\u00fcket arra, hol k\u00e9rhetnek seg\u00edts\u00e9get.<\/p>\n<p><strong>Hogy reag\u00e1lnak a pedag\u00f3gusok, ha b\u00e1ntalmaz\u00e1st tapasztalnak?<\/strong><\/p>\n<p>Ez a teljes\u00edtm\u00e9nycentrikus oktat\u00e1si rendszer gyakran a pedag\u00f3gusban is olyan fesz\u00fclts\u00e9get gener\u00e1l, hogy kev\u00e9sb\u00e9 tud \u00e9rz\u00e9kenyen reag\u00e1lni egy-egy ilyen helyzetben \u2013 vagy tal\u00e1n a m\u00f3dja is kevesebb erre. Szakmai v\u00e9lem\u00e9nyem az, hogy ink\u00e1bb meg\u00e9ri egy-k\u00e9t tan\u00f3r\u00e1t fel\u00e1ldozni az\u00e9rt, hogy biztons\u00e1gosabb k\u00f6r\u00fclm\u00e9nyeket teremts\u00fcnk a gyerekeknek, meger\u0151s\u00edts\u00fck az oszt\u00e1lyk\u00f6z\u00f6ss\u00e9get \u2013 f\u0151leg most, amikor a v\u00edrusvesz\u00e9ly miatt kevesebb lehet\u0151s\u00e9g\u00fck van arra az oszt\u00e1lyoknak, hogy tan\u00f3r\u00e1n k\u00edv\u00fcli programokon er\u0151s k\u00f6z\u00f6ss\u00e9gg\u00e9 form\u00e1l\u00f3djanak. Az iskolai b\u00e1ntalmaz\u00e1s megel\u0151z\u00e9s\u00e9nek alapfelt\u00e9tele a j\u00f3 pedag\u00f3gus \u00e9s gyermek kapcsolat. A gyerekek \u00e9letkorukt\u00f3l, \u00e9lethelyzet\u00fckt\u0151l f\u00fcgg\u0151en bizonyos probl\u00e9m\u00e1kkal k\u00fczdhetnek, ami a tan\u00e1r szempontj\u00e1b\u00f3l tal\u00e1n nem is t\u0171nik olyan fontosnak, de nek\u00fcnk, feln\u0151tteknek mindig a gyermek szemsz\u00f6g\u00e9b\u0151l kell vizsg\u00e1lnunk ezeket a helyzeteket. A di\u00e1kok m\u00e9g nem felt\u00e9tlen\u00fcl tudj\u00e1k j\u00f3l, illetve rutinosan kezelni a fesz\u00fclts\u00e9get. Az ezeket levezet\u0151 technik\u00e1kat is \u00e1t kell adnunk a gyerekeknek. Fontos, hogy olyan szeml\u00e9lettel rendelkezzen minden szakember \u2013 \u00e9s nem csak a pedag\u00f3gusokra gondolok \u2013, hogy ezt meg tudj\u00e1k tan\u00edtani, hiszen a fesz\u00fclts\u00e9g levezet\u00e9s\u00e9nek egyik inadekv\u00e1t m\u00f3dja az agresszi\u00f3, \u00e9s ezt kell elker\u00fclni.<\/p>\n<p><strong>Megold\u00e1st jelenthet-e az, hogy a gyereket m\u00e1sik iskol\u00e1ba, k\u00f6z\u00f6ss\u00e9gbe viszem, ha zaklat\u00e1s \u00e1ldozata lett?<\/strong><\/p>\n<p>A b\u00e1ntalmaz\u00e1sra musz\u00e1j valamilyen megold\u00e1st tal\u00e1lni. Ha az agresszorral nem foglalkozik a k\u00f6rnyezet olyan m\u00f3don, hogy az agresszi\u00f3 megsz\u0171nj\u00f6n, akkor a gyermek\u00fcnket nem szabad kitenni tov\u00e1bbi b\u00e1ntalmaz\u00e1snak. El\u0151fordulhat, hogy ilyen helyzetben az iskolai k\u00f6rnyezet megv\u00e1ltoztat\u00e1sa a megold\u00e1s.<\/p>\n<p><strong>Az elm\u00falt \u00e9vtizedekben ez a t\u00e9ma sokkal nagyobb figyelmet kapott. Tapasztalhat\u00f3-e ennek k\u00f6vetkezt\u00e9ben pozit\u00edv v\u00e1ltoz\u00e1s, vagy az internetes zaklat\u00e1s, mint \u00faj csatorna bel\u00e9p\u00e9s\u00e9vel rosszabb\u00e1 v\u00e1lt a helyzet?<\/strong><\/p>\n<p>A b\u00e1ntalmaz\u00e1s fel\u00fcletei gyarapodnak, a form\u00e1i sz\u00ednesednek, a m\u00f3dszerek v\u00e1ltoznak. Ugyanakkor a b\u00e1ntalmaz\u00e1s mint jelens\u00e9g megel\u0151z\u00e9s\u00e9ben is j\u00f3val t\u00f6bb mozg\u00e1ster\u00fcnk van, mint kor\u00e1bban volt. Azzal, hogy besz\u00e9lhet\u00fcnk err\u0151l, elindult az \u00e9rdemi kommunik\u00e1ci\u00f3, amelynek sor\u00e1n meg lehet er\u0151s\u00edteni a gyerekeket \u00fagy, hogy kevesebb \u00e1ldozata legyen ezeknek a helyzeteknek. Az er\u0151szak semmilyen form\u00e1ja nem elfogadhat\u00f3, \u00e9s nem toler\u00e1lhat\u00f3.&nbsp;<\/p>\n<p><em>A t\u00e9m\u00e1ban&nbsp;<a href=\"https:\/\/erdmost.hu\/en\/2021\/02\/11\/egyutt-bantalmazas-ellen\/\" target=\"_blank\" rel=\"noopener\">itt<\/a>&nbsp;olvashat m\u00e9g.<\/em><\/p>","protected":false},"excerpt":{"rendered":"<p>Ami\u00f3ta iskola l\u00e9tezik, az\u00f3ta van kik\u00f6z\u00f6s\u00edt\u00e9s, b\u00e1ntalmaz\u00e1s is. A minap egy internetes oldalon egy \u00e9rdi gyermek vonatkoz\u00e1s\u00e1ban mer\u00fclt fel az iskolai zaklat\u00e1s gyan\u00faja. Gecse-Simon Orsoly\u00e1t, a Szoci\u00e1lis Gondoz\u00f3 K\u00f6zpont szakmai vezet\u0151j\u00e9t k\u00e9rdezt\u00fck, mi ilyenkor a teend\u0151.<\/p>","protected":false},"author":5,"featured_media":0,"comment_status":"closed","ping_status":"","sticky":false,"template":"","format":"standard","meta":{"_acf_changed":false,"_seopress_robots_primary_cat":"","_seopress_titles_title":"","_seopress_titles_desc":"","_seopress_robots_index":"","site-sidebar-layout":"default","site-content-layout":"","ast-site-content-layout":"default","site-content-style":"default","site-sidebar-style":"default","ast-global-header-display":"","ast-banner-title-visibility":"","ast-main-header-display":"","ast-hfb-above-header-display":"","ast-hfb-below-header-display":"","ast-hfb-mobile-header-display":"","site-post-title":"","ast-breadcrumbs-content":"","ast-featured-img":"","footer-sml-layout":"","ast-disable-related-posts":"","theme-transparent-header-meta":"","adv-header-id-meta":"","stick-header-meta":"","header-above-stick-meta":"","header-main-stick-meta":"","header-below-stick-meta":"","astra-migrate-meta-layouts":"default","ast-page-background-enabled":"default","ast-page-background-meta":{"desktop":{"background-color":"","background-image":"","background-repeat":"repeat","background-position":"center center","background-size":"auto","background-attachment":"scroll","background-type":"","background-media":"","overlay-type":"","overlay-color":"","overlay-opacity":"","overlay-gradient":""},"tablet":{"background-color":"","background-image":"","background-repeat":"repeat","background-position":"center center","background-size":"auto","background-attachment":"scroll","background-type":"","background-media":"","overlay-type":"","overlay-color":"","overlay-opacity":"","overlay-gradient":""},"mobile":{"background-color":"","background-image":"","background-repeat":"repeat","background-position":"center center","background-size":"auto","background-attachment":"scroll","background-type":"","background-media":"","overlay-type":"","overlay-color":"","overlay-opacity":"","overlay-gradient":""}},"ast-content-background-meta":{"desktop":{"background-color":"var(--ast-global-color-5)","background-image":"","background-repeat":"repeat","background-position":"center center","background-size":"auto","background-attachment":"scroll","background-type":"","background-media":"","overlay-type":"","overlay-color":"","overlay-opacity":"","overlay-gradient":""},"tablet":{"background-color":"var(--ast-global-color-5)","background-image":"","background-repeat":"repeat","background-position":"center center","background-size":"auto","background-attachment":"scroll","background-type":"","background-media":"","overlay-type":"","overlay-color":"","overlay-opacity":"","overlay-gradient":""},"mobile":{"background-color":"var(--ast-global-color-5)","background-image":"","background-repeat":"repeat","background-position":"center center","background-size":"auto","background-attachment":"scroll","background-type":"","background-media":"","overlay-type":"","overlay-color":"","overlay-opacity":"","overlay-gradient":""}},"footnotes":""},"categories":[1],"cikk_cimkek":[26],"content_flags":[349,348],"content_icons":[357],"class_list":["post-12431","post","type-post","status-publish","format-standard","hentry","category-erdmost","cikk_cimkek-kozerdeku","content_flags-fontos","content_flags-top","content_icons-informacio"],"acf":[],"_links":{"self":[{"href":"https:\/\/erdmost.hu\/en\/wp-json\/wp\/v2\/posts\/12431","targetHints":{"allow":["GET"]}}],"collection":[{"href":"https:\/\/erdmost.hu\/en\/wp-json\/wp\/v2\/posts"}],"about":[{"href":"https:\/\/erdmost.hu\/en\/wp-json\/wp\/v2\/types\/post"}],"author":[{"embeddable":true,"href":"https:\/\/erdmost.hu\/en\/wp-json\/wp\/v2\/users\/5"}],"replies":[{"embeddable":true,"href":"https:\/\/erdmost.hu\/en\/wp-json\/wp\/v2\/comments?post=12431"}],"version-history":[{"count":1,"href":"https:\/\/erdmost.hu\/en\/wp-json\/wp\/v2\/posts\/12431\/revisions"}],"predecessor-version":[{"id":29825,"href":"https:\/\/erdmost.hu\/en\/wp-json\/wp\/v2\/posts\/12431\/revisions\/29825"}],"wp:attachment":[{"href":"https:\/\/erdmost.hu\/en\/wp-json\/wp\/v2\/media?parent=12431"}],"wp:term":[{"taxonomy":"category","embeddable":true,"href":"https:\/\/erdmost.hu\/en\/wp-json\/wp\/v2\/categories?post=12431"},{"taxonomy":"cikk_cimkek","embeddable":true,"href":"https:\/\/erdmost.hu\/en\/wp-json\/wp\/v2\/cikk_cimkek?post=12431"},{"taxonomy":"content_flags","embeddable":true,"href":"https:\/\/erdmost.hu\/en\/wp-json\/wp\/v2\/content_flags?post=12431"},{"taxonomy":"content_icons","embeddable":true,"href":"https:\/\/erdmost.hu\/en\/wp-json\/wp\/v2\/content_icons?post=12431"}],"curies":[{"name":"wp","href":"https:\/\/api.w.org\/{rel}","templated":true}]}}