{"id":12429,"date":"2021-02-20T08:30:01","date_gmt":"2021-02-20T08:30:01","guid":{"rendered":"https:\/\/wp.erdmost.hu\/2021\/02\/20\/szinpadrol-mikrofon-moge-olvedi-reka\/"},"modified":"2021-02-20T08:30:01","modified_gmt":"2021-02-20T08:30:01","slug":"szinpadrol-mikrofon-moge-olvedi-reka","status":"publish","type":"post","link":"https:\/\/erdmost.hu\/en\/2021\/02\/20\/szinpadrol-mikrofon-moge-olvedi-reka\/","title":{"rendered":"Sz\u00ednpadr\u00f3l a mikrofon m\u00f6g\u00e9 &#8211; \u00d6lvedi R\u00e9ka"},"content":{"rendered":"<p>Az van\u2026 \u2013 kezden\u00e9 a 3 \u00e9ves nagyfiam a se v\u00e9ge, se eleje t\u00f6rt\u00e9netet. Lehet, hogy r\u00e1m \u00fct\u00f6tt? Nem! \u00c9n nem vagyok az a kifejezetten dumag\u00e9p t\u00edpus, akit ha bekapcsolnak, d\u0151l bel\u0151le a sz\u00f3. Ez\u00e9rt is leptem meg \u0151r\u00fclt v\u00edzi\u00f3mmal sokakat, mikor 13 \u00e9vesen elhat\u00e1roztam, m\u00e1rpedig sz\u00edn\u00e9szn\u0151 leszek. Mert az olyan j\u00f3 (lehet). Az is volt. B\u00e1r a sz\u00ednm\u0171v\u00e9szetire nem jutottam be. Majdnem, azt\u00e1n m\u00e9gsem. De a volt Nemzeti tanod\u00e1j\u00e1ba, a Pesti Magyar Sz\u00ednh\u00e1z Akad\u00e9mi\u00e1j\u00e1ra igen. Ott azt\u00e1n belek\u00f3stoltam a m\u0171v\u00e9szb\u00fcf\u00e9 szendvicseibe, beleszagoltam a t\u00f6meg\u00f6lt\u00f6z\u0151 m\u00e1moros illat\u00e1ba, f\u0151leg az Istv\u00e1n, a kir\u00e1ly el\u0151ad\u00e1s ut\u00e1n (h\u00fa, de szerettem azt, de t\u00e9nyleg!), \u00e9s persze pr\u00f3b\u00e1ra tehettem sz\u00edn\u00e9szi tehets\u00e9gem is. R\u00e1j\u00f6ttem, nem abb\u00f3l a f\u00e1b\u00f3l faragtak, aki ezen a p\u00e1ly\u00e1n egyr\u0151l a kett\u0151re juthatna, \u00fagyhogy lel\u00e9ptem.<\/p>\n<p>M\u00e1r az akad\u00e9mia alatt szerettem volna bebiztos\u00edtani a j\u00f6v\u0151m, \u00edgy a sz\u00ednh\u00e1zzal p\u00e1rhuzamosan, levelez\u0151n elv\u00e9geztem egy f\u0151iskolai k\u00e9pz\u00e9st, ahol valami\u00e9rt a mozg\u00f3k\u00e9p-m\u00e9dia szakir\u00e1nyt v\u00e1lasztottam. Diplomamunk\u00e1m egy dokumentumfilm volt, amit Egerben egy roma sr\u00e1cr\u00f3l forgattam, aki a tanul\u00e1st v\u00e1lasztva, a felemelked\u00e9sben b\u00edzva, lemosta a sz\u00e1rmaz\u00e1sa miatt r\u00e1ragasztott b\u00e9lyeget. Honnan j\u00f6tt ez az \u00e9rz\u00e9kenys\u00e9g? Nem tudom, de mindig is j\u00f3sz\u00e1nd\u00e9k \u00e9s j\u00f3indulat vez\u00e9rel. \u00c9rdekel a vil\u00e1g \u00e9s a benne l\u00e9v\u0151 sok sz\u00edn \u00e9s forma. A velem sz\u00fcletett naivit\u00e1somat is igyekszem a v\u00e9gs\u0151kig meg\u0151rizni.<\/p>\n<p>Az\u00e9rt m\u00e9g Koml\u00f3si G\u00e1bor m\u00e9diasulij\u00e1t is kij\u00e1rtam, hogy kell\u0151 gyakorlatot szerezzek, miel\u0151tt t\u00e9nyleg \u00fatnak indulok. Eg\u00e9szen Sz\u00e1zhalombatt\u00e1ig jutottam, ahol a Halom TV \u00e9rdi szekci\u00f3j\u00e1ba ker\u00fcltem. Itt ismerkedtem meg Cs\u00f3li Vir\u00e1ggal, Jeney Gerg\u0151vel \u00e9s Zombori Nikivel, akikkel azt\u00e1n lehet\u0151s\u00e9get kaptunk, hogy \u00c9rden elind\u00edtsuk a t\u00e9v\u00e9t. De nyughatatlans\u00e1gom m\u00e1s utakra vez\u00e9relt, elkalandoztam a p\u00e9nz\u00fcgy, a biztos\u00edt\u00e1s \u00e9s az \u00fczleti \u00e9let ter\u00fclet\u00e9re. Csatlakoztam egy hazai franchise l\u00e1nchoz, \u00e9s m\u00e1sf\u00e9l \u00e9vig m\u0171k\u00f6dtettem a GEKKO K\u00e9pess\u00e9gfejleszt\u0151 J\u00e1tsz\u00f3h\u00e1zat Tatab\u00e1ny\u00e1n.<\/p>\n<p>Mi\u00e9rt pont ott? Val\u00f3sz\u00edn\u0171 az\u00e9rt, hogy elindulhasson r\u00e1di\u00f3s karrierem. El\u00e9m ugrott ugyanis az egykori K\u00e9k Duna R\u00e1di\u00f3 hirdet\u00e9se, hogy m\u0171sorvezet\u0151ket keresnek, h\u00e1t jelentkeztem. A hangom komolys\u00e1g\u00e1b\u00f3l ad\u00f3d\u00f3an azonban h\u00edrszerkeszt\u0151-olvas\u00f3 lehet\u0151s\u00e9get k\u00edn\u00e1ltak, amit, mint izgalmasan hangz\u00f3 \u00faj dolgot, mindenk\u00e9ppen ki kellett pr\u00f3b\u00e1lnom. \u00c9s milyen sz\u00e9p az \u00e9let k\u00f6rforg\u00e1sa, most \u00c9rden visszak\u00faszott az \u00e9letembe a h\u00edrgy\u00e1rt\u00e1s. Persze az\u00e9rt a k\u00e9t r\u00e1di\u00f3 k\u00f6z\u00f6tt volt n\u00e9mi t\u00e9r \u00e9s id\u0151, amit igyekeztem offline \u00e9s online marketinggel kit\u00f6lteni, csod\u00e1s sikereket \u00e9s a padl\u00f3ra ker\u00fcl\u00e9st is megtapasztalva. M\u00edgnem el\u00e9rt a h\u00edr, hogy indul sz\u00fcl\u0151v\u00e1rosomban a r\u00e1di\u00f3.<\/p>\n<p>Akkor, 2014-ben \u00e9ppen egy n\u0151i magazin megval\u00f3s\u00edt\u00e1s\u00e1n t\u00f6rtem a fejem, mert egyik sz\u00edv\u00fcgyem a n\u0151k t\u00e1mogat\u00e1sa, de napi m\u0171sorvezet\u0151re volt sz\u00fcks\u00e9g, \u00fagyhogy elengedtem d\u00e9delgetett tervem, \u00e9s belev\u00e1gtam ism\u00e9t valami \u00fajba. A kezdeti id\u0151szak \u00e9rz\u00e9keltet\u00e9s\u00e9hez m\u00e9g keresem a megfelel\u0151 sz\u00f3t&#8230; Tal\u00e1n az abszurd lenne a legidev\u00e1g\u00f3bb. Be\u00fcltem a r\u00e9gi Spaten egyik f\u00fcst\u00f6s helyis\u00e9g\u00e9b\u0151l kialak\u00edtott ablaktalan dobozba, el\u0151ttem egy mikrofon, \u00e9s kigyulladt az on air felirat, hogy mondjak valamit. Mit?<\/p>\n<p>Na, ez\u00e9rt mondom, nem vagyok az a kik\u00f6p\u00f6tt dumag\u00e9p. De tudok besz\u00e9lni arr\u00f3l, ami \u00e9rdekel. Sz\u00edvvel-l\u00e9lekkel emberekkel besz\u00e9lgetni k\u00f6rnyezet\u00fcnk helyzet\u00e9r\u0151l a Z\u00f6ld\u00f6vezetben, vagy n\u0151i sorsokat felder\u00edtve, ak\u00e1r po\u00e9nra v\u00e9ve, ahogy tessz\u00fck teljesen komolyan Zsuffa P\u00e9terrel az Ap\u00e1d-Any\u00e1d csal\u00e1di sz\u00f3rakoztat\u00f3 m\u0171sorunkban. (Itt jegyzem meg m\u0171sorvezet\u0151 t\u00e1rsam f\u00e9rfihoz m\u00e9lt\u00f3 feled\u00e9kenys\u00e9g\u00e9t, hogy k\u00f6z\u00f6s projekt\u00fcnket elfelejtette megeml\u00edteni saj\u00e1t bemutatkoz\u00e1s\u00e1ban. Ejnye, Peti, l\u00e1tod, milyen feled\u00e9keny vagy, ha nem vagyok melletted!)<\/p>\n<p>Visszagondolok arra, mikor az \u00c9rd als\u00f3n \u00e9s fels\u0151n elhalad\u00f3 vonatokra v\u00e1rtunk, hogy \u00fajra megsz\u00f3lalhassunk ad\u00e1sban\u2026 nagyot ugrottunk, sokat v\u00e1ltoztunk az\u00f3ta. Ha csak arra gondolok, hogy \u00e9n, a kalandor, 7 \u00e9ve egy helyen, az \u00c9rd FM-n\u00e9l vagyok! J\u00f3, az\u00e9rt megsp\u00e9keltem k\u00e9t gyerk\u0151ccel ezt az id\u0151szakot, csakhogy m\u00e9gse v\u00e1lj\u00e9k olyan unalmass\u00e1. Nem v\u00e1lt. Bej\u00f6tt. A gyerekek is, meg a r\u00e1di\u00f3 is, na meg a t\u00e9v\u00e9, az \u00fajs\u00e1g, a web. J\u00f3 itt lenni, \u00c9rden \u00e9lni, kiteljesedni.<\/p>","protected":false},"excerpt":{"rendered":"<p>Bemutatkoznak az \u00c9rd M\u00e9diacentrum munkat\u00e1rsai<\/p>","protected":false},"author":8,"featured_media":0,"comment_status":"","ping_status":"","sticky":false,"template":"","format":"standard","meta":{"_acf_changed":false,"_seopress_robots_primary_cat":"","_seopress_titles_title":"","_seopress_titles_desc":"","_seopress_robots_index":"","site-sidebar-layout":"default","site-content-layout":"","ast-site-content-layout":"default","site-content-style":"default","site-sidebar-style":"default","ast-global-header-display":"","ast-banner-title-visibility":"","ast-main-header-display":"","ast-hfb-above-header-display":"","ast-hfb-below-header-display":"","ast-hfb-mobile-header-display":"","site-post-title":"","ast-breadcrumbs-content":"","ast-featured-img":"","footer-sml-layout":"","ast-disable-related-posts":"","theme-transparent-header-meta":"","adv-header-id-meta":"","stick-header-meta":"","header-above-stick-meta":"","header-main-stick-meta":"","header-below-stick-meta":"","astra-migrate-meta-layouts":"default","ast-page-background-enabled":"default","ast-page-background-meta":{"desktop":{"background-color":"","background-image":"","background-repeat":"repeat","background-position":"center center","background-size":"auto","background-attachment":"scroll","background-type":"","background-media":"","overlay-type":"","overlay-color":"","overlay-opacity":"","overlay-gradient":""},"tablet":{"background-color":"","background-image":"","background-repeat":"repeat","background-position":"center center","background-size":"auto","background-attachment":"scroll","background-type":"","background-media":"","overlay-type":"","overlay-color":"","overlay-opacity":"","overlay-gradient":""},"mobile":{"background-color":"","background-image":"","background-repeat":"repeat","background-position":"center center","background-size":"auto","background-attachment":"scroll","background-type":"","background-media":"","overlay-type":"","overlay-color":"","overlay-opacity":"","overlay-gradient":""}},"ast-content-background-meta":{"desktop":{"background-color":"var(--ast-global-color-5)","background-image":"","background-repeat":"repeat","background-position":"center center","background-size":"auto","background-attachment":"scroll","background-type":"","background-media":"","overlay-type":"","overlay-color":"","overlay-opacity":"","overlay-gradient":""},"tablet":{"background-color":"var(--ast-global-color-5)","background-image":"","background-repeat":"repeat","background-position":"center center","background-size":"auto","background-attachment":"scroll","background-type":"","background-media":"","overlay-type":"","overlay-color":"","overlay-opacity":"","overlay-gradient":""},"mobile":{"background-color":"var(--ast-global-color-5)","background-image":"","background-repeat":"repeat","background-position":"center center","background-size":"auto","background-attachment":"scroll","background-type":"","background-media":"","overlay-type":"","overlay-color":"","overlay-opacity":"","overlay-gradient":""}},"footnotes":""},"categories":[1],"cikk_cimkek":[22],"content_flags":[351],"content_icons":[],"class_list":["post-12429","post","type-post","status-publish","format-standard","hentry","category-erdmost","cikk_cimkek-erdekes","content_flags-jobbfent"],"acf":[],"_links":{"self":[{"href":"https:\/\/erdmost.hu\/en\/wp-json\/wp\/v2\/posts\/12429","targetHints":{"allow":["GET"]}}],"collection":[{"href":"https:\/\/erdmost.hu\/en\/wp-json\/wp\/v2\/posts"}],"about":[{"href":"https:\/\/erdmost.hu\/en\/wp-json\/wp\/v2\/types\/post"}],"author":[{"embeddable":true,"href":"https:\/\/erdmost.hu\/en\/wp-json\/wp\/v2\/users\/8"}],"replies":[{"embeddable":true,"href":"https:\/\/erdmost.hu\/en\/wp-json\/wp\/v2\/comments?post=12429"}],"version-history":[{"count":0,"href":"https:\/\/erdmost.hu\/en\/wp-json\/wp\/v2\/posts\/12429\/revisions"}],"wp:attachment":[{"href":"https:\/\/erdmost.hu\/en\/wp-json\/wp\/v2\/media?parent=12429"}],"wp:term":[{"taxonomy":"category","embeddable":true,"href":"https:\/\/erdmost.hu\/en\/wp-json\/wp\/v2\/categories?post=12429"},{"taxonomy":"cikk_cimkek","embeddable":true,"href":"https:\/\/erdmost.hu\/en\/wp-json\/wp\/v2\/cikk_cimkek?post=12429"},{"taxonomy":"content_flags","embeddable":true,"href":"https:\/\/erdmost.hu\/en\/wp-json\/wp\/v2\/content_flags?post=12429"},{"taxonomy":"content_icons","embeddable":true,"href":"https:\/\/erdmost.hu\/en\/wp-json\/wp\/v2\/content_icons?post=12429"}],"curies":[{"name":"wp","href":"https:\/\/api.w.org\/{rel}","templated":true}]}}