{"id":12423,"date":"2021-02-19T14:50:40","date_gmt":"2021-02-19T14:50:40","guid":{"rendered":"https:\/\/wp.erdmost.hu\/2021\/02\/19\/szallodaszovetseg-vedettek-mehessenek-etterembe-szallodaba\/"},"modified":"2021-02-19T14:50:40","modified_gmt":"2021-02-19T14:50:40","slug":"szallodaszovetseg-vedettek-mehessenek-etterembe-szallodaba","status":"publish","type":"post","link":"https:\/\/erdmost.hu\/en\/2021\/02\/19\/szallodaszovetseg-vedettek-mehessenek-etterembe-szallodaba\/","title":{"rendered":"Sz\u00e1llodasz\u00f6vets\u00e9g: a v\u00e9dettek mehessenek \u00e9tterembe, sz\u00e1llod\u00e1ba!"},"content":{"rendered":"<p>&nbsp;A Magyar Sz\u00e1llod\u00e1k \u00e9s \u00c9ttermek Sz\u00f6vets\u00e9ge (MSZ\u00c9SZ) szeretn\u00e9 el\u00e9rni, hogy azok, akik v\u00e9dettek a v\u00edrussal szemben, mehessenek \u00e9tterembe, sz\u00e1llod\u00e1ba &#8211; mondta Flesch Tam\u00e1s, a sz\u00e1llodasz\u00f6vets\u00e9g eln\u00f6ke az MTI-nek p\u00e9nteken.Hozz\u00e1tette: nagyon pozit\u00edv lenne, ha fokozatosan elkezdhetn\u00e9nek megnyitni a vend\u00e9gl\u00e1t\u00f3helyek \u00e9s a hotelek. L\u00e1that\u00f3, hogy a magyarok m\u00e1r a h\u00fasv\u00e9ti, \u00e1prilisi, \u00e9s az azt k\u00f6vet\u0151 id\u0151szakokra elkezdtek sz\u00e1ll\u00e1st foglalni a belf\u00f6ldi sz\u00e1llod\u00e1kba &#8211; tette hozz\u00e1 a szakember.<\/p>\n<p>Nagyon \u00f6r\u00fcln\u00e9nek, ha a korm\u00e1ny megvizsg\u00e1ln\u00e1 annak lehet\u0151s\u00e9g\u00e9t, hogy a beoltottak \u00e9s a betegs\u00e9gb\u0151l felgy\u00f3gyultak, azaz a fert\u0151z\u00e9st\u0151l v\u00e9dettek, hogyan mehessenek sz\u00e1llod\u00e1ba \u00e9s \u00e9tterembe &#8211; mondta Flesch Tam\u00e1s.Kit\u00e9rt arra is, hogy a nyit\u00e1s ideje az egyes helyeken att\u00f3l is f\u00fcgg, hogy ki h\u00e1ny dolgoz\u00f3t tartott meg. Ha megkapj\u00e1k a kedvez\u0151 v\u00e1laszt a nyit\u00e1sra, azt k\u00f6vet\u0151en az eln\u00f6k szerint a legt\u00f6bb helyen k\u00e9t h\u00e9t alatt meg is t\u00f6rt\u00e9nhetne az &#8211; mondta.<\/p>\n<p>A magyarorsz\u00e1gi sz\u00e1llod\u00e1kn\u00e1l azonban mindenk\u00e9ppen fokozatos nyit\u00e1sra sz\u00e1m\u00edt Flesch Tam\u00e1s, mert a budapesti hotelek m\u00e9g biztosan nem sz\u00e1molhatnak k\u00fclf\u00f6ldi vend\u00e9gekkel, mik\u00f6zben a vid\u00e9kiek elkezdhetn\u00e9nek dolgozni \u00e9s bev\u00e9telt termelni, ha kiszolg\u00e1lhatn\u00e1k a v\u00e9dett vend\u00e9geket.<\/p>","protected":false},"excerpt":{"rendered":"<p> A Magyar Sz\u00e1llod\u00e1k \u00e9s \u00c9ttermek Sz\u00f6vets\u00e9ge szeretn\u00e9 el\u00e9rni, hogy azok, akik v\u00e9dettek a v\u00edrussal szemben, mehessenek \u00e9tterembe, sz\u00e1llod\u00e1ba. Fokozatosan szeretn\u00e9k megnyitni a vend\u00e9gl\u00e1t\u00f3helyeket \u00e9s a hoteleket. Kedvez\u0151 v\u00e1lasz eset\u00e9n a legt\u00f6bb hely k\u00e9t h\u00e9ten bel\u00fcl nyitni tudna.<\/p>","protected":false},"author":8,"featured_media":0,"comment_status":"","ping_status":"","sticky":false,"template":"","format":"standard","meta":{"_acf_changed":false,"_seopress_robots_primary_cat":"","_seopress_titles_title":"","_seopress_titles_desc":"","_seopress_robots_index":"","site-sidebar-layout":"default","site-content-layout":"","ast-site-content-layout":"default","site-content-style":"default","site-sidebar-style":"default","ast-global-header-display":"","ast-banner-title-visibility":"","ast-main-header-display":"","ast-hfb-above-header-display":"","ast-hfb-below-header-display":"","ast-hfb-mobile-header-display":"","site-post-title":"","ast-breadcrumbs-content":"","ast-featured-img":"","footer-sml-layout":"","ast-disable-related-posts":"","theme-transparent-header-meta":"","adv-header-id-meta":"","stick-header-meta":"","header-above-stick-meta":"","header-main-stick-meta":"","header-below-stick-meta":"","astra-migrate-meta-layouts":"default","ast-page-background-enabled":"default","ast-page-background-meta":{"desktop":{"background-color":"","background-image":"","background-repeat":"repeat","background-position":"center center","background-size":"auto","background-attachment":"scroll","background-type":"","background-media":"","overlay-type":"","overlay-color":"","overlay-opacity":"","overlay-gradient":""},"tablet":{"background-color":"","background-image":"","background-repeat":"repeat","background-position":"center center","background-size":"auto","background-attachment":"scroll","background-type":"","background-media":"","overlay-type":"","overlay-color":"","overlay-opacity":"","overlay-gradient":""},"mobile":{"background-color":"","background-image":"","background-repeat":"repeat","background-position":"center center","background-size":"auto","background-attachment":"scroll","background-type":"","background-media":"","overlay-type":"","overlay-color":"","overlay-opacity":"","overlay-gradient":""}},"ast-content-background-meta":{"desktop":{"background-color":"var(--ast-global-color-5)","background-image":"","background-repeat":"repeat","background-position":"center center","background-size":"auto","background-attachment":"scroll","background-type":"","background-media":"","overlay-type":"","overlay-color":"","overlay-opacity":"","overlay-gradient":""},"tablet":{"background-color":"var(--ast-global-color-5)","background-image":"","background-repeat":"repeat","background-position":"center center","background-size":"auto","background-attachment":"scroll","background-type":"","background-media":"","overlay-type":"","overlay-color":"","overlay-opacity":"","overlay-gradient":""},"mobile":{"background-color":"var(--ast-global-color-5)","background-image":"","background-repeat":"repeat","background-position":"center center","background-size":"auto","background-attachment":"scroll","background-type":"","background-media":"","overlay-type":"","overlay-color":"","overlay-opacity":"","overlay-gradient":""}},"footnotes":""},"categories":[1],"cikk_cimkek":[104,197],"content_flags":[],"content_icons":[],"class_list":["post-12423","post","type-post","status-publish","format-standard","hentry","category-erdmost","cikk_cimkek-koronavirus","cikk_cimkek-utazas"],"acf":[],"_links":{"self":[{"href":"https:\/\/erdmost.hu\/en\/wp-json\/wp\/v2\/posts\/12423","targetHints":{"allow":["GET"]}}],"collection":[{"href":"https:\/\/erdmost.hu\/en\/wp-json\/wp\/v2\/posts"}],"about":[{"href":"https:\/\/erdmost.hu\/en\/wp-json\/wp\/v2\/types\/post"}],"author":[{"embeddable":true,"href":"https:\/\/erdmost.hu\/en\/wp-json\/wp\/v2\/users\/8"}],"replies":[{"embeddable":true,"href":"https:\/\/erdmost.hu\/en\/wp-json\/wp\/v2\/comments?post=12423"}],"version-history":[{"count":0,"href":"https:\/\/erdmost.hu\/en\/wp-json\/wp\/v2\/posts\/12423\/revisions"}],"wp:attachment":[{"href":"https:\/\/erdmost.hu\/en\/wp-json\/wp\/v2\/media?parent=12423"}],"wp:term":[{"taxonomy":"category","embeddable":true,"href":"https:\/\/erdmost.hu\/en\/wp-json\/wp\/v2\/categories?post=12423"},{"taxonomy":"cikk_cimkek","embeddable":true,"href":"https:\/\/erdmost.hu\/en\/wp-json\/wp\/v2\/cikk_cimkek?post=12423"},{"taxonomy":"content_flags","embeddable":true,"href":"https:\/\/erdmost.hu\/en\/wp-json\/wp\/v2\/content_flags?post=12423"},{"taxonomy":"content_icons","embeddable":true,"href":"https:\/\/erdmost.hu\/en\/wp-json\/wp\/v2\/content_icons?post=12423"}],"curies":[{"name":"wp","href":"https:\/\/api.w.org\/{rel}","templated":true}]}}