{"id":12407,"date":"2021-02-19T08:53:46","date_gmt":"2021-02-19T08:53:46","guid":{"rendered":"https:\/\/wp.erdmost.hu\/2021\/02\/19\/nagy-bajban-van-mentokutyas-csapat\/"},"modified":"2021-02-19T08:53:46","modified_gmt":"2021-02-19T08:53:46","slug":"nagy-bajban-van-mentokutyas-csapat","status":"publish","type":"post","link":"https:\/\/erdmost.hu\/en\/2021\/02\/19\/nagy-bajban-van-mentokutyas-csapat\/","title":{"rendered":"Nagy bajban van a ment\u0151kuty\u00e1s csapat"},"content":{"rendered":"<p>Bal\u00e1zs L\u00e1szl\u00f3 az \u00c9rd FM 101.3 Bund\u00e1skeny\u00e9r c\u00edm\u0171 m\u0171sor\u00e1ban elmondta, a 15 \u00e9ve k\u00f6zhaszn\u00fa alap\u00edtv\u00e1nyk\u00e9nt m\u0171k\u00f6d\u0151, de elt\u0171nt szem\u00e9lyek ment\u0151kuty\u00e1s felkutat\u00e1s\u00e1ban m\u00e1r h\u00fasz \u00e9ve seg\u00e9dkez\u0151 szolg\u00e1latot eddig t\u00f6bb forr\u00e1sb\u00f3l bej\u00f6v\u0151 p\u00e9nzekkel tartott\u00e1k fenn, azonban most minden csatorna elapadni l\u00e1tszik.<\/p>\n<p>Hallgassa meg az interj\u00fat!<\/p>\n<div class=\"ckeditor-html5-audio\"><span class=\"audio-wrapper\"><label class=\"audio-label\">Nagy bajban van a ment\u0151kuty\u00e1s csapat<\/label><\/p>\n<p><audio controls=\"controls\" data-entity-type=\"file\" data-entity-uuid=\"11d241f8-0a9d-46f5-8a01-49f9440680f7\" src=\"https:\/\/erdmost.hu\/wp-content\/uploads\/2022\/03\/21022021_10_pestmegyei%20mentok.mp3\">&nbsp;<\/audio><br \/>\n<\/span><\/div>\n<p>A 35 f\u0151s csapat 18 ment\u0151kuty\u00e1val seg\u00edti civilk\u00e9nt a katasztr\u00f3fav\u00e9delem, a rend\u0151rs\u00e9g \u00e9s a ment\u0151szolg\u00e1lat munk\u00e1j\u00e1t. \u00c9vi \u00e1tlag sz\u00e1z riaszt\u00e1suk van belf\u00f6ld\u00f6n, de ha m\u00e1s orsz\u00e1gban t\u00f6rt\u00e9nik nagyobb f\u00f6ldreng\u00e9s, oda is mennek seg\u00edteni. Munk\u00e1juk kilencven sz\u00e1zal\u00e9k\u00e1ban emberi \u00e9leteket mentenek, a fennmarad\u00f3 t\u00edz sz\u00e1zal\u00e9kot az \u00e1llatment\u00e9s teszi ki.<\/p>\n<p>Bal\u00e1zs L\u00e1szl\u00f3 elmondta: \u00e9vi 1\u20133 milli\u00f3 forintnyi \u00f6sszeget p\u00e1ly\u00e1zatokb\u00f3l kalapoznak \u00f6ssze, de id\u00e9n egyiken sem nyertek. Komoly gondot jelent a szolg\u00e1lat legf\u0151bb bev\u00e9telforr\u00e1s\u00e1nak elapad\u00e1sa is. A p\u00e1ly\u00e1zati p\u00e9nzek mellett ugyanis k\u00fcl\u00f6nb\u00f6z\u0151 rendezv\u00e9nyek biztos\u00edt\u00e1s\u00e1b\u00f3l gy\u0171jtik \u00f6ssze a m\u0171k\u00f6d\u00e9sre val\u00f3t: ezek a munk\u00e1k a csapat k\u00f6lts\u00e9gvet\u00e9s\u00e9nek k\u00f6zel fel\u00e9t adj\u00e1k, a j\u00e1rv\u00e1ny miatt azonban nincsenek rendezv\u00e9nyek, \u00edgy ez a forr\u00e1suk is kiesett.<\/p>\n<p>A j\u00e1rv\u00e1ny okolhat\u00f3 az\u00e9rt is, hogy jelent\u0151sen cs\u00f6kkent a harmadik bev\u00e9teli lehet\u0151s\u00e9g\u00fck: az egy\u00e9ni p\u00e9nzadom\u00e1nyok.<\/p>\n<p>Nagyon sokan szeretnek minket \u00e9s k\u00f6vetik a munk\u00e1nkat, de nagyj\u00e1b\u00f3l fel\u00e9re cs\u00f6kkent azok sz\u00e1ma, akik adom\u00e1nyozni tudnak, mert a j\u00e1rv\u00e1ny miatt sokan megszorultak. \u0150k jelezt\u00e9k is, hogy amint v\u00e9ge a j\u00e1rv\u00e1nyhelyzetnek, adnak p\u00e9nzt, csak most nem tehetik meg<\/p>\n<p>\u2013 mondta Bal\u00e1zs L\u00e1szl\u00f3, aki ez\u00e9rt is d\u00f6nt\u00f6tt \u00fagy, hogy a nyilv\u00e1noss\u00e1ghoz fordul, \u00e9s seg\u00edts\u00e9get k\u00e9r az emberekt\u0151l.<\/p>\n<p><iframe allow=\"encrypted-media\" allowfullscreen=\"true\" allowtransparency=\"true\" data-testid=\"fb:post Facebook Social Plugin\" frameborder=\"0\" height=\"1000px\" name=\"f3b347d3490dfe4\" scrolling=\"no\" src=\"https:\/\/www.facebook.com\/v3.2\/plugins\/post.php?app_id=151708208203632&amp;channel=https%3A%2F%2Fstaticxx.facebook.com%2Fx%2Fconnect%2Fxd_arbiter%2F%3Fversion%3D46%23cb%3Df5b94e3043399c%26domain%3D24.hu%26origin%3Dhttps%253A%252F%252F24.hu%252Ff39507764c5fec4%26relation%3Dparent.parent&amp;container_width=775&amp;href=https%3A%2F%2Fwww.facebook.com%2Fkutahttps:\/\/erdmost.hu\/wp-content\/uploads\/2021\/06\/business-blog-session-cover-img-03.jpgentok%2Fposts%2F10158894088720941&amp;locale=hu_HU&amp;sdk=joey\"  width=\"1000px\"><\/iframe><\/p>","protected":false},"excerpt":{"rendered":"<p>\u201eSz\u00e9p lassan fogyunk. Lassan, de biztosan sz\u0171k\u00fcl a l\u00e1t\u00f3ter\u00fcnk, lassan, de biztosan kiv\u00e9rz\u00fcnk\u201d \u2013 \u00edrta k\u00e9t nappal ezel\u0151tti dr\u00e1mai hangv\u00e9tel\u0171 Facebook-posztj\u00e1ban a Pest Megyei Kutat\u00f3-Ment\u0151 Szolg\u00e1lat vezet\u0151je, aki arra k\u00e9rte az embereket, hogy p\u00e9nzadom\u00e1nnyal seg\u00edts\u00e9k a szervezetet. <\/p>","protected":false},"author":8,"featured_media":0,"comment_status":"","ping_status":"","sticky":false,"template":"","format":"standard","meta":{"_acf_changed":false,"_seopress_robots_primary_cat":"","_seopress_titles_title":"","_seopress_titles_desc":"","_seopress_robots_index":"","site-sidebar-layout":"default","site-content-layout":"","ast-site-content-layout":"default","site-content-style":"default","site-sidebar-style":"default","ast-global-header-display":"","ast-banner-title-visibility":"","ast-main-header-display":"","ast-hfb-above-header-display":"","ast-hfb-below-header-display":"","ast-hfb-mobile-header-display":"","site-post-title":"","ast-breadcrumbs-content":"","ast-featured-img":"","footer-sml-layout":"","ast-disable-related-posts":"","theme-transparent-header-meta":"","adv-header-id-meta":"","stick-header-meta":"","header-above-stick-meta":"","header-main-stick-meta":"","header-below-stick-meta":"","astra-migrate-meta-layouts":"default","ast-page-background-enabled":"default","ast-page-background-meta":{"desktop":{"background-color":"","background-image":"","background-repeat":"repeat","background-position":"center center","background-size":"auto","background-attachment":"scroll","background-type":"","background-media":"","overlay-type":"","overlay-color":"","overlay-opacity":"","overlay-gradient":""},"tablet":{"background-color":"","background-image":"","background-repeat":"repeat","background-position":"center center","background-size":"auto","background-attachment":"scroll","background-type":"","background-media":"","overlay-type":"","overlay-color":"","overlay-opacity":"","overlay-gradient":""},"mobile":{"background-color":"","background-image":"","background-repeat":"repeat","background-position":"center center","background-size":"auto","background-attachment":"scroll","background-type":"","background-media":"","overlay-type":"","overlay-color":"","overlay-opacity":"","overlay-gradient":""}},"ast-content-background-meta":{"desktop":{"background-color":"var(--ast-global-color-5)","background-image":"","background-repeat":"repeat","background-position":"center center","background-size":"auto","background-attachment":"scroll","background-type":"","background-media":"","overlay-type":"","overlay-color":"","overlay-opacity":"","overlay-gradient":""},"tablet":{"background-color":"var(--ast-global-color-5)","background-image":"","background-repeat":"repeat","background-position":"center center","background-size":"auto","background-attachment":"scroll","background-type":"","background-media":"","overlay-type":"","overlay-color":"","overlay-opacity":"","overlay-gradient":""},"mobile":{"background-color":"var(--ast-global-color-5)","background-image":"","background-repeat":"repeat","background-position":"center center","background-size":"auto","background-attachment":"scroll","background-type":"","background-media":"","overlay-type":"","overlay-color":"","overlay-opacity":"","overlay-gradient":""}},"footnotes":""},"categories":[1],"cikk_cimkek":[15],"content_flags":[350,349],"content_icons":[],"class_list":["post-12407","post","type-post","status-publish","format-standard","hentry","category-erdmost","cikk_cimkek-kozelet","content_flags-erdekes","content_flags-fontos"],"acf":[],"_links":{"self":[{"href":"https:\/\/erdmost.hu\/en\/wp-json\/wp\/v2\/posts\/12407","targetHints":{"allow":["GET"]}}],"collection":[{"href":"https:\/\/erdmost.hu\/en\/wp-json\/wp\/v2\/posts"}],"about":[{"href":"https:\/\/erdmost.hu\/en\/wp-json\/wp\/v2\/types\/post"}],"author":[{"embeddable":true,"href":"https:\/\/erdmost.hu\/en\/wp-json\/wp\/v2\/users\/8"}],"replies":[{"embeddable":true,"href":"https:\/\/erdmost.hu\/en\/wp-json\/wp\/v2\/comments?post=12407"}],"version-history":[{"count":0,"href":"https:\/\/erdmost.hu\/en\/wp-json\/wp\/v2\/posts\/12407\/revisions"}],"wp:attachment":[{"href":"https:\/\/erdmost.hu\/en\/wp-json\/wp\/v2\/media?parent=12407"}],"wp:term":[{"taxonomy":"category","embeddable":true,"href":"https:\/\/erdmost.hu\/en\/wp-json\/wp\/v2\/categories?post=12407"},{"taxonomy":"cikk_cimkek","embeddable":true,"href":"https:\/\/erdmost.hu\/en\/wp-json\/wp\/v2\/cikk_cimkek?post=12407"},{"taxonomy":"content_flags","embeddable":true,"href":"https:\/\/erdmost.hu\/en\/wp-json\/wp\/v2\/content_flags?post=12407"},{"taxonomy":"content_icons","embeddable":true,"href":"https:\/\/erdmost.hu\/en\/wp-json\/wp\/v2\/content_icons?post=12407"}],"curies":[{"name":"wp","href":"https:\/\/api.w.org\/{rel}","templated":true}]}}