{"id":12398,"date":"2021-02-19T07:24:48","date_gmt":"2021-02-19T07:24:48","guid":{"rendered":"https:\/\/wp.erdmost.hu\/2021\/02\/19\/ha-kormany-komolyan-gondolja-csaladok-tamogatasat-most-bizonyithat\/"},"modified":"2021-02-19T07:24:48","modified_gmt":"2021-02-19T07:24:48","slug":"ha-kormany-komolyan-gondolja-csaladok-tamogatasat-most-bizonyithat","status":"publish","type":"post","link":"https:\/\/erdmost.hu\/en\/2021\/02\/19\/ha-kormany-komolyan-gondolja-csaladok-tamogatasat-most-bizonyithat\/","title":{"rendered":"Ha a korm\u00e1ny komolyan gondolja a csal\u00e1dok t\u00e1mogat\u00e1s\u00e1t, most bizony\u00edthat"},"content":{"rendered":"<p class=\"text-align-justify\">\u201eA polg\u00e1rmester politikai j\u00e1tszm\u00e1t folytat a korm\u00e1ny ellen&#8230;!\u201d \u2013 id\u00e9zte minapi cikk\u00e9ben Sim\u00f3 K\u00e1rolyt, az \u00e9rdi Fidesz\u2013KDNP frakci\u00f3vezet\u0151j\u00e9t a korm\u00e1nyk\u00f6zeli napilap. Mindezt arra alapozt\u00e1k, hogy Cs\u0151zik L\u00e1szl\u00f3 \u00e9lt a rendk\u00edv\u00fcli helyzet adta jog\u00e1val \u00e9s szem\u00e9lyes felel\u0151ss\u00e9get v\u00e1llalva a v\u00e1ros j\u00f6v\u0151j\u00e9t meghat\u00e1roz\u00f3 k\u00f6lts\u00e9gvet\u00e9s\u00e9rt, a p\u00e9nteki egyeztet\u00e9s eredm\u00e9nye vagy eredm\u00e9nytelens\u00e9ge ut\u00e1n v\u00e9gleges\u00edti a beny\u00fajtott b\u00fcdzs\u00e9t. Mint port\u00e1lunknak elmondta: a k\u00f6lts\u00e9gvet\u00e9s tervezete elk\u00e9sz\u00fclt, ezeket elfogad\u00e1s el\u0151tt tov\u00e1bb\u00edtja is a k\u00e9pvisel\u0151k sz\u00e1m\u00e1ra, hogy bevonja \u0151ket a d\u00f6nt\u00e9shozatalba. De mint el\u0151re jelezte, a v\u00e1ros \u00e9rdek\u00e9ben kiv\u00e1rja Guly\u00e1s miniszter v\u00e1lasz\u00e1t arra a jogos felvet\u00e9sre, hogy mikor kapj\u00e1k meg az elmaradt t\u00e1mogat\u00e1sokat. Mindez ugyanis \u00c9rd \u201ev\u00edz felett tart\u00e1s\u00e1nak\u201d a felt\u00e9tele a korm\u00e1nyzati elvon\u00e1sok k\u00f6vetkezt\u00e9ben: a v\u00e1rosnak megk\u00f6zel\u00edt\u0151leg 4 milli\u00e1rdra van sz\u00fcks\u00e9ge a tov\u00e1bbi, alapvet\u0151 m\u0171k\u00f6d\u00e9shez b\u00e1r err\u0151l m\u00e1r nem \u00edrt a Magyar Nemzet. Ha p\u00e9nteken nem kapnak \u00edg\u00e9retet legal\u00e1bb 2-5 milli\u00e1rdra, akkor cs\u0151dhelyzet \u00e1llhat el\u0151. Az ok rendk\u00edv\u00fcl egyszer\u0171.<\/p>\n<p class=\"text-align-justify\">\u2013 \u00c9rd t\u00edz \u00e9ve m\u0171k\u00f6d\u00e9si t\u00e1mogat\u00e1st kapott a Fidesz-korm\u00e1nyt\u00f3l, minden egyes esztend\u0151ben \u00e9rkezett hozz\u00e1nk nagyj\u00e1b\u00f3l egy milli\u00e1rd forint \u2013 kiv\u00e9ve a pand\u00e9mi\u00e1s \u00e9vet. 2020 kar\u00e1csony\u00e1n a korm\u00e1ny minden egyes fideszes vezet\u00e9s\u0171 megyei jog\u00fa v\u00e1rosnak adott 1,4 milli\u00e1rd t\u00e1mogat\u00e1st, az ellenz\u00e9kiek k\u00f6z\u00fcl viszont senki nem kapott. \u00c9rd sem, amelyik pedig minden \u00e9vben r\u00e1szorult erre. Ezt a terhet cipelj\u00fck magunk el\u0151tt imm\u00e1r m\u00e1sodik \u00e9ve \u00e9s ez az a hi\u00e1ny, amihez s\u00fcrg\u0151sen t\u00e1mogat\u00e1st kell kapnunk. Ez az \u00f6sszeg a 11-12 milli\u00e1rdb\u00f3l m\u0171k\u00f6d\u0151 \u00e9ves k\u00f6lts\u00e9gvet\u00e9s\u00fcnket felbor\u00edtja, mivel saj\u00e1t bev\u00e9tel mind\u00f6ssze h\u00e9tmilli\u00e1rd k\u00f6r\u00fcl sz\u00e1molhat\u00f3 2021-ben. Ez az a helyzet, amikor ha akarj\u00e1k, padl\u00f3ra k\u00fcldhetik \u00c9rd lakoss\u00e1g\u00e1t. Ha a korm\u00e1ny \u00fagy d\u00f6nt, hogy egy fill\u00e9rt sem ad \u00c9rdnek, akkor be\u00e1llhat a fizet\u00e9sk\u00e9ptelens\u00e9g. Ez politikailag is katasztrof\u00e1lis helyzet lenne \u00e9s nem csak nek\u00fcnk, de a korm\u00e1nynak is, a k\u00f6vetkezm\u00e9nyek pedig visszahullanak a Fideszre. Nem hiszem, hogy ezt akarn\u00e1k Pest megye legnagyobb v\u00e1ros\u00e1n demonstr\u00e1lni \u2013 nyilatkozta Cs\u0151zik L\u00e1szl\u00f3 a H\u00edrklikknek.<\/p>\n<p class=\"text-align-justify\">Arra a k\u00e9rd\u00e9sre, hogy mivel k\u00e9sz\u00fcl a Guly\u00e1s Gergellyel val\u00f3 tal\u00e1lkoz\u00f3ra, \u00c9rd polg\u00e1rmestere k\u00e9t konkr\u00e9t javaslatot eml\u00edtett. Az egyik a lakoss\u00e1got \u00e9rinti, mivel a lakhat\u00e1st tekintve, a legfelkapottabb helyek k\u00f6z\u00e9 ker\u00fclt a v\u00e1ros: 2020-ban t\u00f6bb mint \u00f6tezerrel n\u0151tt a lakoss\u00e1g l\u00e9tsz\u00e1ma. \u00c9rd a vid\u00e9ki Magyarorsz\u00e1g tizedik legn\u00e9pesebb v\u00e1ros\u00e1v\u00e1 l\u00e9pett el\u0151, most el\u0151zte meg Szolnokot a maga 75 ezres lakoss\u00e1g\u00e1val. Ennek egyr\u00e9szt a kertv\u00e1rosi k\u00f6rnyezet, a z\u00f6ld az oka, m\u00e1sr\u00e9szt a kedvez\u0151 ingatlan\u00e1rak. Mint elmondta, az ut\u00f3bbi id\u0151ben \u00c9rdre d\u00f6nt\u0151en a d\u00e9l-budai lak\u00f3telepeken \u00e9l\u0151 30-40 \u00e9v k\u00f6r\u00fcli fiatal csal\u00e1dok k\u00f6lt\u00f6znek: \u201e\u00c9rd Magyarorsz\u00e1g legfiatalabb v\u00e1rosa a maga 35 \u00e9ves \u00e1tlag\u00e9letkor\u00e1val\u201d. Mindez folyamatos forr\u00e1sbiztos\u00edt\u00e1st ig\u00e9nyel \u2013 tette hozz\u00e1: b\u00f6lcs\u0151d\u00e9t, \u00f3vod\u00e1t kell \u00e9p\u00edteni \u00e9s azokat fenntartani. A Minisztereln\u00f6ks\u00e9get vezet\u0151 miniszterrel mindenk\u00e9ppen meg szeretn\u00e9 \u00e9rtetni, hogy \u00c9rd szinte az egyetlen v\u00e1ros ma Magyarorsz\u00e1gon, amelynek folyamatosan \u00e9s egyre gyorsul\u00f3 \u00fctemben n\u0151 a lakoss\u00e1ga, konkr\u00e9t \u201ekik\u00f6lt\u00f6z\u00e9si c\u00e9lpont\u201d \u00e9s ezekr\u0151l a fiatal csal\u00e1dokr\u00f3l gondoskodni kell: \u201eha a Fidesz-korm\u00e1ny komolyan gondolja, hogy a csal\u00e1dokat t\u00e1mogatni kell, akkor itt a lehet\u0151s\u00e9ge bizony\u00edtani\u201d.<\/p>\n<p class=\"text-align-justify\">A m\u00e1sik pill\u00e9r, amelyre t\u00e1maszkodva, igyekszik \u00e9rvelni a p\u00e9nteki tal\u00e1lkoz\u00f3n, az a gyenge gazdas\u00e1gi k\u00f6rnyezet. A fellend\u00fcl\u00e9s lehet\u0151s\u00e9g\u00e9t \u00c9rd \u2013 ellent\u00e9tben p\u00e9ld\u00e1ul Buda\u00f6rssel \u2013 m\u00e9g a \u201990-es \u00e9vekben elszalasztotta, pedig minden k\u00edn\u00e1lkoz\u00f3 lehet\u0151s\u00e9g az akkori politikai vezet\u00e9s kez\u00e9re j\u00e1tszott. Az \u00e1ltaluk k\u00e9pviselt koncepci\u00f3 ink\u00e1bb \u201ealv\u00f3 v\u00e1rosk\u00e9nt\u201d k\u00edv\u00e1nta meg\u0151rizni \u00c9rdet \u00e9s elz\u00e1rk\u00f3ztak minden jelent\u0151sebb k\u00fclf\u00f6ldi befektet\u0151t\u0151l, akik tov\u00e1bb\u00e1lltak Buda\u00f6rs, T\u00f6r\u00f6kb\u00e1lint ir\u00e1ny\u00e1ba. Ez \u00f3ri\u00e1si lemarad\u00e1st okozott. Az eredm\u00e9nye k\u00f6zismert, a v\u00e1rosban az\u00f3ta f\u0151k\u00e9nt a kis- \u00e9s k\u00f6z\u00e9pv\u00e1llalkoz\u00e1sok domin\u00e1lnak, s\u0151t, az ad\u00f3z\u00f3k 98 sz\u00e1zal\u00e9ka kkv&#8230; Az \u00faj polg\u00e1rmester elk\u00e9pzel\u00e9seit pedig megakasztotta a be\u00e1ll\u00f3 j\u00e1rv\u00e1nyhelyzet, ami gyakorlatilag blokkol minden innovat\u00edv kezdem\u00e9nyez\u00e9st. Ezt az id\u0151szakot az elmaradt korm\u00e1nyzati seg\u00edts\u00e9g n\u00e9lk\u00fcl nem fogja \u00e9ps\u00e9gben \u00e1tv\u00e9szelni a v\u00e1ros.<\/p>\n<p class=\"text-align-justify\">Nem k\u00e9telkedik abban, hogy mindezt Guly\u00e1s miniszter is meg\u00e9rti, f\u0151k\u00e9nt annak tudat\u00e1ban, hogy \u00c9rd helyzet\u00e9vel m\u00e1r kor\u00e1bban is tiszt\u00e1ban volt az Orb\u00e1n-korm\u00e1ny, mivel jelent\u0151s, 40 hekt\u00e1ros ter\u00fcletet v\u00e1s\u00e1rolt egy korm\u00e1nyc\u00e9gen kereszt\u00fcl 2017-ben, azzal a sz\u00e1nd\u00e9kkal, hogy ipari parkot \u00e9p\u00edt. Ennek bev\u00e9tel\u00e9b\u0151l tervezt\u00e9k \u2013 az eredeti sz\u00e1nd\u00e9k szerint \u2013 hogy megdupl\u00e1zz\u00e1k az ipar\u0171z\u00e9si-ad\u00f3 bev\u00e9tel\u00e9t. Az eltelt h\u00e1rom \u00e9s f\u00e9l \u00e9v alatt egyetlen beruh\u00e1z\u00f3t sem siker\u00fclt tal\u00e1lnia az \u00e1llamnak, hogy \u00e9letet leheljen az ipari park-projektbe.<\/p>\n<p class=\"text-align-justify\">\u2013 A kompenz\u00e1ci\u00f3 sz\u00e1munkra m\u00e1r kev\u00e9s lesz, elengedhetetlen a sz\u00e1nd\u00e9k, hogy 2020-21-re is megkapjuk azt az elmaradt 1-1 milli\u00e1rd forintot, amit az el\u0151deink rendre megkaptak. Ez arra el\u00e9g, hogy ne ker\u00fclj\u00f6n deficitbe a m\u0171k\u00f6d\u00e9s\u00fcnk, elker\u00fclhess\u00fck a hitelfelv\u00e9telek k\u00f6zti bukd\u00e1csol\u00e1st \u2013 nyilatkozta a H\u00edrklikk megkeres\u00e9s\u00e9re Cs\u0151zik L\u00e1szl\u00f3 \u00c9rd polg\u00e1rmestere.<\/p>","protected":false},"excerpt":{"rendered":"<p>Korm\u00e1nyzati \u00f6sszt\u0171z al\u00e1 ker\u00fclt \u00c9rd polg\u00e1rmestere, mert lelkiismeretesen pr\u00f3b\u00e1lja lez\u00e1rni a v\u00e1ros k\u00f6lts\u00e9gvet\u00e9s\u00e9t. Nagym\u00e9rt\u00e9kben f\u00fcgg a v\u00e1ros j\u00f6v\u0151je a p\u00e9nteki tal\u00e1lkoz\u00f3t\u00f3l, amikor Guly\u00e1s Gergely fogadja a megyei jog\u00fa v\u00e1rosok polg\u00e1rmestereit.<\/p>","protected":false},"author":8,"featured_media":0,"comment_status":"","ping_status":"","sticky":false,"template":"","format":"standard","meta":{"_acf_changed":false,"_seopress_robots_primary_cat":"","_seopress_titles_title":"","_seopress_titles_desc":"","_seopress_robots_index":"","site-sidebar-layout":"default","site-content-layout":"","ast-site-content-layout":"default","site-content-style":"default","site-sidebar-style":"default","ast-global-header-display":"","ast-banner-title-visibility":"","ast-main-header-display":"","ast-hfb-above-header-display":"","ast-hfb-below-header-display":"","ast-hfb-mobile-header-display":"","site-post-title":"","ast-breadcrumbs-content":"","ast-featured-img":"","footer-sml-layout":"","ast-disable-related-posts":"","theme-transparent-header-meta":"","adv-header-id-meta":"","stick-header-meta":"","header-above-stick-meta":"","header-main-stick-meta":"","header-below-stick-meta":"","astra-migrate-meta-layouts":"default","ast-page-background-enabled":"default","ast-page-background-meta":{"desktop":{"background-color":"","background-image":"","background-repeat":"repeat","background-position":"center center","background-size":"auto","background-attachment":"scroll","background-type":"","background-media":"","overlay-type":"","overlay-color":"","overlay-opacity":"","overlay-gradient":""},"tablet":{"background-color":"","background-image":"","background-repeat":"repeat","background-position":"center center","background-size":"auto","background-attachment":"scroll","background-type":"","background-media":"","overlay-type":"","overlay-color":"","overlay-opacity":"","overlay-gradient":""},"mobile":{"background-color":"","background-image":"","background-repeat":"repeat","background-position":"center center","background-size":"auto","background-attachment":"scroll","background-type":"","background-media":"","overlay-type":"","overlay-color":"","overlay-opacity":"","overlay-gradient":""}},"ast-content-background-meta":{"desktop":{"background-color":"var(--ast-global-color-5)","background-image":"","background-repeat":"repeat","background-position":"center center","background-size":"auto","background-attachment":"scroll","background-type":"","background-media":"","overlay-type":"","overlay-color":"","overlay-opacity":"","overlay-gradient":""},"tablet":{"background-color":"var(--ast-global-color-5)","background-image":"","background-repeat":"repeat","background-position":"center center","background-size":"auto","background-attachment":"scroll","background-type":"","background-media":"","overlay-type":"","overlay-color":"","overlay-opacity":"","overlay-gradient":""},"mobile":{"background-color":"var(--ast-global-color-5)","background-image":"","background-repeat":"repeat","background-position":"center center","background-size":"auto","background-attachment":"scroll","background-type":"","background-media":"","overlay-type":"","overlay-color":"","overlay-opacity":"","overlay-gradient":""}},"footnotes":""},"categories":[1],"cikk_cimkek":[15],"content_flags":[349,348],"content_icons":[],"class_list":["post-12398","post","type-post","status-publish","format-standard","hentry","category-erdmost","cikk_cimkek-kozelet","content_flags-fontos","content_flags-top"],"acf":[],"_links":{"self":[{"href":"https:\/\/erdmost.hu\/en\/wp-json\/wp\/v2\/posts\/12398","targetHints":{"allow":["GET"]}}],"collection":[{"href":"https:\/\/erdmost.hu\/en\/wp-json\/wp\/v2\/posts"}],"about":[{"href":"https:\/\/erdmost.hu\/en\/wp-json\/wp\/v2\/types\/post"}],"author":[{"embeddable":true,"href":"https:\/\/erdmost.hu\/en\/wp-json\/wp\/v2\/users\/8"}],"replies":[{"embeddable":true,"href":"https:\/\/erdmost.hu\/en\/wp-json\/wp\/v2\/comments?post=12398"}],"version-history":[{"count":0,"href":"https:\/\/erdmost.hu\/en\/wp-json\/wp\/v2\/posts\/12398\/revisions"}],"wp:attachment":[{"href":"https:\/\/erdmost.hu\/en\/wp-json\/wp\/v2\/media?parent=12398"}],"wp:term":[{"taxonomy":"category","embeddable":true,"href":"https:\/\/erdmost.hu\/en\/wp-json\/wp\/v2\/categories?post=12398"},{"taxonomy":"cikk_cimkek","embeddable":true,"href":"https:\/\/erdmost.hu\/en\/wp-json\/wp\/v2\/cikk_cimkek?post=12398"},{"taxonomy":"content_flags","embeddable":true,"href":"https:\/\/erdmost.hu\/en\/wp-json\/wp\/v2\/content_flags?post=12398"},{"taxonomy":"content_icons","embeddable":true,"href":"https:\/\/erdmost.hu\/en\/wp-json\/wp\/v2\/content_icons?post=12398"}],"curies":[{"name":"wp","href":"https:\/\/api.w.org\/{rel}","templated":true}]}}