{"id":12357,"date":"2021-02-17T14:45:22","date_gmt":"2021-02-17T14:45:22","guid":{"rendered":"https:\/\/wp.erdmost.hu\/2021\/02\/17\/szent-negyven-nap-kezdete\/"},"modified":"2021-02-17T14:45:22","modified_gmt":"2021-02-17T14:45:22","slug":"szent-negyven-nap-kezdete","status":"publish","type":"post","link":"https:\/\/erdmost.hu\/en\/2021\/02\/17\/szent-negyven-nap-kezdete\/","title":{"rendered":"A szent negyven nap kezdete"},"content":{"rendered":"<p><iframe width=\"560\" height=\"315\" src=\"https:\/\/www.youtube.com\/embed\/2Plg9Le2274\"  frameborder=\"0\" allow=\"accelerometer; autoplay; clipboard-write; encrypted-media; gyroscope; picture-in-picture\" allowfullscreen><\/iframe><\/p>\n<h3 style=\"margin-bothttps:\/\/erdmost.hu\/wp-content\/uploads\/2021\/06\/business-blog-session-cover-img-03.jpg: 11px;\">\u201eHamvaz\u00f3szerda az\u00e9rt izgalmas nap, mert a szent negyven nap kezdete\u201d<\/h3>\n<p style=\"margin-bothttps:\/\/erdmost.hu\/wp-content\/uploads\/2021\/06\/business-blog-session-cover-img-03.jpg:11px\">\u2013 ismertette Hajdu Ferenc katolikus pl\u00e9b\u00e1nos, kifejtve, a negyven napba azonban nem sz\u00e1m\u00edtanak bele a vas\u00e1rnapok.<\/p>\n<p>\u201eEzzel kezd\u0151dik az a szent negyven nap, amikor J\u00e9zus Krisztus szenved\u00e9s\u00e9re \u00e9s kereszthal\u00e1l\u00e1ra k\u00e9sz\u00fcl\u00fcnk \u00fagy, hogy felt\u00e1mad\u00e1s\u00e1t is \u00fcnnepelni tudjuk\u201d \u2013 fogalmazott Hajdu Ferenc.<\/p>\n<p>\u201eJ\u00e9zusnak az emberek b\u0171nei miatt kellett szenvednie. Abban az esetben, amikor \u00e9szreveszem, hogy a saj\u00e1t butas\u00e1gom miatt valakinek rossz lesz, valami bel\u00fcl megmozdul bennem, hogy nem kellett volna neki \u00e1rtanom\u201d \u2013 mondja a katolikus pl\u00e9b\u00e1nos azzal kapcsolatban, hogyan jelenik meg a b\u0171nb\u00e1nat a h\u00edv\u0151 emberekben.<\/p>\n<blockquote>\n<p>\u201eA mi b\u0171neink miatt szenvedett J\u00e9zus, a mi b\u0171neink miatt halt meg \u00e9s a mi b\u0171neink megbocs\u00e1t\u00e1s\u00e1t jelenti az \u0151 felt\u00e1mad\u00e1sa\u201d<\/p>\n<\/blockquote>\n<p>\u2013 tette hozz\u00e1.<\/p>\n<p>Hajdu Ferenc besz\u00e1molt arr\u00f3l is, hogy a nagyb\u00f6jt els\u0151 napj\u00e1nak szok\u00e1sa a hamvazkod\u00e1a, azaz az el\u0151z\u0151 \u00e9vi vir\u00e1gvas\u00e1rnapon haszn\u00e1lt barka\u00e1gakat \u00e9getik el \u00e9s az ebb\u0151l sz\u00e1rmaz\u00f3 hamut hintik a fej\u00fckre.<\/p>\n<h1>\u201e\u00c9s azt mondjuk: eml\u00e9kezz ember: porb\u00f3l vagy \u00e9s porr\u00e1 leszel\u201d<\/h1>\n<p>\u2013 \u00edgy Hajdu Ferenc.<\/p>\n<p>A pl\u00e9b\u00e1nos eml\u00e9keztetett, a hamvaz\u00f3szerd\u00e1r\u00f3l m\u00e1r a legkor\u00e1bbi sz\u00e1zadokban megeml\u00e9keztek. Ez eleinte olyan b\u0171nb\u00e1nati id\u0151 volt, amikor azokat a megkeresztelt embereket fogadta vissza az egyh\u00e1z, akik valamilyen vezekl\u00e9st v\u00e9geztek, ugyanakkor a kereszts\u00e9gre k\u00e9sz\u00fcl\u0151k is bekapcsol\u00f3dtak.<\/p>\n<p>\u201eEz az a gy\u00f6k\u00e9r, amelyb\u0151l a X-XI. sz\u00e1zadban int\u00e9zm\u00e9nyes\u00fcl az \u00e1ltalunk ismert Hamvaz\u00f3szerda, illetve a szent negyven nap gyakorlata\u201d \u2013 ismertette.<\/p>\n<p>A b\u00f6jt kapcs\u00e1n kifejtette, ennek l\u00e9nyege, hogy az ember k\u00e9pes uralni a v\u00e1gyait. \u201eA h\u00fas\u00e9tel a k\u00f6z\u00e9pkor embere sz\u00e1m\u00e1ra \u00fcnnepi \u00e9tkez\u00e9st jelentett, amiben ritk\u00e1n volt r\u00e9sze. Teh\u00e1t amikor a h\u00fas\u00e9telt\u0151l tart\u00f3zkodtak, az nem sz\u00e1m\u00edtott olyan nagy dolognak, hiszen egy\u00e9bk\u00e9nt sem ettek h\u00fast, ugyanakkor kifejezte azt, hogy most nincs \u00fcnnepben r\u00e9sz\u00fcnk. Ahogy v\u00e1ltozik az id\u0151, a h\u00fas\u00e9telt\u0151l val\u00f3 megtart\u00f3ztat\u00e1s maradt, de az emberek r\u00e1d\u00f6bbennek arra, hogy mekkora sz\u00fcks\u00e9g\u00fck van r\u00e1, hogy saj\u00e1t v\u00e1gyaikat uralj\u00e1k\u201d \u2013 mondta Hajdu Ferenc.<\/p>\n<h2>\u201e\u00dagy gondolom, a b\u00f6jtre, az \u00f6nmegtagad\u00e1sra az embernek \u00f6nmaga ural\u00e1s\u00e1ra borzaszt\u00f3an nagy sz\u00fcks\u00e9g van most a XXI. sz\u00e1zadban is\u201d<\/h2>\n<p>\u2013 jegyezte meg.<\/p>","protected":false},"excerpt":{"rendered":"<p>2021-ben febru\u00e1r 17-re esik Hamvaz\u00f3szerda, azaz a nyugati kereszt\u00e9nys\u00e9gben a nagyb\u00f6jt kezd\u0151napja. Ez \u2013 a vas\u00e1rnapokat nem sz\u00e1m\u00edtva &#8211; a h\u00fasv\u00e9tvas\u00e1rnapt\u00f3l visszasz\u00e1molt negyvenedik h\u00e9tk\u00f6znap.<\/p>","protected":false},"author":8,"featured_media":0,"comment_status":"","ping_status":"","sticky":false,"template":"","format":"standard","meta":{"_acf_changed":false,"_seopress_robots_primary_cat":"","_seopress_titles_title":"","_seopress_titles_desc":"","_seopress_robots_index":"","site-sidebar-layout":"default","site-content-layout":"","ast-site-content-layout":"default","site-content-style":"default","site-sidebar-style":"default","ast-global-header-display":"","ast-banner-title-visibility":"","ast-main-header-display":"","ast-hfb-above-header-display":"","ast-hfb-below-header-display":"","ast-hfb-mobile-header-display":"","site-post-title":"","ast-breadcrumbs-content":"","ast-featured-img":"","footer-sml-layout":"","ast-disable-related-posts":"","theme-transparent-header-meta":"","adv-header-id-meta":"","stick-header-meta":"","header-above-stick-meta":"","header-main-stick-meta":"","header-below-stick-meta":"","astra-migrate-meta-layouts":"default","ast-page-background-enabled":"default","ast-page-background-meta":{"desktop":{"background-color":"","background-image":"","background-repeat":"repeat","background-position":"center center","background-size":"auto","background-attachment":"scroll","background-type":"","background-media":"","overlay-type":"","overlay-color":"","overlay-opacity":"","overlay-gradient":""},"tablet":{"background-color":"","background-image":"","background-repeat":"repeat","background-position":"center center","background-size":"auto","background-attachment":"scroll","background-type":"","background-media":"","overlay-type":"","overlay-color":"","overlay-opacity":"","overlay-gradient":""},"mobile":{"background-color":"","background-image":"","background-repeat":"repeat","background-position":"center center","background-size":"auto","background-attachment":"scroll","background-type":"","background-media":"","overlay-type":"","overlay-color":"","overlay-opacity":"","overlay-gradient":""}},"ast-content-background-meta":{"desktop":{"background-color":"var(--ast-global-color-5)","background-image":"","background-repeat":"repeat","background-position":"center center","background-size":"auto","background-attachment":"scroll","background-type":"","background-media":"","overlay-type":"","overlay-color":"","overlay-opacity":"","overlay-gradient":""},"tablet":{"background-color":"var(--ast-global-color-5)","background-image":"","background-repeat":"repeat","background-position":"center center","background-size":"auto","background-attachment":"scroll","background-type":"","background-media":"","overlay-type":"","overlay-color":"","overlay-opacity":"","overlay-gradient":""},"mobile":{"background-color":"var(--ast-global-color-5)","background-image":"","background-repeat":"repeat","background-position":"center center","background-size":"auto","background-attachment":"scroll","background-type":"","background-media":"","overlay-type":"","overlay-color":"","overlay-opacity":"","overlay-gradient":""}},"footnotes":""},"categories":[1],"cikk_cimkek":[15,102],"content_flags":[],"content_icons":[354],"class_list":["post-12357","post","type-post","status-publish","format-standard","hentry","category-erdmost","cikk_cimkek-kozelet","cikk_cimkek-vallas","content_icons-video"],"acf":[],"_links":{"self":[{"href":"https:\/\/erdmost.hu\/en\/wp-json\/wp\/v2\/posts\/12357","targetHints":{"allow":["GET"]}}],"collection":[{"href":"https:\/\/erdmost.hu\/en\/wp-json\/wp\/v2\/posts"}],"about":[{"href":"https:\/\/erdmost.hu\/en\/wp-json\/wp\/v2\/types\/post"}],"author":[{"embeddable":true,"href":"https:\/\/erdmost.hu\/en\/wp-json\/wp\/v2\/users\/8"}],"replies":[{"embeddable":true,"href":"https:\/\/erdmost.hu\/en\/wp-json\/wp\/v2\/comments?post=12357"}],"version-history":[{"count":0,"href":"https:\/\/erdmost.hu\/en\/wp-json\/wp\/v2\/posts\/12357\/revisions"}],"wp:attachment":[{"href":"https:\/\/erdmost.hu\/en\/wp-json\/wp\/v2\/media?parent=12357"}],"wp:term":[{"taxonomy":"category","embeddable":true,"href":"https:\/\/erdmost.hu\/en\/wp-json\/wp\/v2\/categories?post=12357"},{"taxonomy":"cikk_cimkek","embeddable":true,"href":"https:\/\/erdmost.hu\/en\/wp-json\/wp\/v2\/cikk_cimkek?post=12357"},{"taxonomy":"content_flags","embeddable":true,"href":"https:\/\/erdmost.hu\/en\/wp-json\/wp\/v2\/content_flags?post=12357"},{"taxonomy":"content_icons","embeddable":true,"href":"https:\/\/erdmost.hu\/en\/wp-json\/wp\/v2\/content_icons?post=12357"}],"curies":[{"name":"wp","href":"https:\/\/api.w.org\/{rel}","templated":true}]}}