{"id":12055,"date":"2021-02-05T06:18:53","date_gmt":"2021-02-05T06:18:53","guid":{"rendered":"https:\/\/wp.erdmost.hu\/2021\/02\/05\/csatornapenzek-nyomozas-folytatasara-utasitotta-az-ugyeszseg-rendorseget\/"},"modified":"2021-02-05T06:18:53","modified_gmt":"2021-02-05T06:18:53","slug":"csatornapenzek-nyomozas-folytatasara-utasitotta-az-ugyeszseg-rendorseget","status":"publish","type":"post","link":"https:\/\/erdmost.hu\/en\/2021\/02\/05\/csatornapenzek-nyomozas-folytatasara-utasitotta-az-ugyeszseg-rendorseget\/","title":{"rendered":"Csatornap\u00e9nzek: a nyomoz\u00e1s folytat\u00e1s\u00e1ra utas\u00edtotta az \u00fcgy\u00e9szs\u00e9g a rend\u0151rs\u00e9get"},"content":{"rendered":"<p class=\"text-align-justify\">Az \u00fcgy\u00e9szs\u00e9g szerint a rend\u0151rs\u00e9g nem v\u00e9gezte el a \u201csz\u00fcks\u00e9ges \u00e9s lehets\u00e9ges nyomozati cselekm\u00e9nyeket\u201d az \u00c9rd \u00e9s t\u00e9rs\u00e9g\u00e9ben lebonyol\u00edtott&nbsp; csatorn\u00e1z\u00e1si projekttel \u00f6sszef\u00fcgg\u00e9sben indult b\u0171n\u00fcgyben &#8211; \u00edrta az \u00c9rdi J\u00e1r\u00e1si \u00dcgy\u00e9szs\u00e9g a napokban a feljelent\u0151knek k\u00e9zbes\u00edtett hat\u00e1rozat\u00e1ban.<\/p>\n<p>A Pest Megyei Rend\u0151r-f\u0151kapit\u00e1nys\u00e1g gazdav\u00e9delmi oszt\u00e1ly\u00e1nak nyomoz\u00e1st megsz\u00fcntet\u0151 hat\u00e1rozata ellen a feljelent\u0151k \u00e9ltek jogorvoslattal m\u00e9g tavaly okt\u00f3ber elej\u00e9n. Ezeket a jogorvoslatokat b\u00edr\u00e1lta el az \u00fcgy\u00e9sz\u00e9g.<\/p>\n<p>A panaszt tev\u0151 feljelent\u0151k di\u00f3sdi, \u00e9rdi \u00e9s t\u00e1rnoki civilek. K\u00f6z\u00fcl\u00fck a legismertebb Mih\u00e1lyin\u00e9 Op\u00e9czy M\u00e1ria T\u00e1rnokr\u00f3l, akinek<a href=\"https:\/\/atlatszo.hu\/2018\/04\/16\/ot-eve-packaznak-a-hivatalok-a-lakossagi-csatornapenzek-elszamolasanak-ugyeben\/\"> sok \u00e9ves k\u00fczdelm\u00e9t <\/a>az \u00f6nkorm\u00e1nyzattal \u00e9s a hat\u00f3s\u00e1gokkal az orsz\u00e1gos sajt\u00f3 is r\u00e9szletesen bemutatta.<\/p>\n<p>Mih\u00e1lyin\u00e9 \u00e9s t\u00e9rs\u00e9gbeli civil t\u00e1rsai az elm\u00falt \u00e9vekben hatalmas munk\u00e1t v\u00e9geztek a csatornaberuh\u00e1z\u00e1s sz\u00f6vev\u00e9nyes p\u00e9nz\u00fcgyi \u00e9s jogi r\u00e9szleteinek felt\u00e1r\u00e1sa \u00e9rdek\u00e9ben.&nbsp;<\/p>\n<p>Az \u00fcgy\u00e9szs\u00e9g egyebek mellett \u00edgy foglalta \u00f6ssze a civilek feljelent\u00e9seinek tartalm\u00e1t:&nbsp; \u201ca csatorn\u00e1z\u00e1si projektre elnyert \u00e1llami \u00e9s uni\u00f3s t\u00e1mogat\u00e1shoz sz\u00fcks\u00e9ges \u00e9s a t\u00e1rsulati tagok hozz\u00e1j\u00e1rul\u00e1s\u00e1b\u00f3l fedezett \u00f6ner\u0151 \u00f6sszeg\u00e9t nem a meghat\u00e1rozott c\u00e9lra haszn\u00e1lt\u00e1k fel, az \u00f6ner\u0151 cs\u00f6kkent\u00e9se \u00e9rdek\u00e9ben id\u0151k\u00f6zben elnyert p\u00e1ly\u00e1zati p\u00e9nzekkel \u00e9s a t\u00e1rsulati tagok befizet\u00e9seivel kapcsolatos gazd\u00e1lkod\u00e1s \u00e9s p\u00e9nzkezel\u00e9s hi\u00e1nyos \u00e9s&nbsp; val\u00f3tlan adatokon alapult \u00e9s jogs\u00e9rt\u0151 volt, a 2008-2014. k\u00f6z\u00f6tt folyamatban volt csatorn\u00e1z\u00e1s sor\u00e1n a lakoss\u00e1gi hozz\u00e1j\u00e1ruI\u00e1st nem cs\u00f6kkentett\u00e9k, nem fizett\u00e9k vissza, holott ut\u00f3bb nyilv\u00e1nval\u00f3v\u00e1 v\u00e1It, hogy az uni\u00f3s t\u00e1mogat\u00e1sok elnyer\u00e9se miatt az indokolt lett volna.\u201d&nbsp;<\/p>\n<p>Az \u00fcgy\u00e9szs\u00e9g hat\u00e1rozatb\u00f3l kider\u00fcl, hogy a rend\u0151rs\u00e9g nemcsak h\u0171tlen kezel\u00e9se min\u0151s\u00edtett &#8211; legal\u00e1bb k\u00e9t \u00e9vi \u00e9s legfeljebb nyolc \u00e9vi szabads\u00e1gveszt\u00e9ssel fenyegetett &#8211; esete, hanem sikkaszt\u00e1s miatt is nyomozott &#8211; \u00e9s most ezen b\u0171ncselekm\u00e9nyek gyan\u00faja miatt kell folytatnia a nyomoz\u00e1st. Az \u00fcgynek jelenleg nincs gyan\u00fas\u00edtottja.<\/p>\n<p>A megsz\u00fcntet\u0151 hat\u00e1rozattal szemben el\u0151terjesztett panaszok r\u00e9szletess\u00e9ge \u00e9s megalapozotts\u00e1ga a jelek szerint teljesen meggy\u0151zte \u00fcgy\u00e9szs\u00e9get arr\u00f3l, hogy a rend\u0151rs\u00e9g nem tett meg mindent a t\u00e9ny\u00e1ll\u00e1s felder\u00edt\u00e9se \u00e9rdek\u00e9ben.<\/p>\n<p>\u201cDr. Mih\u00e1lyin\u00e9 Op\u00e9czy M\u00e1ria a t\u00e1rnoki t\u00e1rsulat tekintet\u00e9ben 9 oldalas panasz-beadv\u00e1ny\u00e1ban rendk\u00edv\u00fcl r\u00e9szletesen pontokba szedve sorolja fel, hogy melyek azok a jogs\u00e9rt\u00e9sek, amelyek a feljelent\u00e9sben el\u0151adottak ellen\u00e9re nem vizsg\u00e1lt kell\u0151en alaposan a nyomoz\u00f3 hat\u00f3s\u00e1g\u201d &#8211; emelte ki a hat\u00e1rozatot jegyz\u0151 \u00fcgy\u00e9sz a d\u00f6nt\u00e9s indokol\u00e1s\u00e1ban.<\/p>\n<p>Az \u00c1tl\u00e1tsz\u00f3 2019. november\u00e9ben<a href=\"https:\/\/orszagszerte.atlatszo.hu\/hutlen-kezeles-gyanujaval-nyomoznak-erd-es-tersege-zuros-csatornaberuhazasa-miatt\/\"> sz\u00e1molt be arr\u00f3l<\/a>, hogy a csatornaberuh\u00e1z\u00e1s miatt megindult a b\u00fcntet\u0151elj\u00e1r\u00e1s, majd 2020-ban a t\u00e9nyfelt\u00e1r\u00f3 port\u00e1l m\u00e1r azt \u00edrta, hogy a di\u00f3sdi, \u00e9rdi \u00e9s t\u00e1rnoki civilek feljelent\u00e9se alapj\u00e1n<a href=\"https:\/\/orszagszerte.atlatszo.hu\/kiterjedt-nyomozas-indult-pest-megyeben-a-csatornapenzek-miatt\/\"> kiterjedt nyomoz\u00e1s indult<\/a> h\u0171tlen kezel\u00e9s b\u0171ntette miatt ismeretlen tettes ellen. A nyomoz\u00e1s megsz\u00fcntet\u00e9s\u00e9r\u0151l is ez a port\u00e1l sz\u00e1molt be <a href=\"https:\/\/orszagszerte.atlatszo.hu\/vegrehajtot-kuldenek-a-karacsondi-onkormanyzatra-erden-mar-nem-nyomoznak\/\">2020. okt\u00f3ber v\u00e9g\u00e9n<\/a>.<\/p>\n<p>P\u00e1r nappal k\u00e9s\u0151bb az \u00e1ltal\u00e1ban az Orb\u00e1n-korm\u00e1ny \u00e1ll\u00e1spontj\u00e1t \u00e9s \u00fczeneteit k\u00f6zvet\u00edt\u0151 Magyar Nemzet azt \u00edrta: \u201cNem t\u00f6rt\u00e9nt szab\u00e1lytalans\u00e1g az \u00e9rdi csatorna\u00e9p\u00edt\u00e9si projektben, mint kider\u00fclt: egy sz\u00f3 sem volt igaz abb\u00f3l, amivel a baloldali Cs\u0151zik L\u00e1szl\u00f3 kamp\u00e1nyolt. Ebb\u0151l k\u00f6vetkezik, hogy a belengetett k\u00e9tsz\u00e1z\u00f6tvenezer forint sem j\u00e1r vissza, holott feltehet\u0151en sokan ez\u00e9rt szavaztak a baloldali \u00f6sszefog\u00e1s jel\u00f6ltj\u00e9re, s ez okozhatta a fideszes T. M\u00e9sz\u00e1ros Andr\u00e1s v\u00e1laszt\u00e1si veres\u00e9g\u00e9t.\u201d<\/p>\n<p>T. M\u00e9sz\u00e1ros Andr\u00e1s volt polg\u00e1rmester \u00e9s a csatornaprojektet tet\u0151 al\u00e1 hoz\u00f3 \u00f6nkorm\u00e1nyzati t\u00e1rsul\u00e1s egykori els\u0151 embere azt mondta a lapnak: \u201cMost mindenki sz\u00e1m\u00e1ra vil\u00e1goss\u00e1 v\u00e1lt a csatorna-\u00fcgyben is v\u00e9gre, hogy Cs\u0151zik \u00e9s band\u00e1ja v\u00e9gighazudt\u00e1k az elm\u00falt \u00e9veket.\u201d<\/p>\n<p>Az \u00e9rdi \u00fcgy\u00e9szs\u00e9g janu\u00e1r 28-\u00e1n meghozott hat\u00e1rozata alapj\u00e1n tov\u00e1bbra is er\u0151sen k\u00e9ts\u00e9ges, hogy a 34 milli\u00e1rdos csatorn\u00e1z\u00e1si programmal minden rendben lenne. T. M\u00e9sz\u00e1ros\u00e9k sikert\u00f6rt\u00e9netk\u00e9nt \u00e1ll\u00edtj\u00e1k be a csatornaprojektet. Ugyanakkor a Nemzeti Fejleszt\u00e9si Miniszt\u00e9rium csakneml 1,5 milli\u00e1rd forint uni\u00f3s t\u00e1mogat\u00e1s visszafizet\u00e9s\u00e9re k\u00f6telezte k\u00f6zbeszerz\u00e9si szab\u00e1lys\u00e9rt\u00e9sek \u00e9s \u00fcgyv\u00e9di t\u00falsz\u00e1ml\u00e1z\u00e1s miatt a T. M\u00e9sz\u00e1ros \u00e1ltal vezetett t\u00e1rsul\u00e1st, amely helyett v\u00e9g\u00fcl az ad\u00f3fizet\u0151 \u00e1llampolg\u00e1rok fizett\u00e9k ki a p\u00e9nz\u00fcgyi korrekci\u00f3t.<\/p>\n<p>A csatornaprojekt legproblematikusabb k\u00e9rd\u00e9se: mi\u00e9rt nem sz\u00e1moltak el id\u0151ben az id\u0151k\u00f6zben be\u00e9rkezett uni\u00f3s \u00e9s \u00f6ner\u0151-t\u00e1mogat\u00e1s r\u00e9v\u00e9n visszafizethet\u0151v\u00e9 v\u00e1lt \u00e9rdekelts\u00e9gi hozz\u00e1j\u00e1rul\u00e1sokkal, az \u00fagynevezett csatornap\u00e9nzzel?<\/p>\n<p>Ahelyett, hogy elsz\u00e1moltak volna, a megmaradt lakoss\u00e1gi p\u00e9nz nagy r\u00e9sz\u00e9t az \u00fan. \u201cB\u201d programra k\u00f6lt\u00f6tt\u00e9k el. Olyan c\u00e9lokra, amelyeket a t\u00f6rv\u00e9nyt megtiltott. Mindezt annak ellen\u00e9re tett\u00e9k, hogy a 2011. ut\u00e1n a b\u00edr\u00f3s\u00e1gok t\u00f6bbsz\u00f6r kimondt\u00e1k: tilos \u00fat\u00e9p\u00edt\u00e9sre k\u00f6lteni a lakoss\u00e1gi csatornap\u00e9nzt. \u00c9rden a csatorn\u00e1z\u00e1si program keret\u00e9ben \u00f6tven kilom\u00e9ter utat \u00e9p\u00edtettek.<\/p>\n<p>A lakoss\u00e1gi csatornap\u00e9nzek elt\u00e9r\u0151 c\u00e9l\u00fa elk\u00f6lt\u00e9se miatt jelenleg Tolna \u00e9s Heves megy\u00e9ben folynak b\u00fcntet\u0151elj\u00e1r\u00e1sok.<\/p>\n<p>Szerett\u00fck volna megtudni, mi a v\u00e9lem\u00e9nye T. M\u00e9sz\u00e1ros Andr\u00e1snak az \u00fcgy\u00e9szs\u00e9g hat\u00e1rozat\u00e1r\u00f3l, de szok\u00e1sos p\u00e9nteki <a href=\"https:\/\/www.facebook.com\/t.meszaros.andras\/videos\/119181086696119\/\" target=\"_blank\" rel=\"noopener\">sajt\u00f3t\u00e1j\u00e9koztat\u00f3j\u00e1n<\/a> nem besz\u00e9lt err\u0151l. K\u00e9s\u0151bb \u00edr\u00e1sban foglalt \u00e1ll\u00e1st az \u00fcgyben:&nbsp;<\/p>\n<p>&#8222;Mindenki tegye a maga dolg\u00e1t. Ez \u00edgy helyes.&nbsp;Polg\u00e1rmesteri tev\u00e9kenys\u00e9gem egyik, ha nem a legnagyobb eredm\u00e9ny\u00e9nek tarhttps:\/\/erdmost.hu\/wp-content\/uploads\/2021\/06\/business-blog-session-cover-img-03.jpg \u00c9rd, Di\u00f3sd, T\u00e1rnok csatorn\u00e1z\u00e1s\u00e1t.&nbsp;Biztos vagyok benne, hogy ha ez az \u00fajonnan elrendelt vizsg\u00e1lat is politikai befoly\u00e1sol\u00e1st\u00f3l mentesen zajlik, akkor nem juthat m\u00e1s eredm\u00e9nyre, mint az el\u0151z\u0151.&nbsp;\u00c9rd, Di\u00f3sd, T\u00e1rnok t\u00f6rt\u00e9net\u00e9nek legnagyobb \u00e9s az orsz\u00e1g k\u00f6zelm\u00faltj\u00e1nak egyik legnagyobb k\u00f6rnyezetv\u00e9delmi beruh\u00e1z\u00e1sr\u00f3l van sz\u00f3, amelynek k\u00f6sz\u00f6nhet\u0151en a kor\u00e1bban alig h\u00fasz sz\u00e1zal\u00e9k\u00e1ban csatorn\u00e1zott telep\u00fcl\u00e9sek szinte teljes eg\u00e9sz\u00e9ben (95%) csatorn\u00e1zott\u00e1 v\u00e1ltak.&nbsp;Az ingatlanok \u00e9rt\u00e9ke ezeken a telep\u00fcl\u00e9seken a dupl\u00e1j\u00e1ra n\u00f6vekedett a beruh\u00e1zott sok-sok milli\u00e1rdnak k\u00f6sz\u00f6nhet\u0151en. Van, aki gy\u00edkv\u00e1rat \u00e9p\u00edttet az \u00e9rdieknek \u00e9s hal\u00e1losan b\u00fcszke r\u00e1.&nbsp; \u00c9n a csatorn\u00e1z\u00e1si programra vagyok b\u00fcszke, ak\u00e1rh\u00e1nyszor is jelentik fel irigy politikai ellenfelek.&#8221;<\/p>\n<p>&nbsp;<\/p>","protected":false},"excerpt":{"rendered":"<p>Az \u00c9rdi J\u00e1r\u00e1si \u00dcgy\u00e9szs\u00e9g az t\u00e9rs\u00e9gben lebonyol\u00edtott 34 milli\u00e1rdos csatorn\u00e1z\u00e1si projekt \u00fcgy\u00e9ben t\u00f6rv\u00e9nys\u00e9rt\u0151nek \u00e9s megalapozatlannak tal\u00e1lta rend\u0151rs\u00e9g nyomoz\u00e1st megsz\u00fcntet\u0151 hat\u00e1rozat\u00e1t, azt hat\u00e1lyon k\u00edv\u00fcl helyezte, \u00e9s annak folytat\u00e1s\u00e1t elrendelte &#8211; \u00e9rtes\u00fclt az \u00c9rdi \u00dajs\u00e1g.<\/p>","protected":false},"author":8,"featured_media":0,"comment_status":"","ping_status":"","sticky":false,"template":"","format":"standard","meta":{"_acf_changed":false,"_seopress_robots_primary_cat":"","_seopress_titles_title":"","_seopress_titles_desc":"","_seopress_robots_index":"","site-sidebar-layout":"default","site-content-layout":"","ast-site-content-layout":"default","site-content-style":"default","site-sidebar-style":"default","ast-global-header-display":"","ast-banner-title-visibility":"","ast-main-header-display":"","ast-hfb-above-header-display":"","ast-hfb-below-header-display":"","ast-hfb-mobile-header-display":"","site-post-title":"","ast-breadcrumbs-content":"","ast-featured-img":"","footer-sml-layout":"","ast-disable-related-posts":"","theme-transparent-header-meta":"","adv-header-id-meta":"","stick-header-meta":"","header-above-stick-meta":"","header-main-stick-meta":"","header-below-stick-meta":"","astra-migrate-meta-layouts":"default","ast-page-background-enabled":"default","ast-page-background-meta":{"desktop":{"background-color":"","background-image":"","background-repeat":"repeat","background-position":"center center","background-size":"auto","background-attachment":"scroll","background-type":"","background-media":"","overlay-type":"","overlay-color":"","overlay-opacity":"","overlay-gradient":""},"tablet":{"background-color":"","background-image":"","background-repeat":"repeat","background-position":"center center","background-size":"auto","background-attachment":"scroll","background-type":"","background-media":"","overlay-type":"","overlay-color":"","overlay-opacity":"","overlay-gradient":""},"mobile":{"background-color":"","background-image":"","background-repeat":"repeat","background-position":"center center","background-size":"auto","background-attachment":"scroll","background-type":"","background-media":"","overlay-type":"","overlay-color":"","overlay-opacity":"","overlay-gradient":""}},"ast-content-background-meta":{"desktop":{"background-color":"var(--ast-global-color-5)","background-image":"","background-repeat":"repeat","background-position":"center center","background-size":"auto","background-attachment":"scroll","background-type":"","background-media":"","overlay-type":"","overlay-color":"","overlay-opacity":"","overlay-gradient":""},"tablet":{"background-color":"var(--ast-global-color-5)","background-image":"","background-repeat":"repeat","background-position":"center center","background-size":"auto","background-attachment":"scroll","background-type":"","background-media":"","overlay-type":"","overlay-color":"","overlay-opacity":"","overlay-gradient":""},"mobile":{"background-color":"var(--ast-global-color-5)","background-image":"","background-repeat":"repeat","background-position":"center center","background-size":"auto","background-attachment":"scroll","background-type":"","background-media":"","overlay-type":"","overlay-color":"","overlay-opacity":"","overlay-gradient":""}},"footnotes":""},"categories":[1],"cikk_cimkek":[93,15],"content_flags":[351],"content_icons":[],"class_list":["post-12055","post","type-post","status-publish","format-standard","hentry","category-erdmost","cikk_cimkek-csatornazas","cikk_cimkek-kozelet","content_flags-jobbfent"],"acf":[],"_links":{"self":[{"href":"https:\/\/erdmost.hu\/en\/wp-json\/wp\/v2\/posts\/12055","targetHints":{"allow":["GET"]}}],"collection":[{"href":"https:\/\/erdmost.hu\/en\/wp-json\/wp\/v2\/posts"}],"about":[{"href":"https:\/\/erdmost.hu\/en\/wp-json\/wp\/v2\/types\/post"}],"author":[{"embeddable":true,"href":"https:\/\/erdmost.hu\/en\/wp-json\/wp\/v2\/users\/8"}],"replies":[{"embeddable":true,"href":"https:\/\/erdmost.hu\/en\/wp-json\/wp\/v2\/comments?post=12055"}],"version-history":[{"count":0,"href":"https:\/\/erdmost.hu\/en\/wp-json\/wp\/v2\/posts\/12055\/revisions"}],"wp:attachment":[{"href":"https:\/\/erdmost.hu\/en\/wp-json\/wp\/v2\/media?parent=12055"}],"wp:term":[{"taxonomy":"category","embeddable":true,"href":"https:\/\/erdmost.hu\/en\/wp-json\/wp\/v2\/categories?post=12055"},{"taxonomy":"cikk_cimkek","embeddable":true,"href":"https:\/\/erdmost.hu\/en\/wp-json\/wp\/v2\/cikk_cimkek?post=12055"},{"taxonomy":"content_flags","embeddable":true,"href":"https:\/\/erdmost.hu\/en\/wp-json\/wp\/v2\/content_flags?post=12055"},{"taxonomy":"content_icons","embeddable":true,"href":"https:\/\/erdmost.hu\/en\/wp-json\/wp\/v2\/content_icons?post=12055"}],"curies":[{"name":"wp","href":"https:\/\/api.w.org\/{rel}","templated":true}]}}