{"id":11928,"date":"2021-01-29T16:00:36","date_gmt":"2021-01-29T16:00:36","guid":{"rendered":"https:\/\/wp.erdmost.hu\/2021\/01\/29\/nem-baj-ha-meghalok-mert-tudom-hogy-jo-helyre-kerulok\/"},"modified":"2021-01-29T16:00:36","modified_gmt":"2021-01-29T16:00:36","slug":"nem-baj-ha-meghalok-mert-tudom-hogy-jo-helyre-kerulok","status":"publish","type":"post","link":"https:\/\/erdmost.hu\/en\/2021\/01\/29\/nem-baj-ha-meghalok-mert-tudom-hogy-jo-helyre-kerulok\/","title":{"rendered":"\u201eNem baj, ha meghalok, mert tudom, hogy j\u00f3 helyre ker\u00fcl\u00f6k\u201d"},"content":{"rendered":"<p><strong>Artistak\u00e9nt, boh\u00f3ck\u00e9nt ak\u00e1r k\u00fclf\u00f6ldi karriert is befuthatott volna, \u00f6n m\u00e9gis a \u201eboh\u00f3cdoktorkod\u00e1s\u201d mellett d\u00f6nt\u00f6tt. Hogyan ker\u00fclt kapcsolatba ezzel a hivat\u00e1ssal?<\/strong><\/p>\n<p>1996-ban k\u00e9pzett boh\u00f3cokat kerestek, akiknek k\u00f3rh\u00e1zban fekv\u0151, s\u00falyos beteg gyerekek l\u00e1togat\u00e1sa volt a feladatuk. Jelentkeztem \u00e9s be is ker\u00fcltem a csapatba, de szakmai okok miatt n\u00e9h\u00e1ny \u00e9ven bel\u00fcl elv\u00e1ltak \u00fatjaink. 2000-ben Prof. Dr. Riesz Tam\u00e1ssal megalap\u00edtottuk a Magyar Boh\u00f3cok a Betegek\u00e9rt Alap\u00edtv\u00e1nyt, melynek m\u0171v\u00e9szeti vezet\u0151je lettem. Az alap\u00edtv\u00e1ny c\u00e9lkit\u0171z\u00e9se a testileg, lelkileg vagy szellemileg s\u00e9r\u00fclt, s\u00falyosan vagy kr\u00f3nikusan beteg emberek hagyom\u00e1nyos k\u00f3rh\u00e1zi kezel\u00e9s\u00e9nek kieg\u00e9sz\u00edt\u00e9se a nevet\u00e9ster\u00e1pia m\u00f3dszer\u00e9vel.<\/p>\n<p><strong>Milyen szakmai okok vezettek az elv\u00e1l\u00e1shoz?<\/strong><\/p>\n<p>A h\u00e1rom \u00e9v alatt azt tapasztaltam, hogy a beteg gyerk\u0151c\u00f6k nem felt\u00e9tlen\u00fcl a boh\u00f3ctr\u00e9f\u00e1ra v\u00e1gynak. Arra is vev\u0151k, nem vitahttps:\/\/erdmost.hu\/wp-content\/uploads\/2021\/06\/business-blog-session-cover-img-03.jpg, de nem biztos, hogy az el\u00e9g nekik. Amikor megeml\u00edtettem, hogy ezeknek a gyermekeknek lelki vigaszra is sz\u00fcks\u00e9g\u00fck van, elutas\u00edt\u00f3 v\u00e1laszt kaptam. A mi alap\u00edtv\u00e1nyunk tulajdonk\u00e9ppen l\u00e9lekgy\u00f3gy\u00e1szatot ind\u00edtott el a beteg gyerekek \u00e9s a hozz\u00e1tartoz\u00f3ik sz\u00e1m\u00e1ra.<\/p>\n<p><strong>Mi az a plusz, amit az \u00f6n\u00f6k alap\u00edtv\u00e1nya ny\u00fajt? Mi f\u00e9r bele a lelki vigaszny\u00fajt\u00e1sba?<\/strong><\/p>\n<p>A c\u00e9l kiz\u00f6kkenteni, er\u0151t adni a s\u00falyos daganatos megbeteged\u00e9sben szenved\u0151 gyermekeknek. Persze mi is \u00e9nekel\u00fcnk boh\u00f3cosan, mi is bemutatunk b\u0171v\u00e9sztr\u00fckk\u00f6ket, ha arra van sz\u00fcks\u00e9g, de nagyon sok kis beteg \u00f6r\u00fcl annak, ha besz\u00e9lget\u00fcnk vel\u00fck, a nagyobbak pedig kifejezetten v\u00e1gynak is r\u00e1. Nekik m\u00e1r nem az az ig\u00e9ny\u00fck, hogy elkezdjek boh\u00f3ckodni a sz\u00f3 nemes \u00e9rtelm\u00e9ben, hanem hogy k\u00f6zelebb ker\u00fcljenek hozz\u00e1nk, hiszen gyakran tal\u00e1lkozunk vel\u00fck, mivel \u0151k sajnos heteket, h\u00f3napokat t\u00f6ltenek k\u00f3rh\u00e1zban. Ha valaki \u00fagy \u00e9rzi, hogy szeretne valamelyik\u00fcnkkel m\u00e9lyebb kapcsolatot kialak\u00edtani, erre is nyitottak vagyunk. Arra is volt m\u00e1r p\u00e9lda, hogy elk\u00e9rt\u00e9k a telefonsz\u00e1momat \u00e9s b\u00e1rmikor h\u00edvhattak. Volt is ilyen telefonh\u00edv\u00e1som, amikor p\u00e9ld\u00e1ul egy beteg kisl\u00e1ny el akarta dobni az \u00e9let\u00e9t, de el\u0151tte szerencs\u00e9re felh\u00edvott \u00e9s siker\u00fclt megbesz\u00e9ln\u00fcnk a dolgot.<\/p>\n<p><drupal-entity data-embed-button=\"image_embed\" data-entity-embed-display=\"view_mode:media.embed_image_into_article\" data-entity-embed-display-settings=\"\" data-entity-type=\"media\" data-entity-uuid=\"0456a67c-1450-4f96-a5b8-3b51c7865bd1\" data-langcode=\"hu\"><\/drupal-entity><\/p>\n<p><strong>\u00d6n naponta tal\u00e1lkozik s\u00falyos betegekkel. Lelkileg \u00f6nnek sem lehet k\u00f6nny\u0171.<\/strong><\/p>\n<p>Az biztos, hogy kem\u00e9ny sz\u00edv kell hozz\u00e1, legal\u00e1bbis am\u00edg ott vagyok a beteg gyerekn\u00e9l. \u0150 nem \u00e9rezheti azt, hogy sajn\u00e1lom \u00e9s szomor\u00fa vagyok, mert arra ott van az anyuk\u00e1ja, apuk\u00e1ja. Gyakran el\u0151fordul, hogy elk\u00fcld\u00f6m az anyuk\u00e1t \u201ek\u00e1v\u00e9zni\u201d, mert l\u00e1https:\/\/erdmost.hu\/wp-content\/uploads\/2021\/06\/business-blog-session-cover-img-03.jpg, hogy lassan elt\u00f6rik n\u00e1la a m\u00e9cses. S\u00edrja ki mag\u00e1t nyugodtan, de ne a gyerek el\u0151tt, mert az senkinek nem haszn\u00e1l.<\/p>\n<p><strong>El\u0151fordult m\u00e1r, hogy el\u00e9rz\u00e9keny\u00fclt, \u00f6sszeomlott?<\/strong><\/p>\n<p>Ilyen nem fordulhat el\u0151 a k\u00f3rteremben, de m\u00e9g a folyos\u00f3n sem. A boh\u00f3cdoktor csak akkor omolhat \u00f6ssze, amikor levette a piros orrot \u00e9s \u00e1t\u00f6lt\u00f6z\u00f6tt, addig nem. De szerencs\u00e9re nem igen jut r\u00e1 id\u0151, mert egyik beteg ut\u00e1n megyek a m\u00e1sikhoz. Vagy \u00e9pp a foly\u00f3son tal\u00e1lkozom \u00f6ssze egy gyerk\u0151ccel \u00e9s m\u00e1ris \u00faj szitu\u00e1ci\u00f3ban tal\u00e1lom magam \u00e9s m\u00e1r el is felejtettem azt a k\u00f6r\u00fclm\u00e9nyt, ami el\u0151tte t\u00fals\u00e1gosan meg\u00e9rintett. Ez nagy k\u00f6nnyebbs\u00e9g egy\u00e9bk\u00e9nt a boh\u00f3cdoktor \u00e9let\u00e9ben, mert ugyanezt egy anyuka nem tudja megtenni, hiszen \u0151 kij\u00f6n a beteg gyermek\u00e9t\u0151l, de ugyanabba a helyzetbe ker\u00fcl vissza. A sz\u00fcl\u0151k csod\u00e1latosak egy\u00e9bk\u00e9nt, borzaszt\u00f3an neh\u00e9z dolgokon mennek kereszt\u00fcl.<\/p>\n<p><strong>Sokan \u00fagy gondolj\u00e1k, mindezt az orvosok is megtehetn\u00e9k, de \u0151k nem foglalkoznak eleget a betegekkel.<\/strong><\/p>\n<p>Sajnos az orvosoknak erre nincs idej\u00fck, mert rengeteg a beteg. Van olyan, aki felv\u00e1llaln\u00e1, de akkor a t\u00f6bbi betegt\u0151l venn\u00e9 el az id\u0151t. Az orvosok \u00e9s a n\u0151v\u00e9rek fantasztikusak, tiszta sz\u00edvvel, szeretettel \u00e1llnak a gyerekekhez, f\u0151k\u00e9nt az ilyen s\u00falyos, daganatos betegs\u00e9gben szenved\u0151kh\u00f6z. \u00c9n nem tapasztalom, hogy ne foglalkozn\u00e1nak a betegekkel kell\u0151k\u00e9ppen, m\u00e9g egy olyan p\u00e1cienssel is rengeteget t\u00f6r\u0151dnek, aki mondjuk \u201ecsak\u201d leesett a m\u00e1sz\u00f3k\u00e1r\u00f3l \u00e9s beker\u00fclt a seb\u00e9szetre.<\/p>\n<p><strong>Bizony\u00e1ra sz\u00e1mos esetr\u0151l tud besz\u00e1molni, amely m\u00e9g egy sokat l\u00e1tott boh\u00f3cdoktort is k\u00f6nnyekre fakaszt.<\/strong><\/p>\n<p>Volt egy 16 \u00e9ves kis betegem, daganattal k\u00fczd\u00f6tt, ami nagyon rossz helyen volt, \u00edgy m\u0171teni sem lehetett. Tudta, hogy meg fog halni, de azt mondta, nem baj, Lala, mert tudom, hogy j\u00f3 helyre ker\u00fcl\u00f6k. 16 \u00e9vesen mindennel tiszt\u00e1ban volt, mindent tudott az \u00e9letr\u0151l, a betegs\u00e9ge abszol\u00fat feln\u0151tt\u00e9 tette. Roppant k\u00f6zel ker\u00fclt\u00fcnk egym\u00e1shoz. \u00c9let\u00e9nek v\u00e9ge fel\u00e9 \u00e1tker\u00fclt a t\u00f6r\u00f6kb\u00e1linti T\u00e1bitha h\u00e1zba, ahol megpr\u00f3b\u00e1lj\u00e1k a gyermekek utols\u00f3 napjait, \u00f3r\u00e1it szebb\u00e9 var\u00e1zsolni. Onnan kaptam az \u00fczenetet, hogy pr\u00f3b\u00e1ljak bemenni, mert nagyon szeretne velem tal\u00e1lkozni. Term\u00e9szetesen siettem, ahogy tudtam. Amikor oda \u00e9rtem, ott fek\u00fcdt az \u00e1gyon \u00e9s geszteny\u00e9b\u0151l k\u00e9sz\u00edtett mag\u00e1nak r\u00f3zsaf\u0171z\u00e9rt. Annyit tudtam mondani neki, hogy t\u00e9nyleg j\u00f3 helyre fog ker\u00fclni. Fogta a kezemet \u00e9s nem tudtam mit tenni\u2026<\/p>\n<p><strong>Szerencs\u00e9re nem minden t\u00f6rt\u00e9net v\u00e9gz\u0151dik hal\u00e1llal.<\/strong><\/p>\n<p>Bizony, nem. Fantasztikus egy\u00e9bk\u00e9nt, hogy micsoda erej\u00fck van ezeknek a gyerekeknek \u00e9s mennyire meg akarnak gy\u00f3gyulni, de sajnos gyakran a betegs\u00e9g gy\u0151z. A legszebb pillanatok \u00e9ppen azok, amikor \u00e9vek m\u00falt\u00e1val tal\u00e1lkozom egy gy\u00f3gyult gyermekkel \u00e9s eml\u00e9kszik r\u00e1m, eml\u00e9kszik arra, hogy \u00e9n adtam neki er\u0151t ahhoz, hogy tov\u00e1bb k\u00fczdj\u00f6n.<\/p>\n<p><strong>Van m\u00f3d arra, hogy seg\u00edts\u00fck az alap\u00edtv\u00e1nyt \u00e9s \u00edgy az \u00f6n\u00f6k munk\u00e1j\u00e1t?<\/strong><\/p>\n<p>A j\u00e1rv\u00e1nyhelyzet miatt jelenleg nem tudjuk l\u00e1togatni a gyerekeket a szokott m\u00f3don, ez\u00e9rt most adom\u00e1nygy\u0171jt\u00e9sre koncentr\u00e1lunk. Az adom\u00e1nyoknak mindig nagyon \u00f6r\u00fcl\u00fcnk. Kor\u00e1bban csokol\u00e1d\u00e9t osztogattunk a k\u00f3rh\u00e1zakban, de ezek szavatoss\u00e1ga v\u00e9ges, \u00edgy a v\u00edrus miatt \u00e1tt\u00e9rt\u00fcnk a kifest\u0151, sz\u00ednes ceruza, apr\u00f3bb j\u00e1t\u00e9kot gy\u0171jt\u00e9s\u00e9re, amit majd k\u00e9s\u0151bb is tudunk vinni, ha v\u00e9get \u00e9rt a j\u00e1rv\u00e1ny. Term\u00e9szetesen nagy seg\u00edts\u00e9g minden \u00e9vben az ad\u00f3 1 sz\u00e1zak\u00e9nak felaj\u00e1nl\u00e1sa is. Egy\u00e9bk\u00e9nt a <a href=\"http:\/\/www.bohocdokik\">www.bohocdokik<\/a>. hu oldalon t\u00e1j\u00e9koz\u00f3dhatnak az alap\u00edtv\u00e1ny munk\u00e1j\u00e1r\u00f3l \u00e9s a t\u00e1mogat\u00e1si lehet\u0151s\u00e9gekr\u0151l.<\/p>","protected":false},"excerpt":{"rendered":"<p>\u00c9l egy ember Magyarorsz\u00e1gon, akit sokan a Magyar Telev\u00edzi\u00f3 Cig\u00e1nyker\u00e9k c\u00edm\u0171 m\u0171sor\u00e1b\u00f3l ismernek, \u00e9s aki nem ker\u00fcli, sokkal ink\u00e1bb keresi a s\u00falyos beteg gyerekek t\u00e1rsas\u00e1g\u00e1t. Mindent megtesz, hogy legal\u00e1bb p\u00e1r percre elfelejts\u00e9k f\u00e1jdalmukat. \u0150 Balogh L\u00e1szl\u00f3, vagyis Dr. Lala, a boh\u00f3cdoktor.<\/p>","protected":false},"author":8,"featured_media":0,"comment_status":"","ping_status":"","sticky":false,"template":"","format":"standard","meta":{"_acf_changed":false,"_seopress_robots_primary_cat":"","_seopress_titles_title":"","_seopress_titles_desc":"","_seopress_robots_index":"","site-sidebar-layout":"default","site-content-layout":"","ast-site-content-layout":"default","site-content-style":"default","site-sidebar-style":"default","ast-global-header-display":"","ast-banner-title-visibility":"","ast-main-header-display":"","ast-hfb-above-header-display":"","ast-hfb-below-header-display":"","ast-hfb-mobile-header-display":"","site-post-title":"","ast-breadcrumbs-content":"","ast-featured-img":"","footer-sml-layout":"","ast-disable-related-posts":"","theme-transparent-header-meta":"","adv-header-id-meta":"","stick-header-meta":"","header-above-stick-meta":"","header-main-stick-meta":"","header-below-stick-meta":"","astra-migrate-meta-layouts":"default","ast-page-background-enabled":"default","ast-page-background-meta":{"desktop":{"background-color":"","background-image":"","background-repeat":"repeat","background-position":"center center","background-size":"auto","background-attachment":"scroll","background-type":"","background-media":"","overlay-type":"","overlay-color":"","overlay-opacity":"","overlay-gradient":""},"tablet":{"background-color":"","background-image":"","background-repeat":"repeat","background-position":"center center","background-size":"auto","background-attachment":"scroll","background-type":"","background-media":"","overlay-type":"","overlay-color":"","overlay-opacity":"","overlay-gradient":""},"mobile":{"background-color":"","background-image":"","background-repeat":"repeat","background-position":"center center","background-size":"auto","background-attachment":"scroll","background-type":"","background-media":"","overlay-type":"","overlay-color":"","overlay-opacity":"","overlay-gradient":""}},"ast-content-background-meta":{"desktop":{"background-color":"var(--ast-global-color-5)","background-image":"","background-repeat":"repeat","background-position":"center center","background-size":"auto","background-attachment":"scroll","background-type":"","background-media":"","overlay-type":"","overlay-color":"","overlay-opacity":"","overlay-gradient":""},"tablet":{"background-color":"var(--ast-global-color-5)","background-image":"","background-repeat":"repeat","background-position":"center center","background-size":"auto","background-attachment":"scroll","background-type":"","background-media":"","overlay-type":"","overlay-color":"","overlay-opacity":"","overlay-gradient":""},"mobile":{"background-color":"var(--ast-global-color-5)","background-image":"","background-repeat":"repeat","background-position":"center center","background-size":"auto","background-attachment":"scroll","background-type":"","background-media":"","overlay-type":"","overlay-color":"","overlay-opacity":"","overlay-gradient":""}},"footnotes":""},"categories":[1],"cikk_cimkek":[15],"content_flags":[348],"content_icons":[],"class_list":["post-11928","post","type-post","status-publish","format-standard","hentry","category-erdmost","cikk_cimkek-kozelet","content_flags-top"],"acf":[],"_links":{"self":[{"href":"https:\/\/erdmost.hu\/en\/wp-json\/wp\/v2\/posts\/11928","targetHints":{"allow":["GET"]}}],"collection":[{"href":"https:\/\/erdmost.hu\/en\/wp-json\/wp\/v2\/posts"}],"about":[{"href":"https:\/\/erdmost.hu\/en\/wp-json\/wp\/v2\/types\/post"}],"author":[{"embeddable":true,"href":"https:\/\/erdmost.hu\/en\/wp-json\/wp\/v2\/users\/8"}],"replies":[{"embeddable":true,"href":"https:\/\/erdmost.hu\/en\/wp-json\/wp\/v2\/comments?post=11928"}],"version-history":[{"count":0,"href":"https:\/\/erdmost.hu\/en\/wp-json\/wp\/v2\/posts\/11928\/revisions"}],"wp:attachment":[{"href":"https:\/\/erdmost.hu\/en\/wp-json\/wp\/v2\/media?parent=11928"}],"wp:term":[{"taxonomy":"category","embeddable":true,"href":"https:\/\/erdmost.hu\/en\/wp-json\/wp\/v2\/categories?post=11928"},{"taxonomy":"cikk_cimkek","embeddable":true,"href":"https:\/\/erdmost.hu\/en\/wp-json\/wp\/v2\/cikk_cimkek?post=11928"},{"taxonomy":"content_flags","embeddable":true,"href":"https:\/\/erdmost.hu\/en\/wp-json\/wp\/v2\/content_flags?post=11928"},{"taxonomy":"content_icons","embeddable":true,"href":"https:\/\/erdmost.hu\/en\/wp-json\/wp\/v2\/content_icons?post=11928"}],"curies":[{"name":"wp","href":"https:\/\/api.w.org\/{rel}","templated":true}]}}