{"id":108863,"date":"2022-11-22T11:28:21","date_gmt":"2022-11-22T10:28:21","guid":{"rendered":"https:\/\/erdmost.hu\/?p=108863"},"modified":"2024-10-18T12:56:53","modified_gmt":"2024-10-18T10:56:53","slug":"nagyszabasu-beruhazas-indul-jovo-ev-elso-feleben-erden","status":"publish","type":"post","link":"https:\/\/erdmost.hu\/en\/2022\/11\/22\/nagyszabasu-beruhazas-indul-jovo-ev-elso-feleben-erden\/","title":{"rendered":"Nagyszab\u00e1s\u00fa beruh\u00e1z\u00e1s indul j\u00f6v\u0151 \u00e9v els\u0151 fel\u00e9ben \u00c9rden"},"content":{"rendered":"<p>A projekt megval\u00f3s\u00edt\u00e1sa sor\u00e1n a Vadl\u00fad utca (\u00c9rd-T\u00e1rnok) \u2013 Z\u00e1mori \u00fat (\u00c9rd-T\u00e1rnok) \u2013 S\u00f3sk\u00fati \u00fat (\u00c9rd-T\u00e1rnok) \u2013 R\u00e1k\u00f3czi \u00fat (T\u00e1rnok) keresztez\u00e9s\u00e9ben k\u00f6rforgalm\u00fa csom\u00f3pont \u00e9p\u00edt\u00e9s\u00e9t tervezi a konzorcium. A k\u00f6rforgalm\u00fa csom\u00f3pont v\u00e1rhat\u00f3an idegen ter\u00fcletek megv\u00e1s\u00e1rl\u00e1s\u00e1val v\u00e1lik meg\u00e9p\u00edthet\u0151v\u00e9.<\/p>\n<p><img fetchpriority=\"high\" decoding=\"async\" class=\"aligncenter size-full wp-image-108858\" src=\"https:\/\/erdmost.hu\/wp-content\/uploads\/2024\/10\/infoblokk_kedv_final_RGB_ERFA.jpg\" alt=\"\" width=\"1453\" height=\"1004\" srcset=\"https:\/\/erdmost.hu\/wp-content\/uploads\/2024\/10\/infoblokk_kedv_final_RGB_ERFA.jpg 1453w, https:\/\/erdmost.hu\/wp-content\/uploads\/2024\/10\/infoblokk_kedv_final_RGB_ERFA-300x207.jpg 300w, https:\/\/erdmost.hu\/wp-content\/uploads\/2024\/10\/infoblokk_kedv_final_RGB_ERFA-768x531.jpg 768w, https:\/\/erdmost.hu\/wp-content\/uploads\/2024\/10\/infoblokk_kedv_final_RGB_ERFA-18x12.jpg 18w, https:\/\/erdmost.hu\/wp-content\/uploads\/2024\/10\/infoblokk_kedv_final_RGB_ERFA-810x560.jpg 810w, https:\/\/erdmost.hu\/wp-content\/uploads\/2024\/10\/infoblokk_kedv_final_RGB_ERFA-1100x760.jpg 1100w\" sizes=\"(max-width: 1453px) 100vw, 1453px\" \/><\/p>\n<p>Folyamatban van a p\u00e1ly\u00e1zat keret\u00e9n bel\u00fcl az \u00e9rv\u00e9nyes el\u0151\u00edr\u00e1soknak, szabv\u00e1nyoknak megfelel\u0151 k\u00f6rforgalm\u00fa csom\u00f3pont tervez\u00e9se, valamint a szak\u00e1gi tervdokument\u00e1ci\u00f3k k\u00e9sz\u00edt\u00e9se \u00e9pp\u00fagy, mint a sz\u00fcks\u00e9ges ter\u00fcletig\u00e9ny kimutat\u00e1s, esetleges ingatlanv\u00e1s\u00e1rl\u00e1s meghat\u00e1roz\u00e1sa, szabv\u00e1nyos busz\u00f6b\u00f6l \u00e9s meg\u00e1ll\u00f3hely, hozz\u00e1 vezet\u0151 gyalogj\u00e1rda, megfelel\u0151 megvil\u00e1g\u00edt\u00e1s, csapad\u00e9kv\u00edz elvezet\u00e9s, sz\u00fcks\u00e9ges k\u00f6zm\u0171kiv\u00e1lt\u00e1sok tervez\u00e9se. A gyalogos k\u00f6zleked\u00e9si fel\u00fcletek akad\u00e1lymentesen, taktilis jelek ki\u00e9p\u00edt\u00e9se mellett val\u00f3sulnak meg annak \u00e9rdek\u00e9ben, hogy a k\u00f6zter\u00fcleti k\u00f6zleked\u00e9si fel\u00fcletek akad\u00e1lymentes\u00edt\u00e9se a fogyat\u00e9koss\u00e1ggal \u00e9l\u0151k vagy b\u00e1rmilyen probl\u00e9ma miatt nehezen k\u00f6zleked\u0151k mobilit\u00e1s\u00e1t seg\u00edtse.<\/p>\n<p>A beruh\u00e1z\u00e1s annak k\u00f6sz\u00f6nhet\u0151, hogy \u00c9rd Megyei Jog\u00fa V\u00e1ros \u00d6nkorm\u00e1nyzata p\u00e1ly\u00e1zatot ny\u00fajtott be \u201eK\u00f6rforgalm\u00fa csom\u00f3pont \u00e9p\u00edt\u00e9se a Vadl\u00fad utcai csom\u00f3pontban a 8104 jel\u0171 \u00faton\u201d c\u00edmmel VEKOP-5.3.3-17-2017-00012 k\u00f3dsz\u00e1mmal a \u201eFenntarthat\u00f3 k\u00f6zleked\u00e9sfejleszt\u00e9s \u00c9rden\u201d t\u00e1rgy\u00fa p\u00e1ly\u00e1zati ki\u00edr\u00e1sra. Ezt a Nemzetgazdas\u00e1gi Miniszt\u00e9rium 2017. okt\u00f3ber 31-\u00e9n t\u00e1mogat\u00e1sra \u00e9rdemesnek \u00edt\u00e9lte, majd 2018. m\u00e1rcius 12-\u00e9n al\u00e1 is \u00edrt\u00e1k a T\u00e1mogat\u00e1si Szerz\u0151d\u00e9st.<\/p>\n<p>A beruh\u00e1z\u00e1s a Nemzeti Infrastrukt\u00fara Fejleszt\u0151 Zrt.-vel (NIF) konzorciumban val\u00f3sul meg. A p\u00e1ly\u00e1zat keret\u00e9n bel\u00fcl a tervk\u00e9sz\u00edt\u00e9s \u00c9rd Megyei Jog\u00fa V\u00e1ros \u00d6nkorm\u00e1nyzata feladata volt, amely alapj\u00e1n a NIF eredm\u00e9nyes kivitelez\u00e9si k\u00f6zbeszerz\u00e9si elj\u00e1r\u00e1st bonyol\u00edtott le.<\/p>\n<p><img decoding=\"async\" class=\"aligncenter size-full wp-image-108860\" src=\"https:\/\/erdmost.hu\/wp-content\/uploads\/2024\/10\/infoblokk_kedv_final_felso_cmyk_ERFA.jpg\" alt=\"\" width=\"1453\" height=\"1004\" srcset=\"https:\/\/erdmost.hu\/wp-content\/uploads\/2024\/10\/infoblokk_kedv_final_felso_cmyk_ERFA.jpg 1453w, https:\/\/erdmost.hu\/wp-content\/uploads\/2024\/10\/infoblokk_kedv_final_felso_cmyk_ERFA-300x207.jpg 300w, https:\/\/erdmost.hu\/wp-content\/uploads\/2024\/10\/infoblokk_kedv_final_felso_cmyk_ERFA-768x531.jpg 768w, https:\/\/erdmost.hu\/wp-content\/uploads\/2024\/10\/infoblokk_kedv_final_felso_cmyk_ERFA-18x12.jpg 18w, https:\/\/erdmost.hu\/wp-content\/uploads\/2024\/10\/infoblokk_kedv_final_felso_cmyk_ERFA-810x560.jpg 810w, https:\/\/erdmost.hu\/wp-content\/uploads\/2024\/10\/infoblokk_kedv_final_felso_cmyk_ERFA-1100x760.jpg 1100w\" sizes=\"(max-width: 1453px) 100vw, 1453px\" \/><\/p>","protected":false},"excerpt":{"rendered":"<p>Kezdet\u00e9t veszi ugyanis a v\u00e1ros egyik legbalesetvesz\u00e9lyesebb keresztez\u0151d\u00e9s\u00e9nek rekonstrukci\u00f3ja, amelynek r\u00e9sze lesz a Vadl\u00fad utca elej\u00e9n egy k\u00f6rforgalom kialak\u00edt\u00e1sa. A beruh\u00e1z\u00e1s a Sz\u00e9chenyi 2020 program keret\u00e9ben val\u00f3sul meg, 905 687 937 forint eur\u00f3pai uni\u00f3s t\u00e1mogat\u00e1s seg\u00edts\u00e9g\u00e9vel, teljes m\u00e9rt\u00e9kben vissza nem t\u00e9r\u00edtend\u0151 t\u00e1mogat\u00e1sb\u00f3l.<\/p>","protected":false},"author":8,"featured_media":108866,"comment_status":"closed","ping_status":"closed","sticky":false,"template":"","format":"standard","meta":{"_acf_changed":false,"_seopress_robots_primary_cat":"none","_seopress_titles_title":"","_seopress_titles_desc":"","_seopress_robots_index":"","site-sidebar-layout":"default","site-content-layout":"","ast-site-content-layout":"default","site-content-style":"default","site-sidebar-style":"default","ast-global-header-display":"","ast-banner-title-visibility":"","ast-main-header-display":"","ast-hfb-above-header-display":"","ast-hfb-below-header-display":"","ast-hfb-mobile-header-display":"","site-post-title":"","ast-breadcrumbs-content":"","ast-featured-img":"","footer-sml-layout":"","ast-disable-related-posts":"","theme-transparent-header-meta":"default","adv-header-id-meta":"","stick-header-meta":"","header-above-stick-meta":"","header-main-stick-meta":"","header-below-stick-meta":"","astra-migrate-meta-layouts":"set","ast-page-background-enabled":"default","ast-page-background-meta":{"desktop":{"background-color":"","background-image":"","background-repeat":"repeat","background-position":"center center","background-size":"auto","background-attachment":"scroll","background-type":"","background-media":"","overlay-type":"","overlay-color":"","overlay-opacity":"","overlay-gradient":""},"tablet":{"background-color":"","background-image":"","background-repeat":"repeat","background-position":"center center","background-size":"auto","background-attachment":"scroll","background-type":"","background-media":"","overlay-type":"","overlay-color":"","overlay-opacity":"","overlay-gradient":""},"mobile":{"background-color":"","background-image":"","background-repeat":"repeat","background-position":"center center","background-size":"auto","background-attachment":"scroll","background-type":"","background-media":"","overlay-type":"","overlay-color":"","overlay-opacity":"","overlay-gradient":""}},"ast-content-background-meta":{"desktop":{"background-color":"var(--ast-global-color-5)","background-image":"","background-repeat":"repeat","background-position":"center center","background-size":"auto","background-attachment":"scroll","background-type":"","background-media":"","overlay-type":"","overlay-color":"","overlay-opacity":"","overlay-gradient":""},"tablet":{"background-color":"var(--ast-global-color-5)","background-image":"","background-repeat":"repeat","background-position":"center center","background-size":"auto","background-attachment":"scroll","background-type":"","background-media":"","overlay-type":"","overlay-color":"","overlay-opacity":"","overlay-gradient":""},"mobile":{"background-color":"var(--ast-global-color-5)","background-image":"","background-repeat":"repeat","background-position":"center center","background-size":"auto","background-attachment":"scroll","background-type":"","background-media":"","overlay-type":"","overlay-color":"","overlay-opacity":"","overlay-gradient":""}},"footnotes":""},"categories":[1],"cikk_cimkek":[],"content_flags":[],"content_icons":[],"class_list":["post-108863","post","type-post","status-publish","format-standard","has-post-thumbnail","hentry","category-erdmost"],"acf":[],"_links":{"self":[{"href":"https:\/\/erdmost.hu\/en\/wp-json\/wp\/v2\/posts\/108863","targetHints":{"allow":["GET"]}}],"collection":[{"href":"https:\/\/erdmost.hu\/en\/wp-json\/wp\/v2\/posts"}],"about":[{"href":"https:\/\/erdmost.hu\/en\/wp-json\/wp\/v2\/types\/post"}],"author":[{"embeddable":true,"href":"https:\/\/erdmost.hu\/en\/wp-json\/wp\/v2\/users\/8"}],"replies":[{"embeddable":true,"href":"https:\/\/erdmost.hu\/en\/wp-json\/wp\/v2\/comments?post=108863"}],"version-history":[{"count":1,"href":"https:\/\/erdmost.hu\/en\/wp-json\/wp\/v2\/posts\/108863\/revisions"}],"predecessor-version":[{"id":108867,"href":"https:\/\/erdmost.hu\/en\/wp-json\/wp\/v2\/posts\/108863\/revisions\/108867"}],"wp:featuredmedia":[{"embeddable":true,"href":"https:\/\/erdmost.hu\/en\/wp-json\/wp\/v2\/media\/108866"}],"wp:attachment":[{"href":"https:\/\/erdmost.hu\/en\/wp-json\/wp\/v2\/media?parent=108863"}],"wp:term":[{"taxonomy":"category","embeddable":true,"href":"https:\/\/erdmost.hu\/en\/wp-json\/wp\/v2\/categories?post=108863"},{"taxonomy":"cikk_cimkek","embeddable":true,"href":"https:\/\/erdmost.hu\/en\/wp-json\/wp\/v2\/cikk_cimkek?post=108863"},{"taxonomy":"content_flags","embeddable":true,"href":"https:\/\/erdmost.hu\/en\/wp-json\/wp\/v2\/content_flags?post=108863"},{"taxonomy":"content_icons","embeddable":true,"href":"https:\/\/erdmost.hu\/en\/wp-json\/wp\/v2\/content_icons?post=108863"}],"curies":[{"name":"wp","href":"https:\/\/api.w.org\/{rel}","templated":true}]}}