{"id":108854,"date":"2022-11-22T11:21:50","date_gmt":"2022-11-22T10:21:50","guid":{"rendered":"https:\/\/erdmost.hu\/?p=108854"},"modified":"2024-10-18T12:57:17","modified_gmt":"2024-10-18T10:57:17","slug":"indul-a-torokbalinti-ut-fejlesztese","status":"publish","type":"post","link":"https:\/\/erdmost.hu\/en\/2022\/11\/22\/indul-a-torokbalinti-ut-fejlesztese\/","title":{"rendered":"Indul a T\u00f6r\u00f6kb\u00e1linti \u00fat fejleszt\u00e9se"},"content":{"rendered":"<p>A projekt megval\u00f3s\u00edt\u00e1sa sor\u00e1n a T\u00f6r\u00f6kb\u00e1linti \u00fat (\u00c9rd) fel\u00faj\u00edt\u00e1sa az Iparos \u00fat (\u00c9rd)-Sz\u00f6v\u0151 utca (\u00c9rd) k\u00f6z\u00f6tti \u00fatszakaszon, valamint a T\u00f6r\u00f6kb\u00e1linti \u00fat (\u00c9rd)-Sz\u00f6v\u0151 utca (\u00c9rd) -Folyond\u00e1r utca (\u00c9rd) keresztez\u00e9s\u00e9ben jelz\u0151l\u00e1mp\u00e1s keresztez\u0151d\u00e9s ki\u00e9p\u00edt\u00e9s\u00e9t tervezi a konzorcium.<\/p>\n<p>Az \u00fatvonal a NIF Zrt. \u00e1ltal nemr\u00e9giben kivitelezett k\u00e9t M7-es csom\u00f3ponti projekt \u2013 \u00c9rd Iparos \u00fati lehajt\u00f3, T\u00f6r\u00f6kb\u00e1lint M0 lehajt\u00f3 \u2013 k\u00f6z\u00f6tt helyezkedik el.<\/p>\n<p><img fetchpriority=\"high\" decoding=\"async\" class=\"aligncenter size-full wp-image-108860\" src=\"https:\/\/erdmost.hu\/wp-content\/uploads\/2024\/10\/infoblokk_kedv_final_felso_cmyk_ERFA.jpg\" alt=\"\" width=\"1453\" height=\"1004\" srcset=\"https:\/\/erdmost.hu\/wp-content\/uploads\/2024\/10\/infoblokk_kedv_final_felso_cmyk_ERFA.jpg 1453w, https:\/\/erdmost.hu\/wp-content\/uploads\/2024\/10\/infoblokk_kedv_final_felso_cmyk_ERFA-300x207.jpg 300w, https:\/\/erdmost.hu\/wp-content\/uploads\/2024\/10\/infoblokk_kedv_final_felso_cmyk_ERFA-768x531.jpg 768w, https:\/\/erdmost.hu\/wp-content\/uploads\/2024\/10\/infoblokk_kedv_final_felso_cmyk_ERFA-18x12.jpg 18w, https:\/\/erdmost.hu\/wp-content\/uploads\/2024\/10\/infoblokk_kedv_final_felso_cmyk_ERFA-810x560.jpg 810w, https:\/\/erdmost.hu\/wp-content\/uploads\/2024\/10\/infoblokk_kedv_final_felso_cmyk_ERFA-1100x760.jpg 1100w\" sizes=\"(max-width: 1453px) 100vw, 1453px\" \/><\/p>\n<p>A beruh\u00e1z\u00e1s annak k\u00f6sz\u00f6nhet\u0151, hogy \u00c9rd Megyei Jog\u00fa V\u00e1ros \u00d6nkorm\u00e1nyzata p\u00e1ly\u00e1zatot ny\u00fajtott be \u201eAz \u00c9rd, Iparos \u00fat &#8211; Folyond\u00e1r utca k\u00f6z\u00f6tti szakasz rekonstrukci\u00f3ja jelz\u0151l\u00e1mp\u00e1s csom\u00f3pont kialak\u00edt\u00e1s\u00e1val\u201d c\u00edmmel VEKOP-5.3.3-17-2017-00014 k\u00f3dsz\u00e1mmal a \u201eFenntarthat\u00f3 k\u00f6zleked\u00e9sfejleszt\u00e9s \u00c9rden\u201d t\u00e1rgy\u00fa p\u00e1ly\u00e1zati ki\u00edr\u00e1sra. Ezt a Nemzetgazdas\u00e1gi Miniszt\u00e9rium 2017. okt\u00f3ber 31-\u00e9n t\u00e1mogat\u00e1sra \u00e9rdemesnek \u00edt\u00e9lte, majd 2018. m\u00e1rcius 12-\u00e9n al\u00e1 is \u00edrt\u00e1k a T\u00e1mogat\u00e1si Szerz\u0151d\u00e9st.<\/p>\n<p>A beruh\u00e1z\u00e1s a Nemzeti Infrastrukt\u00fara Fejleszt\u0151 Zrt.-vel (NIF) konzorciumban val\u00f3sul meg. A p\u00e1ly\u00e1zat keret\u00e9n bel\u00fcl a tervk\u00e9sz\u00edt\u00e9s \u00c9rd Megyei Jog\u00fa V\u00e1ros \u00d6nkorm\u00e1nyzata feladata volt, amely alapj\u00e1n a NIF eredm\u00e9nyes kivitelez\u00e9si k\u00f6zbeszerz\u00e9si elj\u00e1r\u00e1st bonyol\u00edtott le.<\/p>\n<p><img decoding=\"async\" class=\"aligncenter size-full wp-image-108858\" src=\"https:\/\/erdmost.hu\/wp-content\/uploads\/2024\/10\/infoblokk_kedv_final_RGB_ERFA.jpg\" alt=\"\" width=\"1453\" height=\"1004\" srcset=\"https:\/\/erdmost.hu\/wp-content\/uploads\/2024\/10\/infoblokk_kedv_final_RGB_ERFA.jpg 1453w, https:\/\/erdmost.hu\/wp-content\/uploads\/2024\/10\/infoblokk_kedv_final_RGB_ERFA-300x207.jpg 300w, https:\/\/erdmost.hu\/wp-content\/uploads\/2024\/10\/infoblokk_kedv_final_RGB_ERFA-768x531.jpg 768w, https:\/\/erdmost.hu\/wp-content\/uploads\/2024\/10\/infoblokk_kedv_final_RGB_ERFA-18x12.jpg 18w, https:\/\/erdmost.hu\/wp-content\/uploads\/2024\/10\/infoblokk_kedv_final_RGB_ERFA-810x560.jpg 810w, https:\/\/erdmost.hu\/wp-content\/uploads\/2024\/10\/infoblokk_kedv_final_RGB_ERFA-1100x760.jpg 1100w\" sizes=\"(max-width: 1453px) 100vw, 1453px\" \/><\/p>","protected":false},"excerpt":{"rendered":"<p>A T\u00f6r\u00f6kb\u00e1linti \u00faton megkezd\u0151d\u00f6tt fejleszt\u00e9sek j\u00f6v\u0151 \u00e9vben folytat\u00f3dnak a Sz\u00f6v\u0151 utca-Fels\u0151v\u00f6lgyi \u00fat k\u00f6z\u00f6tti szakaszon. A kivitelez\u00e9s sor\u00e1n a Fels\u0151v\u00f6lgyi \u00fati keresztez\u0151d\u00e9s biztons\u00e1gosabb\u00e1 t\u00e9tele kiemelt feladata lesz kivitelez\u0151nek. A beruh\u00e1z\u00e1s a Sz\u00e9chenyi 2020 program keret\u00e9ben val\u00f3sul meg, 940 765 968 forint eur\u00f3pai uni\u00f3s t\u00e1mogat\u00e1s seg\u00edts\u00e9g\u00e9vel, teljes m\u00e9rt\u00e9kben vissza nem t\u00e9r\u00edtend\u0151 t\u00e1mogat\u00e1sb\u00f3l.<\/p>","protected":false},"author":8,"featured_media":108857,"comment_status":"closed","ping_status":"closed","sticky":false,"template":"","format":"standard","meta":{"_acf_changed":false,"_seopress_robots_primary_cat":"none","_seopress_titles_title":"","_seopress_titles_desc":"","_seopress_robots_index":"","site-sidebar-layout":"default","site-content-layout":"","ast-site-content-layout":"default","site-content-style":"default","site-sidebar-style":"default","ast-global-header-display":"","ast-banner-title-visibility":"","ast-main-header-display":"","ast-hfb-above-header-display":"","ast-hfb-below-header-display":"","ast-hfb-mobile-header-display":"","site-post-title":"","ast-breadcrumbs-content":"","ast-featured-img":"","footer-sml-layout":"","ast-disable-related-posts":"","theme-transparent-header-meta":"default","adv-header-id-meta":"","stick-header-meta":"","header-above-stick-meta":"","header-main-stick-meta":"","header-below-stick-meta":"","astra-migrate-meta-layouts":"set","ast-page-background-enabled":"default","ast-page-background-meta":{"desktop":{"background-color":"","background-image":"","background-repeat":"repeat","background-position":"center center","background-size":"auto","background-attachment":"scroll","background-type":"","background-media":"","overlay-type":"","overlay-color":"","overlay-opacity":"","overlay-gradient":""},"tablet":{"background-color":"","background-image":"","background-repeat":"repeat","background-position":"center center","background-size":"auto","background-attachment":"scroll","background-type":"","background-media":"","overlay-type":"","overlay-color":"","overlay-opacity":"","overlay-gradient":""},"mobile":{"background-color":"","background-image":"","background-repeat":"repeat","background-position":"center center","background-size":"auto","background-attachment":"scroll","background-type":"","background-media":"","overlay-type":"","overlay-color":"","overlay-opacity":"","overlay-gradient":""}},"ast-content-background-meta":{"desktop":{"background-color":"var(--ast-global-color-5)","background-image":"","background-repeat":"repeat","background-position":"center center","background-size":"auto","background-attachment":"scroll","background-type":"","background-media":"","overlay-type":"","overlay-color":"","overlay-opacity":"","overlay-gradient":""},"tablet":{"background-color":"var(--ast-global-color-5)","background-image":"","background-repeat":"repeat","background-position":"center center","background-size":"auto","background-attachment":"scroll","background-type":"","background-media":"","overlay-type":"","overlay-color":"","overlay-opacity":"","overlay-gradient":""},"mobile":{"background-color":"var(--ast-global-color-5)","background-image":"","background-repeat":"repeat","background-position":"center center","background-size":"auto","background-attachment":"scroll","background-type":"","background-media":"","overlay-type":"","overlay-color":"","overlay-opacity":"","overlay-gradient":""}},"footnotes":""},"categories":[1],"cikk_cimkek":[],"content_flags":[],"content_icons":[],"class_list":["post-108854","post","type-post","status-publish","format-standard","has-post-thumbnail","hentry","category-erdmost"],"acf":[],"_links":{"self":[{"href":"https:\/\/erdmost.hu\/en\/wp-json\/wp\/v2\/posts\/108854","targetHints":{"allow":["GET"]}}],"collection":[{"href":"https:\/\/erdmost.hu\/en\/wp-json\/wp\/v2\/posts"}],"about":[{"href":"https:\/\/erdmost.hu\/en\/wp-json\/wp\/v2\/types\/post"}],"author":[{"embeddable":true,"href":"https:\/\/erdmost.hu\/en\/wp-json\/wp\/v2\/users\/8"}],"replies":[{"embeddable":true,"href":"https:\/\/erdmost.hu\/en\/wp-json\/wp\/v2\/comments?post=108854"}],"version-history":[{"count":2,"href":"https:\/\/erdmost.hu\/en\/wp-json\/wp\/v2\/posts\/108854\/revisions"}],"predecessor-version":[{"id":108862,"href":"https:\/\/erdmost.hu\/en\/wp-json\/wp\/v2\/posts\/108854\/revisions\/108862"}],"wp:featuredmedia":[{"embeddable":true,"href":"https:\/\/erdmost.hu\/en\/wp-json\/wp\/v2\/media\/108857"}],"wp:attachment":[{"href":"https:\/\/erdmost.hu\/en\/wp-json\/wp\/v2\/media?parent=108854"}],"wp:term":[{"taxonomy":"category","embeddable":true,"href":"https:\/\/erdmost.hu\/en\/wp-json\/wp\/v2\/categories?post=108854"},{"taxonomy":"cikk_cimkek","embeddable":true,"href":"https:\/\/erdmost.hu\/en\/wp-json\/wp\/v2\/cikk_cimkek?post=108854"},{"taxonomy":"content_flags","embeddable":true,"href":"https:\/\/erdmost.hu\/en\/wp-json\/wp\/v2\/content_flags?post=108854"},{"taxonomy":"content_icons","embeddable":true,"href":"https:\/\/erdmost.hu\/en\/wp-json\/wp\/v2\/content_icons?post=108854"}],"curies":[{"name":"wp","href":"https:\/\/api.w.org\/{rel}","templated":true}]}}