{"id":108197,"date":"2024-10-10T14:08:27","date_gmt":"2024-10-10T12:08:27","guid":{"rendered":"https:\/\/erdmost.hu\/?p=108197"},"modified":"2024-10-10T15:49:14","modified_gmt":"2024-10-10T13:49:14","slug":"duplan-sarcolja-meg-az-onkormanyzatokat-az-allam","status":"publish","type":"post","link":"https:\/\/erdmost.hu\/en\/2024\/10\/10\/duplan-sarcolja-meg-az-onkormanyzatokat-az-allam\/","title":{"rendered":"Dupl\u00e1n sarcolja meg az \u00f6nkorm\u00e1nyzatokat az \u00e1llam"},"content":{"rendered":"<p>Sok helyen kezelhetetlen hi\u00e1nyt, az \u00f6nkorm\u00e1nyzatok mozg\u00e1ster\u00e9nek sz\u0171k\u00fcl\u00e9s\u00e9t okozhatja az, hogy az Orb\u00e1n-korm\u00e1ny 2025-t\u0151l elvonja \u00e9s \u00fajraosztja a telep\u00fcl\u00e9sek ipar\u0171z\u00e9siad\u00f3-bev\u00e9tele t\u00f6bblet\u00e9t \u2013 \u00edrja a N\u00e9pszava. A helyi ipar\u0171z\u00e9si ad\u00f3 (hipa) \u201emegreform\u00e1l\u00e1sa\u201d m\u00e1r kor\u00e1bban sz\u00f3ba ker\u00fclt, legut\u00f3bb szeptember elej\u00e9n, a 31. orsz\u00e1gos jegyz\u0151i-k\u00f6zigazgat\u00e1si konferenci\u00e1n hangzottak el erre vonatkoz\u00f3 inform\u00e1ci\u00f3k, amelyr\u0151l <a href=\"https:\/\/erdmost.hu\/en\/2024\/09\/11\/ujabb-csapast-merhetnek-az-onkormanyzatokra\/\" target=\"_blank\" rel=\"noopener\">ITT<\/a> \u00edrtunk.<\/p>\n<p>A N\u00e9pszava \u00fagy tudja, megel\u0151zend\u0151, hogy az ellenz\u00e9ki telep\u00fcl\u00e9sekr\u0151l er\u0151s\u00f6djenek a korm\u00e1ny politikai riv\u00e1lisai, tov\u00e1bb kell sz\u0171k\u00edteni az \u00f6nkorm\u00e1nyzatok mozg\u00e1ster\u00e9t az ipar\u0171z\u00e9si ad\u00f3bev\u00e9tel\u00fck megv\u00e1g\u00e1s\u00e1val. \u00cdgy sz\u00fcletett meg a jelenlegi \u00f6tlet, amit Navracsics Tibor k\u00f6zigazgat\u00e1si \u00e9s ter\u00fcletfejleszt\u00e9si miniszter jelentett be:<\/p>\n<blockquote><p>a helyi ipar\u0171z\u00e9si ad\u00f3 (hipa) egy r\u00e9sz\u00e9t a j\u00e1r\u00e1si fejleszt\u00e9si alapokba ir\u00e1ny\u00edtj\u00e1k.<\/p><\/blockquote>\n<p>Konkr\u00e9tan ez azt jelenti, hogy az idei \u00e9vhez k\u00e9pest keletkezett hipa t\u00f6bblet\u00e9t egy k\u00fcl\u00f6n alapba helyezik, ahonnan a j\u00e1r\u00e1sok a Versenyk\u00e9pes J\u00e1r\u00e1sok Programb\u00f3l p\u00e1ly\u00e1zatokkal szerezhetnek p\u00e9nzt saj\u00e1t keret\u00fck terh\u00e9re.<\/p>\n<div class=\"p egyeb-text\">\n<p>A P\u00e9nz\u00fcgyminiszt\u00e9rium el\u0151zetes sz\u00e1m\u00edt\u00e1sai szerint <strong>ez nagyj\u00e1b\u00f3l az \u00f6sszes j\u00e1r\u00e1sban egy\u00fctt 65 milli\u00e1rd forintos keretet jelent<\/strong>, melyen a 173 j\u00e1r\u00e1s osztozhat. 135 j\u00e1r\u00e1s kap majd 250-250 milli\u00f3 forintot, hat megyesz\u00e9khely-k\u00f6zpont\u00fa j\u00e1r\u00e1s egyenk\u00e9nt f\u00e9lmilli\u00e1rdot, 33 t\u00e9rs\u00e9g pedig enn\u00e9l is t\u00f6bbet. Ha egy j\u00e1r\u00e1s \u00f6sszes ad\u00f3t\u00f6bblete nem \u00e9ri el a t\u00e9rs\u00e9gnek j\u00e1r\u00f3 minim\u00e1lis \u00f6sszeget, a 250 milli\u00f3 forintot, akkor azt az \u00e1llamkassz\u00e1b\u00f3l p\u00f3tolj\u00e1k ki.<\/p>\n<p><img fetchpriority=\"high\" decoding=\"async\" class=\"aligncenter size-full wp-image-55123\" src=\"https:\/\/erdmost.hu\/wp-content\/uploads\/2023\/01\/forint-bankjegy-huszezer-380258-696x392-1.jpg\" alt=\"\" width=\"696\" height=\"392\" srcset=\"https:\/\/erdmost.hu\/wp-content\/uploads\/2023\/01\/forint-bankjegy-huszezer-380258-696x392-1.jpg 696w, https:\/\/erdmost.hu\/wp-content\/uploads\/2023\/01\/forint-bankjegy-huszezer-380258-696x392-1-300x169.jpg 300w, https:\/\/erdmost.hu\/wp-content\/uploads\/2023\/01\/forint-bankjegy-huszezer-380258-696x392-1-350x197.jpg 350w\" sizes=\"(max-width: 696px) 100vw, 696px\" \/><\/p>\n<p>Navracsics Tibor szerint a program c\u00e9lja, hogy n\u00f6velje a ter\u00fcleti felz\u00e1rk\u00f3z\u00e1st, \u00e9s szisztematikusabb fejleszt\u00e9sek val\u00f3suljanak meg a telep\u00fcl\u00e9seken. A p\u00e1ly\u00e1zati c\u00e9lokat a korm\u00e1ny hat\u00e1rozza meg, a projektek kidolgoz\u00e1sa \u00e9s p\u00e1ly\u00e1ztat\u00e1sa j\u00e1r\u00e1si szinten, j\u00e1r\u00e1si fejleszt\u00e9si f\u00f3rumokon t\u00f6rt\u00e9nik, tagjai a helyi polg\u00e1rmesterek, vezet\u0151je pedig a j\u00e1r\u00e1si sz\u00e9khely els\u0151 embere lesz.<\/p>\n<p>A v\u00e1rosok finansz\u00edroz\u00e1sa a helyi ipar\u0171z\u00e9si ad\u00f3ra \u00e9p\u00fcl, ez a f\u0151 bev\u00e9tel: ha van hip\u00e1d, tudod m\u0171k\u00f6dtetni a telep\u00fcl\u00e9sed, ha esetleg abban a szerencs\u00e9s helyzetben vagy, hogy magas a hip\u00e1d, akkor m\u00e9g fejleszteni is tudsz \u2013 ezt m\u00e1r Cs\u0151zik L\u00e1szl\u00f3, \u00c9rd polg\u00e1rmestere jegyezte meg, aki szerint mostant\u00f3l fejleszt\u00e9sekre akarj\u00e1k elk\u00f6ltetni vel\u00fck azt a p\u00e9nzt, amire nekik a m\u0171k\u00f6d\u00e9sre lenne sz\u00fcks\u00e9g\u00fck.<\/p>\n<blockquote><p>\u201eA hipa id\u00e9n 4,5 milli\u00e1rd forint, az el\u0151zetes becsl\u00e9sek szerint a n\u00f6vekm\u00e9ny valahol 300\u2013500 milli\u00f3 k\u00f6r\u00fcl lesz, azaz ennyit kell majd befizetn\u00fcnk a j\u00e1r\u00e1si fejleszt\u00e9si alapba. Csakhogy a hipa nagyobb r\u00e9sze elmegy m\u0171k\u00f6d\u00e9si k\u00f6lts\u00e9gre, ha j\u00f6v\u0151re elveszik a t\u00f6bbletet, az hi\u00e1nyozni fog a k\u00f6lts\u00e9gvet\u00e9sb\u0151l&#8221;<\/p><\/blockquote>\n<p>\u2013 fejezte ki aggodalm\u00e1t a v\u00e1rosvezet\u0151, tov\u00e1bb\u00e1 hozz\u00e1tette: azt m\u00e1r nem mondj\u00e1k meg, hogyan p\u00f3tolj\u00e1k majd a f\u00e9lmilli\u00e1rdos lyukat az \u00e9rdi b\u00fcdzs\u00e9ben.<\/p>\n<p>Cs\u0151zik L\u00e1szl\u00f3 megjegyezte azt is, hogy mindemellett megmarad a szolidarit\u00e1si ad\u00f3 is, ami \u00c9rd eset\u00e9ben 330 milli\u00f3 forint volt az idei \u00e9vben, ezut\u00e1n pedig a n\u00f6vekm\u00e9nyt is elviszi a korm\u00e1ny, \u00edgy dupl\u00e1n megsarcolj\u00e1k az \u00f6nkorm\u00e1nyzatot.<\/p>\n<figure id=\"attachment_83830\" aria-describedby=\"caption-attachment-83830\" style=\"width: 2560px\" class=\"wp-caption aligncenter\"><img decoding=\"async\" class=\"wp-image-83830 size-full\" src=\"https:\/\/erdmost.hu\/wp-content\/uploads\/2023\/12\/DSC6223-scaled.jpg\" alt=\"\" width=\"2560\" height=\"1707\" srcset=\"https:\/\/erdmost.hu\/wp-content\/uploads\/2023\/12\/DSC6223-scaled.jpg 2560w, https:\/\/erdmost.hu\/wp-content\/uploads\/2023\/12\/DSC6223-300x200.jpg 300w, https:\/\/erdmost.hu\/wp-content\/uploads\/2023\/12\/DSC6223-768x512.jpg 768w, https:\/\/erdmost.hu\/wp-content\/uploads\/2023\/12\/DSC6223-840x560.jpg 840w\" sizes=\"(max-width: 2560px) 100vw, 2560px\" \/><figcaption id=\"caption-attachment-83830\" class=\"wp-caption-text\"><em>Cs\u0151zik L\u00e1szl\u00f3 polg\u00e1rmester<\/em><\/figcaption><\/figure>\n<p>A polg\u00e1rmester a t\u00e9m\u00e1ban <a href=\"https:\/\/fb.watch\/v7nVBcy-d3\/\" target=\"_blank\" rel=\"noopener\">az ATV Egyenes besz\u00e9d c\u00edm\u0171 m\u0171sor\u00e1nak is a vend\u00e9ge volt<\/a>, ahol r\u00e9szletesen besz\u00e9lt arr\u00f3l, hogy igaz\u00e1b\u00f3l mit tesz a korm\u00e1ny. Szerinte 2019 \u00f3ta szisztematikusan sz\u0171k\u00edtik az \u00f6nkorm\u00e1nyzatok mozg\u00e1ster\u00e9t: elvenni annyi p\u00e9nzt, hogy ne lehessen eredm\u00e9nyeket felmutatni, de m\u00e9g ne menjen cs\u0151dbe a v\u00e1ros.<\/p>\n<p>Megjegyezte, hogy ebben a rendszerben hi\u00e1ba lesznek a korm\u00e1ny \u00e1ltal meghat\u00e1rozott fejleszt\u00e9sekre ki\u00edrt c\u00e9lzott p\u00e1ly\u00e1zati lehet\u0151s\u00e9gek, ha a v\u00e1rosnak konkr\u00e9t feladatokra kell anyagi forr\u00e1st biztos\u00edtani.<\/p>\n<blockquote><p>\u201e\u00c9n egy olyan v\u00e1rost vezetek, ahol az utak fele f\u00f6ld\u00fat \u00e9s napi szinten k\u00fczd\u00fcnk meg az aszfaltoz\u00e1ssal. Azt a kis p\u00e9nzt, ami rendelkez\u00e9s\u00fcnkre \u00e1ll egy \u00e9vben, abb\u00f3l t\u00edz utc\u00e1t tudunk megcsin\u00e1lni, de most azt a picit veszik el \u00e9s bemegy egy olyan k\u00f6z\u00f6sbe, amelynek nem l\u00e1tjuk a v\u00e9g\u00e9t&#8221;<\/p><\/blockquote>\n<p>\u2013 hangs\u00falyozta Cs\u0151zik L\u00e1szl\u00f3.<\/p>\n<p>Az, hogy ebben a p\u00e1ly\u00e1zati rendszerben az \u00e9rdiek p\u00e9nze hova v\u00e1ndorol, nem lehet tudni. A polg\u00e1rmester p\u00e9ldak\u00e9nt eml\u00edtett egy, a j\u00e1r\u00e1s telep\u00fcl\u00e9seit \u00f6sszek\u00f6t\u0151 ker\u00e9kp\u00e1r\u00fat-h\u00e1l\u00f3zatot, amelyre lehet, hogy biztos\u00edtana p\u00e1ly\u00e1zati lehet\u0151s\u00e9get az \u00faj rendszer, de ink\u00e1bb az foglalkoztatja az \u00f6nkorm\u00e1nyzatot, hogy mib\u0151l fogja kifizetni p\u00e9ld\u00e1ul az am\u00fagy is magas, folyamatosan n\u00f6vekv\u0151, cirka 3 milli\u00e1rd forintos k\u00f6z\u00e9tkeztet\u00e9si k\u00f6lts\u00e9geket \u00fagy, hogy azt r\u00e9szben ne a sz\u00fcl\u0151kre kelljen \u00e1th\u00e1r\u00edtani.<\/p>\n<p>A polg\u00e1rmester \u00fagy fogalmazott, hogy amikor ilyen vad \u00f6tletekkel tal\u00e1lkoznak a korm\u00e1nyzat r\u00e9sz\u00e9r\u0151l, akkor felmer\u00fcl a k\u00e9rd\u00e9s, hogy vesz\u00e9lybe ker\u00fclnek-e a legfontosabb p\u00e9nz\u00fcgyi k\u00f6telezetts\u00e9gek, \u00e9s ha igen, akkor rendk\u00edv\u00fcli t\u00e1mogat\u00e1sban, normat\u00edv\u00e1ban kapnak-e kompenz\u00e1ci\u00f3t. Cs\u0151zik L\u00e1szl\u00f3 bor\u00fal\u00e1t\u00f3 \u00e9s \u00e9l a gyan\u00faperrel, hogy egy ilyen helyzetben nem ny\u00fajtana seg\u00edt\u0151 kezet az \u00e1llam.<\/p>\n<p><img decoding=\"async\" class=\"aligncenter size-full wp-image-66085\" src=\"https:\/\/erdmost.hu\/wp-content\/uploads\/2023\/05\/ipripark1-jpg.jpg\" alt=\"\" width=\"2048\" height=\"1536\" srcset=\"https:\/\/erdmost.hu\/wp-content\/uploads\/2023\/05\/ipripark1-jpg.jpg 2048w, https:\/\/erdmost.hu\/wp-content\/uploads\/2023\/05\/ipripark1-jpg-747x560.jpg 747w, https:\/\/erdmost.hu\/wp-content\/uploads\/2023\/05\/ipripark1-jpg-300x225.jpg 300w, https:\/\/erdmost.hu\/wp-content\/uploads\/2023\/05\/ipripark1-jpg-1024x768.jpg 1024w\" sizes=\"(max-width: 2048px) 100vw, 2048px\" \/><\/p>\n<p>Az ipar\u0171z\u00e9si ad\u00f3bev\u00e9telek t\u00f6bblete kapcs\u00e1n pedig \u00e9rdemes megjegyezni azt is, hogy innent\u0151l az \u00f6nkorm\u00e1nyzatoknak nem lesz kifejezett \u00e9rdeke a beruh\u00e1z\u00e1sok t\u00e1mogat\u00e1sa, hiszen az \u00faj ipari v\u00e1llalatok \u00e1ltal befizetett t\u00f6bbletet az \u00e1llam \u00fagyis elviszi.<\/p>\n<\/div>","protected":false},"excerpt":{"rendered":"<p>Az \u00e9rdi polg\u00e1rmester szerint a helyi ipar\u0171z\u00e9si ad\u00f3 t\u00f6bblet\u00e9nek elvon\u00e1sa miatt vesz\u00e9lybe ker\u00fclhet az \u00f6nkorm\u00e1nyzat m\u0171k\u00f6d\u00e9se.<\/p>","protected":false},"author":27,"featured_media":108255,"comment_status":"closed","ping_status":"closed","sticky":false,"template":"","format":"standard","meta":{"_acf_changed":false,"_seopress_robots_primary_cat":"none","_seopress_titles_title":"","_seopress_titles_desc":"","_seopress_robots_index":"","site-sidebar-layout":"default","site-content-layout":"","ast-site-content-layout":"default","site-content-style":"default","site-sidebar-style":"default","ast-global-header-display":"","ast-banner-title-visibility":"","ast-main-header-display":"","ast-hfb-above-header-display":"","ast-hfb-below-header-display":"","ast-hfb-mobile-header-display":"","site-post-title":"","ast-breadcrumbs-content":"","ast-featured-img":"","footer-sml-layout":"","ast-disable-related-posts":"","theme-transparent-header-meta":"default","adv-header-id-meta":"","stick-header-meta":"","header-above-stick-meta":"","header-main-stick-meta":"","header-below-stick-meta":"","astra-migrate-meta-layouts":"set","ast-page-background-enabled":"default","ast-page-background-meta":{"desktop":{"background-color":"","background-image":"","background-repeat":"repeat","background-position":"center center","background-size":"auto","background-attachment":"scroll","background-type":"","background-media":"","overlay-type":"","overlay-color":"","overlay-opacity":"","overlay-gradient":""},"tablet":{"background-color":"","background-image":"","background-repeat":"repeat","background-position":"center center","background-size":"auto","background-attachment":"scroll","background-type":"","background-media":"","overlay-type":"","overlay-color":"","overlay-opacity":"","overlay-gradient":""},"mobile":{"background-color":"","background-image":"","background-repeat":"repeat","background-position":"center center","background-size":"auto","background-attachment":"scroll","background-type":"","background-media":"","overlay-type":"","overlay-color":"","overlay-opacity":"","overlay-gradient":""}},"ast-content-background-meta":{"desktop":{"background-color":"var(--ast-global-color-5)","background-image":"","background-repeat":"repeat","background-position":"center center","background-size":"auto","background-attachment":"scroll","background-type":"","background-media":"","overlay-type":"","overlay-color":"","overlay-opacity":"","overlay-gradient":""},"tablet":{"background-color":"var(--ast-global-color-5)","background-image":"","background-repeat":"repeat","background-position":"center center","background-size":"auto","background-attachment":"scroll","background-type":"","background-media":"","overlay-type":"","overlay-color":"","overlay-opacity":"","overlay-gradient":""},"mobile":{"background-color":"var(--ast-global-color-5)","background-image":"","background-repeat":"repeat","background-position":"center center","background-size":"auto","background-attachment":"scroll","background-type":"","background-media":"","overlay-type":"","overlay-color":"","overlay-opacity":"","overlay-gradient":""}},"footnotes":""},"categories":[1,463,461,462,460],"cikk_cimkek":[968,4977,5080],"content_flags":[],"content_icons":[],"class_list":["post-108197","post","type-post","status-publish","format-standard","has-post-thumbnail","hentry","category-erdmost","category-fontos","category-jobbfent","category-kiemelt","category-top","cikk_cimkek-csozik-laszlo","cikk_cimkek-helyi-iparuzesi-ado","cikk_cimkek-sarc"],"acf":[],"_links":{"self":[{"href":"https:\/\/erdmost.hu\/en\/wp-json\/wp\/v2\/posts\/108197","targetHints":{"allow":["GET"]}}],"collection":[{"href":"https:\/\/erdmost.hu\/en\/wp-json\/wp\/v2\/posts"}],"about":[{"href":"https:\/\/erdmost.hu\/en\/wp-json\/wp\/v2\/types\/post"}],"author":[{"embeddable":true,"href":"https:\/\/erdmost.hu\/en\/wp-json\/wp\/v2\/users\/27"}],"replies":[{"embeddable":true,"href":"https:\/\/erdmost.hu\/en\/wp-json\/wp\/v2\/comments?post=108197"}],"version-history":[{"count":5,"href":"https:\/\/erdmost.hu\/en\/wp-json\/wp\/v2\/posts\/108197\/revisions"}],"predecessor-version":[{"id":108258,"href":"https:\/\/erdmost.hu\/en\/wp-json\/wp\/v2\/posts\/108197\/revisions\/108258"}],"wp:featuredmedia":[{"embeddable":true,"href":"https:\/\/erdmost.hu\/en\/wp-json\/wp\/v2\/media\/108255"}],"wp:attachment":[{"href":"https:\/\/erdmost.hu\/en\/wp-json\/wp\/v2\/media?parent=108197"}],"wp:term":[{"taxonomy":"category","embeddable":true,"href":"https:\/\/erdmost.hu\/en\/wp-json\/wp\/v2\/categories?post=108197"},{"taxonomy":"cikk_cimkek","embeddable":true,"href":"https:\/\/erdmost.hu\/en\/wp-json\/wp\/v2\/cikk_cimkek?post=108197"},{"taxonomy":"content_flags","embeddable":true,"href":"https:\/\/erdmost.hu\/en\/wp-json\/wp\/v2\/content_flags?post=108197"},{"taxonomy":"content_icons","embeddable":true,"href":"https:\/\/erdmost.hu\/en\/wp-json\/wp\/v2\/content_icons?post=108197"}],"curies":[{"name":"wp","href":"https:\/\/api.w.org\/{rel}","templated":true}]}}