{"id":106057,"date":"2024-09-12T11:00:36","date_gmt":"2024-09-12T09:00:36","guid":{"rendered":"https:\/\/erdmost.hu\/?p=106057"},"modified":"2024-09-12T06:43:49","modified_gmt":"2024-09-12T04:43:49","slug":"hamarosan-nagy-hasznat-vesszuk-az-esernyonek","status":"publish","type":"post","link":"https:\/\/erdmost.hu\/en\/2024\/09\/12\/hamarosan-nagy-hasznat-vesszuk-az-esernyonek\/","title":{"rendered":"Hamarosan nagy haszn\u00e1t vessz\u00fck az eserny\u0151nek"},"content":{"rendered":"<p>A front\u00e1lis felh\u0151zet csak lassan halad kelet fel\u00e9, ez\u00e9rt az orsz\u00e1g keleti fel\u00e9n alapvet\u0151en napos id\u0151 v\u00e1rhat\u00f3 a f\u00e1tyolfelh\u0151k mellett, m\u00edg a Dun\u00e1nt\u00falon nyugat, \u00e9szaknyugat fel\u00e9 haladva egyre t\u00f6bb \u00e9s vastagabb lesz a felh\u0151zet &#8211; der\u00fcl ki a HungaroMet legfrissebb el\u0151rejelz\u00e9s\u00e9b\u0151l.<\/p>\n<p>A Nyugat-Dun\u00e1nt\u00falon tart\u00f3s es\u0151 v\u00e1rhat\u00f3, ott kiad\u00f3s mennyis\u00e9g is hullhat, az \u00f6sszef\u00fcgg\u0151 csapad\u00e9kz\u00f3na lassan araszol kelet fel\u00e9. Emellett a d\u00e9li, d\u00e9lnyugati orsz\u00e1gr\u00e9szben egy-egy helyen az \u00e9g is megd\u00f6rrenhet.<\/p>\n<p><img fetchpriority=\"high\" decoding=\"async\" class=\"aligncenter size-full wp-image-106060\" src=\"https:\/\/erdmost.hu\/wp-content\/uploads\/2024\/09\/Kepkivagasdqdfd.jpg\" alt=\"\" width=\"962\" height=\"718\" srcset=\"https:\/\/erdmost.hu\/wp-content\/uploads\/2024\/09\/Kepkivagasdqdfd.jpg 962w, https:\/\/erdmost.hu\/wp-content\/uploads\/2024\/09\/Kepkivagasdqdfd-300x224.jpg 300w, https:\/\/erdmost.hu\/wp-content\/uploads\/2024\/09\/Kepkivagasdqdfd-768x573.jpg 768w, https:\/\/erdmost.hu\/wp-content\/uploads\/2024\/09\/Kepkivagasdqdfd-16x12.jpg 16w, https:\/\/erdmost.hu\/wp-content\/uploads\/2024\/09\/Kepkivagasdqdfd-750x560.jpg 750w\" sizes=\"(max-width: 962px) 100vw, 962px\" \/><\/p>\n<p>Az orsz\u00e1g nyugati fel\u00e9n meg\u00e9l\u00e9nk\u00fcl, a nyugati t\u00e1jakon meger\u0151s\u00f6dik az \u00e9szaknyugatira fordul\u00f3 sz\u00e9l, m\u00edg keleten d\u00f6nt\u0151en m\u00e9rs\u00e9kelt marad az alapvet\u0151en d\u00e9li l\u00e9g\u00e1raml\u00e1s. A legmagasabb nappali h\u0151m\u00e9rs\u00e9klet \u00e1ltal\u00e1ban 22 \u00e9s 29, de a Dun\u00e1nt\u00fal \u00e9szaknyugati fel\u00e9n enn\u00e9l j\u00f3val alacsonyabban, 14 \u00e9s 20 fok k\u00f6z\u00f6tt alakul, a nyugati hat\u00e1r ment\u00e9n reggel, d\u00e9lel\u0151tt \u00e1ll be a maximum-h\u0151m\u00e9rs\u00e9klet.<\/p>\n<p>P\u00e9nteken nagyr\u00e9szt er\u0151sen felh\u0151s vagy borult lesz az \u00e9g, csak \u00e1tmeneti felszakadoz\u00e1sok lehetnek. T\u00f6bbfel\u00e9 kell sz\u00e1m\u00edtani es\u0151re, z\u00e1porra, keleten ak\u00e1r zivatar is kialakulhat. T\u00f6bb k\u00f6rzetben kiad\u00f3sabb mennyis\u00e9g\u0171 csapad\u00e9k is hullhat.<\/p>\n<p><img decoding=\"async\" class=\"aligncenter size-full wp-image-106061\" src=\"https:\/\/erdmost.hu\/wp-content\/uploads\/2024\/09\/Kepkivagas234fdaf.jpg\" alt=\"\" width=\"961\" height=\"722\" srcset=\"https:\/\/erdmost.hu\/wp-content\/uploads\/2024\/09\/Kepkivagas234fdaf.jpg 961w, https:\/\/erdmost.hu\/wp-content\/uploads\/2024\/09\/Kepkivagas234fdaf-300x225.jpg 300w, https:\/\/erdmost.hu\/wp-content\/uploads\/2024\/09\/Kepkivagas234fdaf-768x577.jpg 768w, https:\/\/erdmost.hu\/wp-content\/uploads\/2024\/09\/Kepkivagas234fdaf-16x12.jpg 16w, https:\/\/erdmost.hu\/wp-content\/uploads\/2024\/09\/Kepkivagas234fdaf-745x560.jpg 745w\" sizes=\"(max-width: 961px) 100vw, 961px\" \/><\/p>\n<p>Az \u00e9szaknyugati szelet f\u0151leg a nyugati, valamint a k\u00f6z\u00e9ps\u0151 orsz\u00e1gr\u00e9szben er\u0151s, sok hely\u00fctt viharos l\u00f6k\u00e9sek k\u00eds\u00e9rhetik. A h\u0151m\u00e9rs\u00e9klet hajnalban 8 \u00e9s 17, d\u00e9lut\u00e1n 10 \u00e9s 28 fok k\u00f6z\u00f6tt alakul, nyugat fel\u00e9 haladva lesz a h\u0171v\u00f6sebb id\u0151.<\/p>\n<p><strong>Orvosmeteorol\u00f3gia<\/strong><\/p>\n<p>T\u00e9rs\u00e9g\u00fcnk f\u00f6l\u00f6tt tal\u00e1lhat\u00f3 hull\u00e1mz\u00f3 front\u00e1lz\u00f3na miatt mind a hideg- mind pedig a melegfrontra \u00e9rz\u00e9kenyek szervezet\u00e9t megterheli az id\u0151j\u00e1r\u00e1s. Ez\u00e9rt sokakn\u00e1l tapasztalhat\u00f3 fejf\u00e1j\u00e1s, koncentr\u00e1ci\u00f3s-zavar, v\u00e9rnyom\u00e1s-ingadoz\u00e1s. A k\u00f6zleked\u00e9sben r\u00e9sztvev\u0151k r\u00e9sz\u00e9r\u0151l fokozott \u00f3vatoss\u00e1g sz\u00fcks\u00e9ges, ugyanis a megn\u00f6veked\u0151 reakci\u00f3id\u0151 k\u00f6zvetett m\u00f3don hozz\u00e1j\u00e1rulhat a balesetek kialakul\u00e1s\u00e1hoz.<\/p>","protected":false},"excerpt":{"rendered":"<p>Egy \u00f6sszef\u00fcgg\u0151 csapad\u00e9kz\u00f3na halad fel\u00e9nk, amely teljesen megv\u00e1ltoztatja az id\u0151j\u00e1r\u00e1sunkat. <\/p>","protected":false},"author":27,"featured_media":100577,"comment_status":"closed","ping_status":"closed","sticky":false,"template":"","format":"standard","meta":{"_acf_changed":false,"_seopress_robots_primary_cat":"none","_seopress_titles_title":"","_seopress_titles_desc":"","_seopress_robots_index":"","site-sidebar-layout":"default","site-content-layout":"","ast-site-content-layout":"default","site-content-style":"default","site-sidebar-style":"default","ast-global-header-display":"","ast-banner-title-visibility":"","ast-main-header-display":"","ast-hfb-above-header-display":"","ast-hfb-below-header-display":"","ast-hfb-mobile-header-display":"","site-post-title":"","ast-breadcrumbs-content":"","ast-featured-img":"","footer-sml-layout":"","ast-disable-related-posts":"","theme-transparent-header-meta":"default","adv-header-id-meta":"","stick-header-meta":"","header-above-stick-meta":"","header-main-stick-meta":"","header-below-stick-meta":"","astra-migrate-meta-layouts":"set","ast-page-background-enabled":"default","ast-page-background-meta":{"desktop":{"background-color":"","background-image":"","background-repeat":"repeat","background-position":"center center","background-size":"auto","background-attachment":"scroll","background-type":"","background-media":"","overlay-type":"","overlay-color":"","overlay-opacity":"","overlay-gradient":""},"tablet":{"background-color":"","background-image":"","background-repeat":"repeat","background-position":"center center","background-size":"auto","background-attachment":"scroll","background-type":"","background-media":"","overlay-type":"","overlay-color":"","overlay-opacity":"","overlay-gradient":""},"mobile":{"background-color":"","background-image":"","background-repeat":"repeat","background-position":"center center","background-size":"auto","background-attachment":"scroll","background-type":"","background-media":"","overlay-type":"","overlay-color":"","overlay-opacity":"","overlay-gradient":""}},"ast-content-background-meta":{"desktop":{"background-color":"var(--ast-global-color-5)","background-image":"","background-repeat":"repeat","background-position":"center center","background-size":"auto","background-attachment":"scroll","background-type":"","background-media":"","overlay-type":"","overlay-color":"","overlay-opacity":"","overlay-gradient":""},"tablet":{"background-color":"var(--ast-global-color-5)","background-image":"","background-repeat":"repeat","background-position":"center center","background-size":"auto","background-attachment":"scroll","background-type":"","background-media":"","overlay-type":"","overlay-color":"","overlay-opacity":"","overlay-gradient":""},"mobile":{"background-color":"var(--ast-global-color-5)","background-image":"","background-repeat":"repeat","background-position":"center center","background-size":"auto","background-attachment":"scroll","background-type":"","background-media":"","overlay-type":"","overlay-color":"","overlay-opacity":"","overlay-gradient":""}},"footnotes":""},"categories":[461,462,460],"cikk_cimkek":[2640,4141,114],"content_flags":[],"content_icons":[],"class_list":["post-106057","post","type-post","status-publish","format-standard","has-post-thumbnail","hentry","category-jobbfent","category-kiemelt","category-top","cikk_cimkek-elorejelzes","cikk_cimkek-hungaromet","cikk_cimkek-idojaras"],"acf":[],"_links":{"self":[{"href":"https:\/\/erdmost.hu\/en\/wp-json\/wp\/v2\/posts\/106057","targetHints":{"allow":["GET"]}}],"collection":[{"href":"https:\/\/erdmost.hu\/en\/wp-json\/wp\/v2\/posts"}],"about":[{"href":"https:\/\/erdmost.hu\/en\/wp-json\/wp\/v2\/types\/post"}],"author":[{"embeddable":true,"href":"https:\/\/erdmost.hu\/en\/wp-json\/wp\/v2\/users\/27"}],"replies":[{"embeddable":true,"href":"https:\/\/erdmost.hu\/en\/wp-json\/wp\/v2\/comments?post=106057"}],"version-history":[{"count":4,"href":"https:\/\/erdmost.hu\/en\/wp-json\/wp\/v2\/posts\/106057\/revisions"}],"predecessor-version":[{"id":106065,"href":"https:\/\/erdmost.hu\/en\/wp-json\/wp\/v2\/posts\/106057\/revisions\/106065"}],"wp:featuredmedia":[{"embeddable":true,"href":"https:\/\/erdmost.hu\/en\/wp-json\/wp\/v2\/media\/100577"}],"wp:attachment":[{"href":"https:\/\/erdmost.hu\/en\/wp-json\/wp\/v2\/media?parent=106057"}],"wp:term":[{"taxonomy":"category","embeddable":true,"href":"https:\/\/erdmost.hu\/en\/wp-json\/wp\/v2\/categories?post=106057"},{"taxonomy":"cikk_cimkek","embeddable":true,"href":"https:\/\/erdmost.hu\/en\/wp-json\/wp\/v2\/cikk_cimkek?post=106057"},{"taxonomy":"content_flags","embeddable":true,"href":"https:\/\/erdmost.hu\/en\/wp-json\/wp\/v2\/content_flags?post=106057"},{"taxonomy":"content_icons","embeddable":true,"href":"https:\/\/erdmost.hu\/en\/wp-json\/wp\/v2\/content_icons?post=106057"}],"curies":[{"name":"wp","href":"https:\/\/api.w.org\/{rel}","templated":true}]}}