{"id":10308,"date":"2020-11-16T09:47:40","date_gmt":"2020-11-16T09:47:40","guid":{"rendered":"https:\/\/wp.erdmost.hu\/2020\/11\/16\/ilyenkor-kellene-hogy-erd-legszebb-arcat-mutassa\/"},"modified":"2022-03-01T21:43:37","modified_gmt":"2022-03-01T21:43:37","slug":"ilyenkor-kellene-hogy-erd-legszebb-arcat-mutassa","status":"publish","type":"post","link":"https:\/\/erdmost.hu\/en\/2020\/11\/16\/ilyenkor-kellene-hogy-erd-legszebb-arcat-mutassa\/","title":{"rendered":"\u201eIlyenkor kellene, hogy \u00c9rd a legszebb arc\u00e1t mutassa\u201d"},"content":{"rendered":"<div class=\"ckeditor-html5-audio\"><span class=\"audio-wrapper\"><label class=\"audio-label\">Cs\u0151zik L\u00e1szl\u00f3 az \u00c9rd FM 101.3 Bund\u00e1skeny\u00e9r c\u00edm\u0171 m\u0171sor\u00e1nak volt vend\u00e9ge &#8211; 1. r\u00e9sz<\/label><br \/>\n<audio controls=\"controls\" controlslist=\"nodownload\" data-entity-type=\"file\" data-entity-uuid=\"01812165-4b4e-4026-a6e1-ae7c19d0c13e\" src=\"https:\/\/erdmost.hu\/wp-content\/uploads\/2022\/03\/20112122_03_csozik_01.mp3\">&nbsp;<\/audio><br \/>\n<\/span><\/div>\n<div class=\"ckeditor-html5-audio\"><span class=\"audio-wrapper\"><label class=\"audio-label\">Cs\u0151zik L\u00e1szl\u00f3 az \u00c9rd FM 101.3 Bund\u00e1skeny\u00e9r c\u00edm\u0171 m\u0171sor\u00e1nak volt vend\u00e9ge &#8211; 2. r\u00e9sz<\/label><\/p>\n<p><audio controls=\"controls\" controlslist=\"nodownload\" data-entity-type=\"file\" data-entity-uuid=\"1afbcd53-b062-4507-8038-97936063337c\" src=\"https:\/\/erdmost.hu\/wp-content\/uploads\/2022\/03\/20112122_04_csozik_02.mp3\">&nbsp;<\/audio><br \/>\n<\/span><\/div>\n<p style=\"margin-bothttps:\/\/erdmost.hu\/wp-content\/uploads\/2021\/06\/business-blog-session-cover-img-03.jpg:11px\">Mint arr\u00f3l \u00c9rd polg\u00e1rmestere besz\u00e1molt, <a href=\"https:\/\/erdmost.hu\/en\/2020\/11\/11\/itt-kotelezo-maszk-erd-kozteruletein\/\" target=\"_blank\" rel=\"noopener\">a m\u00falt szerd\u00e1n meghozott int\u00e9zked\u00e9sek \u00e9rtelm\u00e9ben<\/a> a v\u00e1ros sz\u00e1mos k\u00f6zter\u00fclet\u00e9n k\u00f6telez\u0151 a sz\u00e1jat \u00e9s orrot eltakar\u00f3 maszk visel\u00e9se. Ezzel kapcsolatban kifejtette, a d\u00f6nt\u00e9st a k\u00e9pvisel\u0151kkel k\u00f6z\u00f6sen vitatt\u00e1k meg, s m\u00f3dos\u00edtottak is az el\u0151zetesen tervezett szab\u00e1lyokon, amiket a h\u00e9ten is fel\u00fclvizsg\u00e1lnak.<\/p>\n<p>A maszkvisel\u00e9s ellen\u0151rz\u00e9s\u00e9vel kapcsolatban kifejtette, <strong>ha hoznak egy rendeletet, annak v\u00e9grehajt\u00e1s\u00e1r\u00f3l gondoskodni kell, s ezt a k\u00f6zelj\u00f6v\u0151ben szigor\u00edtj\u00e1k is.<\/strong><\/p>\n<blockquote>\n<p>\u201eAzt nem tehetj\u00fck meg, hogy hozunk egy jogszab\u00e1lyt \u00e9s a v\u00e9grehajtat\u00e1s\u00e1r\u00f3l nem gondoskodunk. Ez mindannyiunk \u00e9rdeke\u201d<\/p>\n<\/blockquote>\n<p>\u2013 hangs\u00falyozva a k\u00f6z\u00f6ss\u00e9g eg\u00e9sz\u00e9nek be kell tartania a maszkvisel\u00e9sre vonatkoz\u00f3 szab\u00e1lyokat. Kifejtette azt is, hi\u00e1ba k\u00e9ri, nem kapja meg a helyi j\u00e1rv\u00e1ny\u00fcgyi adatokat, csup\u00e1n azt, h\u00e1nyan ker\u00fcltek k\u00f6telez\u0151 j\u00e1rv\u00e1ny\u00fcgyi megfigyel\u00e9s (hat\u00f3s\u00e1gi h\u00e1zi karant\u00e9n) al\u00e1. Megosztotta,<strong> tudom\u00e1sa van olyan konkr\u00e9t \u00e9rdi esetr\u0151l, ahol huszon\u00e9ves fiatalember halt meg nagyon r\u00f6vid lefoly\u00e1s\u00fa Covid-fert\u0151z\u00e9sben.<\/strong><\/p>\n<p>A korl\u00e1toz\u00e1sok \u00e9rtelm\u00e9ben az amat\u0151r csapatsport tilos, \u00edgy elm\u00e9letileg a Papi F\u00f6ldeken is be kellett volna z\u00e1rni a sportp\u00e1ly\u00e1kat, ennek ellen\u00e9re a h\u00e9tv\u00e9g\u00e9n mindegyik p\u00e1ly\u00e1n sportoltak. Ezzel kapcsolatban kifejtette, ut\u00e1nan\u00e9z a dolognak \u00e9s <strong>r\u00f6videbb p\u00f3r\u00e1zra fogj\u00e1k a Papi f\u00f6ldeket \u00fczemeltet\u0151ket.<\/strong><\/p>\n<p>A j\u00e1rv\u00e1ny els\u0151 hull\u00e1m\u00e1ban bez\u00e1rt\u00e1k a j\u00e1tsz\u00f3tereket. M\u0171sorvezet\u0151i k\u00e9rd\u00e9sre, hogy a m\u00e1sodik hull\u00e1mban mi\u00e9rt vannak nyitva a j\u00e1tsz\u00f3terek, elmondta, alapvet\u0151en a szigor\u00fabb int\u00e9zked\u00e9sek h\u00edve, de megn\u00e9zt\u00e9k a hat\u00f3s\u00e1gok aj\u00e1nl\u00e1sait, amelyek alapj\u00e1n alak\u00edtott\u00e1k ki az \u00faj szab\u00e1lyoz\u00e1st. Ism\u00e9t felh\u00edvta a figyelmet r\u00e1, hogy a m\u00falt h\u00e9ten <strong>bevezetett rendeletet ezen a h\u00e9ten fel\u00fclvizsg\u00e1lj\u00e1k.<\/strong><\/p>\n<p>A k\u00f6zter\u00fcleteken k\u00f6telez\u0151v\u00e9 tett maszkhaszn\u00e1lat ellen\u0151rz\u00e9s\u00e9vel kapcsolatban Cs\u0151zik L\u00e1szl\u00f3 megosztotta, hogy az \u00f6nkorm\u00e1nyzat nem mondhatja meg a hat\u00f3s\u00e1goknak, hogyan b\u00fcntessenek, de a h\u00e9ten \u00e1ttekintik ezt a rend\u0151rkapit\u00e1nnyal \u00e9s ha \u00fagy \u00edt\u00e9lik meg, hogy az emberek nem tartj\u00e1k be a szab\u00e1lyokat, akkor szigor\u00edt\u00e1sok v\u00e1rhat\u00f3ak.<\/p>\n<h2>\u201eA fokozatoss\u00e1got kell figyelembe venni. Els\u0151 \u00edzben legyen egy hat\u00e1rozott figyelmeztet\u00e9s, ha t\u00f6megess\u00e9 v\u00e1lnak ezek a kih\u00e1g\u00e1sok, akkor a rend\u0151rs\u00e9g akkor j\u00e1r el helyesen, ha k\u00f6zbel\u00e9p\u201d<\/h2>\n<p>\u2013 fejtette ki a polg\u00e1rmester. Megeml\u00edtette, hogy mivel m\u00e9g nem voltunk hasonl\u00f3 helyzetben, \u201enincs tank\u00f6nyvi protokoll\u201d, az ilyen helyzeteket \u201eki kell k\u00eds\u00e9rletezni\u201d. Hozz\u00e1tette, a jogi vil\u00e1gban is egy \u00faj szab\u00e1lyoz\u00e1snak mindig van mozg\u00e1stere, melyet a b\u00edr\u00f3i gyakorlat hat\u00e1roz meg \u2013 vont p\u00e1rhuzamot a polg\u00e1rmester.<\/p>\n<p>A tavaszi els\u0151 hull\u00e1m sor\u00e1n sz\u00e9les civil \u00f6sszefog\u00e1s volt tapasztalhat\u00f3 a v\u00e1rosban a r\u00e1szorul\u00f3k, id\u0151sek, karant\u00e9nban l\u00e9v\u0151k megseg\u00edt\u00e9s\u00e9re. Ezzel kapcsolatban \u00fagy fogalmazott Cs\u0151zik L\u00e1szl\u00f3, <u><strong>aki k\u00e9r seg\u00edts\u00e9get, annak a Szoci\u00e1lis Gondoz\u00f3 K\u00f6zpont munkat\u00e1rsai seg\u00edtenek, \u00edgy p\u00e9ld\u00e1ul az \u00e9lelmiszer- \u00e9s gy\u00f3gyszerv\u00e1s\u00e1rl\u00e1sban is, de tov\u00e1bbra is lehet ig\u00e9nyelni maszkokat.<\/strong><\/u> R\u00e9szletezte, <u><strong>a munk\u00e1jukat elvesz\u00edt\u0151knek ism\u00e9t lehet\u0151s\u00e9g\u00fck ny\u00edlik \u00f6nkorm\u00e1nyzati seg\u00e9ly k\u00e9r\u00e9s\u00e9re.<\/strong><\/u><\/p>\n<p>\u201eValahogy mindenki m\u00e9ricsk\u00e9li, mennyire s\u00falyos a helyzet. De amikor az ember azt hallja, hogy a saj\u00e1t utc\u00e1j\u00e1ban halt meg valaki, akkor term\u00e9szetesen elsz\u00f6rnyed. <strong>M\u00e1r l\u00e1tjuk, hogy ahogy a v\u00edrus terjed, nem csak az id\u0151seket vesz\u00e9lyezteti. Ilyenkor kell \u00f6sszefognunk!<\/strong> Azt mondj\u00e1k, \u00c9rd alv\u00f3v\u00e1ros \u00e9s kev\u00e9sb\u00e9 teremt\u0151d\u00f6tt meg a k\u00f6z\u00f6ss\u00e9g, de <strong>pont ilyenkor kellene, hogy \u00c9rd a legszebb arc\u00e1t mutassa\u201d<\/strong> \u2013 folytatta a polg\u00e1rmester, aki besz\u00e1molt arr\u00f3l, sok civil szervezet meg fog mozdulni \u00e9s ha ig\u00e9ny van r\u00e1, be fog indulni ez az intenz\u00edv seg\u00edts\u00e9gny\u00fajt\u00e1s. Hozz\u00e1tette, eddig 1500 \u00e9rdi lakos ig\u00e9nyelt maszkot az \u00f6nkorm\u00e1nyzatt\u00f3l.<\/p>\n<p><a href=\"https:\/\/erdmost.hu\/en\/2020\/11\/13\/erden-nem-emelik-maganszemelyek-epitmenyadojat\/\" target=\"_blank\" rel=\"noopener\">T. M\u00e9sz\u00e1ros Andr\u00e1s, az \u00c9rdi Fidesz eln\u00f6ke p\u00e9nteki sajt\u00f3t\u00e1j\u00e9koztat\u00f3j\u00e1n azt mondta, Cs\u0151zik L\u00e1szl\u00f3 brut\u00e1lis ad\u00f3emel\u00e9sre k\u00e9sz\u00fcl.<\/a> Ezzel kapcsolatban a polg\u00e1rmester kifejtette,<\/p>\n<p class=\"highlight highlight--blue\">T. M\u00e9sz\u00e1ros Andr\u00e1s \u00fagy t\u00e1lalta az ad\u00f3emel\u00e9st, mintha mindenkinek megemeln\u00e9k az \u00e9p\u00edtm\u00e9nyad\u00f3j\u00e1t,<\/p>\n<p>melyet \u00e9ppen T. M\u00e9sz\u00e1ros Andr\u00e1s\u00e9k emeltek k\u00f6zel dupl\u00e1j\u00e1ra 2010-2011-ben. R\u00e9szletezte, <u><strong>az \u00e9p\u00edtm\u00e9nyad\u00f3 emel\u00e9se kiz\u00e1r\u00f3lag a gazdas\u00e1gi t\u00e1rsas\u00e1gokra vonatkozik, ahol ennek m\u00e9rt\u00e9k\u00e9t n\u00e9gyzetm\u00e9terenk\u00e9nt 1000 forintra emelik. A mag\u00e1nszem\u00e9lyekre nem vonatkozik emel\u00e9s, az tov\u00e1bbra is 440 ft\/n\u00e9gyzetm\u00e9ter.<\/strong><\/u><\/p>\n<p>Megjegyezte azt is, a rendelkez\u00e9st a korm\u00e1nyzati elvon\u00e1sok miatt kellett bevezetni, amellyel t\u00f6bbt\u00edzmilli\u00f3s plusz bev\u00e9tele keletkezik a v\u00e1rosnak.<\/p>\n<p>A k\u00f6lts\u00e9gvet\u00e9ssel kapcsolatban kit\u00e9rt arra is, hogy a v\u00e1ros f\u0151\u00f6sszege 14 milli\u00e1rd forint. Az idei \u00e9vre 11,2 milli\u00e1rddal kalkul\u00e1lnak, de 2,8 milli\u00e1rd forint \u201ehi\u00e1nyzik a rendszerb\u0151l\u201d.<\/p>\n<p>Cs\u0151zik L\u00e1szl\u00f3 szerint a kor\u00e1bbi v\u00e1rosvezet\u00e9s hazudik, amikor azt mondja, tele a v\u00e1ros kassz\u00e1ja. Kifejtette, a Modern V\u00e1rosok Programban rendelkez\u00e9sre \u00e1ll\u00f3 forr\u00e1sok c\u00e9lzott p\u00e9nzek, azokat m\u00e1sra nem lehet ford\u00edtani. Azonban a v\u00e1ros bev\u00e9telei nem fedezik az alapvet\u0151 m\u0171k\u00f6d\u00e9shez sz\u00fcks\u00e9ges kiad\u00e1sokat. \u00c9pp ez\u00e9rt m\u00e9g 2015-ben k\u00f6t\u00f6ttek egy meg\u00e1llapod\u00e1st a korm\u00e1nnyal, amely kiegyens\u00falyozza a bev\u00e9tel \u00e9s kiad\u00e1s k\u00f6z\u00f6tti k\u00fcl\u00f6nb\u00f6zetet. Id\u00e9n 1,9 milli\u00e1rd forintnyi t\u00e1mogat\u00e1st k\u00e9rtek a P\u00e9nz\u00fcgyminiszt\u00e9riumt\u00f3l, hiszen az ipar\u0171z\u00e9si ad\u00f3b\u00f3l sz\u00e1rmaz\u00f3 bev\u00e9tel legal\u00e1bb 400 milli\u00f3 forinttal cs\u00f6kkent \u00e9s a g\u00e9pj\u00e1rm\u0171ad\u00f3 \u00e9s s\u00falyad\u00f3 miatti elvon\u00e1sok miatt tov\u00e1bbi 240 milli\u00f3 forinttal cs\u00f6kkentek a v\u00e1ros bev\u00e9telei, hiszen ezen t\u00e9telek \u201e\u00e1tsuhannak a v\u00e1roson\u201d.<\/p>\n<p>A k\u00f6lts\u00e9gvet\u00e9si hi\u00e1ny 20%-ra emelkedett, ez\u00e9rt alapvet\u0151 szolg\u00e1ltat\u00e1sok finansz\u00edroz\u00e1s\u00e1ra sem jut elegend\u0151 p\u00e9nz, ennek ellen\u00e9re az \u00edg\u00e9rt fejleszt\u00e9seket igyekeznek v\u00e9gigvinni, \u00e9pp ez\u00e9rt az aszfaltoz\u00e1si \u00e9s j\u00e1rda\u00e9p\u00edt\u00e9si programot is folytatj\u00e1k, <a href=\"https:\/\/erdmost.hu\/en\/2020\/11\/13\/epul-jarda-diosdi-uton\/\" target=\"_blank\" rel=\"noopener\">\u00edgy a Di\u00f3sdi \u00faton is m\u00e1r \u00e9p\u00edtik a j\u00e1rd\u00e1t.<\/a><\/p>\n<p>K\u00e9rd\u00e9sre Cs\u0151zik L\u00e1szl\u00f3 besz\u00e1molt <a href=\"https:\/\/erdmost.hu\/en\/2020\/11\/13\/kamatostul-kovetelik-vissza-penzt-erdtol\/\" target=\"_blank\" rel=\"noopener\">a F\u00e1c\u00e1n \u00d3vod\u00e1n\u00e1l t\u00f6rt\u00e9nt szab\u00e1lytalan k\u00f6zbeszerz\u00e9sr\u0151l&nbsp;is<\/a>, ahol a c\u00e9gek \u00f6sszej\u00e1tszottak, mely miatt 15-16 \u00f3vodai k\u00f6zbeszerz\u00e9s eset\u00e9ben is a kor\u00e1bbi alpolg\u00e1rmester, B\u00e1cs Istv\u00e1n rokons\u00e1ga, a General Invest Bau Kft. nyerte a k\u00f6zbeszerz\u00e9st. \u00c1m a szab\u00e1lytalans\u00e1g miatt a t\u00e1mogat\u00e1s negyed\u00e9t, 70 milli\u00f3 forintot vissza kell fizetni. Cs\u0151zik L\u00e1szl\u00f3 felsz\u00f3l\u00edtotta a c\u00e9geket, hogy a v\u00e1ros helyett ezt az \u00f6sszeget \u0151k fizess\u00e9k vissza.<\/p>","protected":false},"excerpt":{"rendered":"<p>A k\u00f6zter\u00fcleti maszkvisel\u00e9si szab\u00e1lyokr\u00f3l, a j\u00e1rv\u00e1ny m\u00e1sodik hull\u00e1m\u00e1nak \u00e9rdi helyzet\u00e9r\u0151l, a k\u00f6lts\u00e9gvet\u00e9s jelenlegi \u00e1llapot\u00e1r\u00f3l, az \u00e9p\u00edtm\u00e9nyad\u00f3 megemel\u00e9s\u00e9r\u0151l \u00e9s a F\u00e1c\u00e1n \u00f3voda szab\u00e1lytalan k\u00f6zbeszerz\u00e9s\u00e9r\u0151l is besz\u00e9lt Cs\u0151zik L\u00e1szl\u00f3 polg\u00e1rmester az \u00c9rd FM 101.3-nak adott interj\u00faj\u00e1ban.<\/p>","protected":false},"author":8,"featured_media":0,"comment_status":"closed","ping_status":"","sticky":false,"template":"","format":"standard","meta":{"_acf_changed":false,"_seopress_robots_primary_cat":"","_seopress_titles_title":"","_seopress_titles_desc":"","_seopress_robots_index":"","site-sidebar-layout":"default","site-content-layout":"","ast-site-content-layout":"default","site-content-style":"default","site-sidebar-style":"default","ast-global-header-display":"","ast-banner-title-visibility":"","ast-main-header-display":"","ast-hfb-above-header-display":"","ast-hfb-below-header-display":"","ast-hfb-mobile-header-display":"","site-post-title":"","ast-breadcrumbs-content":"","ast-featured-img":"","footer-sml-layout":"","ast-disable-related-posts":"","theme-transparent-header-meta":"","adv-header-id-meta":"","stick-header-meta":"","header-above-stick-meta":"","header-main-stick-meta":"","header-below-stick-meta":"","astra-migrate-meta-layouts":"default","ast-page-background-enabled":"default","ast-page-background-meta":{"desktop":{"background-color":"","background-image":"","background-repeat":"repeat","background-position":"center center","background-size":"auto","background-attachment":"scroll","background-type":"","background-media":"","overlay-type":"","overlay-color":"","overlay-opacity":"","overlay-gradient":""},"tablet":{"background-color":"","background-image":"","background-repeat":"repeat","background-position":"center center","background-size":"auto","background-attachment":"scroll","background-type":"","background-media":"","overlay-type":"","overlay-color":"","overlay-opacity":"","overlay-gradient":""},"mobile":{"background-color":"","background-image":"","background-repeat":"repeat","background-position":"center center","background-size":"auto","background-attachment":"scroll","background-type":"","background-media":"","overlay-type":"","overlay-color":"","overlay-opacity":"","overlay-gradient":""}},"ast-content-background-meta":{"desktop":{"background-color":"var(--ast-global-color-5)","background-image":"","background-repeat":"repeat","background-position":"center center","background-size":"auto","background-attachment":"scroll","background-type":"","background-media":"","overlay-type":"","overlay-color":"","overlay-opacity":"","overlay-gradient":""},"tablet":{"background-color":"var(--ast-global-color-5)","background-image":"","background-repeat":"repeat","background-position":"center center","background-size":"auto","background-attachment":"scroll","background-type":"","background-media":"","overlay-type":"","overlay-color":"","overlay-opacity":"","overlay-gradient":""},"mobile":{"background-color":"var(--ast-global-color-5)","background-image":"","background-repeat":"repeat","background-position":"center center","background-size":"auto","background-attachment":"scroll","background-type":"","background-media":"","overlay-type":"","overlay-color":"","overlay-opacity":"","overlay-gradient":""}},"footnotes":""},"categories":[1],"cikk_cimkek":[104,15],"content_flags":[348],"content_icons":[],"class_list":["post-10308","post","type-post","status-publish","format-standard","hentry","category-erdmost","cikk_cimkek-koronavirus","cikk_cimkek-kozelet","content_flags-top"],"acf":[],"_links":{"self":[{"href":"https:\/\/erdmost.hu\/en\/wp-json\/wp\/v2\/posts\/10308","targetHints":{"allow":["GET"]}}],"collection":[{"href":"https:\/\/erdmost.hu\/en\/wp-json\/wp\/v2\/posts"}],"about":[{"href":"https:\/\/erdmost.hu\/en\/wp-json\/wp\/v2\/types\/post"}],"author":[{"embeddable":true,"href":"https:\/\/erdmost.hu\/en\/wp-json\/wp\/v2\/users\/8"}],"replies":[{"embeddable":true,"href":"https:\/\/erdmost.hu\/en\/wp-json\/wp\/v2\/comments?post=10308"}],"version-history":[{"count":1,"href":"https:\/\/erdmost.hu\/en\/wp-json\/wp\/v2\/posts\/10308\/revisions"}],"predecessor-version":[{"id":29708,"href":"https:\/\/erdmost.hu\/en\/wp-json\/wp\/v2\/posts\/10308\/revisions\/29708"}],"wp:attachment":[{"href":"https:\/\/erdmost.hu\/en\/wp-json\/wp\/v2\/media?parent=10308"}],"wp:term":[{"taxonomy":"category","embeddable":true,"href":"https:\/\/erdmost.hu\/en\/wp-json\/wp\/v2\/categories?post=10308"},{"taxonomy":"cikk_cimkek","embeddable":true,"href":"https:\/\/erdmost.hu\/en\/wp-json\/wp\/v2\/cikk_cimkek?post=10308"},{"taxonomy":"content_flags","embeddable":true,"href":"https:\/\/erdmost.hu\/en\/wp-json\/wp\/v2\/content_flags?post=10308"},{"taxonomy":"content_icons","embeddable":true,"href":"https:\/\/erdmost.hu\/en\/wp-json\/wp\/v2\/content_icons?post=10308"}],"curies":[{"name":"wp","href":"https:\/\/api.w.org\/{rel}","templated":true}]}}