{"id":10280,"date":"2020-11-13T18:02:43","date_gmt":"2020-11-13T18:02:43","guid":{"rendered":"https:\/\/wp.erdmost.hu\/2020\/11\/13\/erden-nem-emelik-maganszemelyek-epitmenyadojat\/"},"modified":"2020-11-13T18:02:43","modified_gmt":"2020-11-13T18:02:43","slug":"erden-nem-emelik-maganszemelyek-epitmenyadojat","status":"publish","type":"post","link":"https:\/\/erdmost.hu\/en\/2020\/11\/13\/erden-nem-emelik-maganszemelyek-epitmenyadojat\/","title":{"rendered":"\u00c9rden nem emelik a mag\u00e1nszem\u00e9lyek \u00e9p\u00edtm\u00e9nyad\u00f3j\u00e1t"},"content":{"rendered":"<p style=\"margin-bothttps:\/\/erdmost.hu\/wp-content\/uploads\/2021\/06\/business-blog-session-cover-img-03.jpg:11px\">Az \u00c9rd Most birtok\u00e1ba ker\u00fclt dokumentum szerint a v\u00e1rosvezet\u00e9s n\u00e9gyzetm\u00e9terenk\u00e9nt 440-r\u0151l 1000 forintra emeln\u00e9 azoknak az \u00e9p\u00edtm\u00e9nyeknek az ad\u00f3j\u00e1t, melyek nem mag\u00e1nszem\u00e9lyek, hanem k\u00fcl\u00f6nb\u00f6z\u0151 v\u00e1llalkoz\u00e1sok tulajdon\u00e1ban vannak, \u00e9s azokat b\u00e9rbe adj\u00e1k. A k\u00f6zgy\u0171l\u00e9si el\u0151terjeszt\u00e9s tervezete meg\u00e1llap\u00edtja, hogy \u201ev\u00e1rosunkban az elm\u00falt \u00e9vekben megn\u00f6vekedett azon lak\u00e1s c\u00e9lj\u00e1ra szolg\u00e1l\u00f3 \u00e9p\u00edtm\u00e9nyek sz\u00e1ma, melyek nem mag\u00e1nszem\u00e9lyek, hanem k\u00fcl\u00f6nb\u00f6z\u0151 v\u00e1llalkoz\u00e1sok tulajdon\u00e1ban vannak, \u00e9s b\u00e9rbead\u00e1s \u00fatj\u00e1n ker\u00fclnek hasznos\u00edt\u00e1sra. Mivel \u00e1ll\u00e1sponhttps:\/\/erdmost.hu\/wp-content\/uploads\/2021\/06\/business-blog-session-cover-img-03.jpg szerint e szem\u00e9lyi k\u00f6r ad\u00f3ztat\u00e1si szempontb\u00f3l nincs \u00f6sszehasonl\u00edthat\u00f3 helyzetben a mag\u00e1nszem\u00e9lyekkel, eset\u00fckben k\u00fcl\u00f6n, differenci\u00e1lt ad\u00f3m\u00e9rt\u00e9k bevezet\u00e9s\u00e9t javaslom, amely a nem mag\u00e1nszem\u00e9ly tulajdon\u00e1ban l\u00e9v\u0151 lak\u00e1s c\u00e9lj\u00e1ra szolg\u00e1l\u00f3 \u00e9p\u00edtm\u00e9nyek ut\u00e1n 1000 Ft\/m2 \u00f6sszegben ker\u00fclne meg\u00e1llap\u00edt\u00e1sra. A v\u00e1llalkoz\u00e1sok ad\u00f3terhei ezen ad\u00f3m\u00e9rt\u00e9k emel\u00e9ssel sem n\u00f6vekedn\u00e9nek meg t\u00falzottan, mivel el\u0151zetes sz\u00e1m\u00edt\u00e1sok alapj\u00e1n egy b\u00e9rbeadott lak\u00e1s \u00e9ves ad\u00f3t\u00e9tele nem \u00e9ri el az egy havi b\u00e9rleti d\u00edj 50%-\u00e1t.\u201d<\/p>\n<p>\u00c9rden jelenleg k\u00f6r\u00fclbel\u00fcl 21 ezer mag\u00e1nszem\u00e9ly csaknem 23 ezer lak\u00e1s ut\u00e1n ad\u00f3zik, m\u00edg 190 k\u00fcl\u00f6nb\u00f6z\u0151 v\u00e1llalkoz\u00e1s 860 ingatlan ut\u00e1n fizeti a 440 forintos n\u00e9gyzetm\u00e9terenk\u00e9nti \u00e1rat.<\/p>\n<p>T. M\u00e9sz\u00e1ros Andr\u00e1s, az \u00e9rdi Fidesz eln\u00f6ke p\u00e9nteki sajt\u00f3t\u00e1j\u00e9kozat\u00f3j\u00e1n azt <a href=\"https:\/\/www.facebook.com\/t.meszaros.andras\/videos\/360161268623143\">mondta<\/a>: \u201eCs\u0151zik brut\u00e1lis ad\u00f3emel\u00e9sre k\u00e9sz\u00fcl\u201d , \u00e9s hogy \u201ea drasztikus l\u00e9p\u00e9s\u00e9rt persze az \u00e9rdieket hib\u00e1ztatja, azzal, hogy sokan b\u00e9rbe adj\u00e1k az ingatlanokat \u00e9s a b\u00e9rleti d\u00edjb\u00f3l \u00fagyis ki tudj\u00e1k fizetni a megemelt ad\u00f3t is.\u201d<\/p>\n<p>A polg\u00e1rmester saj\u00e1t k\u00f6z\u00f6ss\u00e9gi oldal\u00e1n erre \u00fagy <a href=\"https:\/\/www.facebook.com\/csoziklaszlo\/posts\/806517100170920\">v\u00e1laszolt<\/a>, hogy \u201eAzt \u00e1ll\u00edtj\u00e1k, hogy a V\u00e1rosh\u00e1za az e\u0301rdi e\u0301pi\u0301tme\u0301nyado\u0301 emele\u0301se\u0301re ke\u0301szu\u0308l, ezzel jelento\u030bsenno\u0308velve a lakossa\u0301gado\u0301terheit.<\/p>\n<p>A valo\u0301sa\u0301g ezzel szemben az, hogy: a lakossa\u0301g ado\u0301terhei NEM emelkednek; viszont az igazs\u00e1gos ad\u00f3z\u00e1s, az ar\u00e1nyos k\u00f6ztehervisel\u00e9s miatt az olyan c\u00e9geknek, amelyek abbo\u0301l keresnek e\u0301vi sok millio\u0301 forintot, hogy a tulajdonukban l\u00e9v\u0151 t\u00e1rsash\u00e1zak lak\u00e1sait b\u00e9rbeadj\u00e1k \u2013 emelkedne az \u00e9p\u00edtm\u00e9nyad\u00f3ja. Azokat c\u00e9lozzuk meg, akik tele\u00e9p\u00edtett\u00e9k \u00c9rdet t\u00e1rsash\u00e1zakkal, agyonterhelt\u00e9k az \u00e9p\u00edt\u00e9si telkeket, cselezve, tr\u00fckk\u00f6zve az el\u0151\u00edr\u00e1sokkal agyonzs\u00fafolt\u00e1k a v\u00e1rost osztatlan k\u00f6z\u00f6s tulajdon\u00fa lak\u00e1sokkal.\u201d<\/p>","protected":false},"excerpt":{"rendered":"<p>Az \u00c9rd Most inform\u00e1ci\u00f3i szerint a j\u00f6v\u0151ben magasabb \u00e9p\u00edtm\u00e9nyad\u00f3t fizetn\u00e9nek azok a c\u00e9gek, amelyek ingatlanjukat \u00fczleti c\u00e9llal kiadj\u00e1k. A tervezet nem \u00e9rinti azokat az ingatlantulajdonosokat, akik saj\u00e1t h\u00e1zukban laknak, \u00e9s azokat a mag\u00e1nszem\u00e9lyeket sem, akik alb\u00e9rl\u0151t fogadnak.<\/p>","protected":false},"author":8,"featured_media":0,"comment_status":"","ping_status":"","sticky":false,"template":"","format":"standard","meta":{"_acf_changed":false,"_seopress_robots_primary_cat":"","_seopress_titles_title":"","_seopress_titles_desc":"","_seopress_robots_index":"","site-sidebar-layout":"default","site-content-layout":"","ast-site-content-layout":"default","site-content-style":"default","site-sidebar-style":"default","ast-global-header-display":"","ast-banner-title-visibility":"","ast-main-header-display":"","ast-hfb-above-header-display":"","ast-hfb-below-header-display":"","ast-hfb-mobile-header-display":"","site-post-title":"","ast-breadcrumbs-content":"","ast-featured-img":"","footer-sml-layout":"","ast-disable-related-posts":"","theme-transparent-header-meta":"","adv-header-id-meta":"","stick-header-meta":"","header-above-stick-meta":"","header-main-stick-meta":"","header-below-stick-meta":"","astra-migrate-meta-layouts":"default","ast-page-background-enabled":"default","ast-page-background-meta":{"desktop":{"background-color":"","background-image":"","background-repeat":"repeat","background-position":"center center","background-size":"auto","background-attachment":"scroll","background-type":"","background-media":"","overlay-type":"","overlay-color":"","overlay-opacity":"","overlay-gradient":""},"tablet":{"background-color":"","background-image":"","background-repeat":"repeat","background-position":"center center","background-size":"auto","background-attachment":"scroll","background-type":"","background-media":"","overlay-type":"","overlay-color":"","overlay-opacity":"","overlay-gradient":""},"mobile":{"background-color":"","background-image":"","background-repeat":"repeat","background-position":"center center","background-size":"auto","background-attachment":"scroll","background-type":"","background-media":"","overlay-type":"","overlay-color":"","overlay-opacity":"","overlay-gradient":""}},"ast-content-background-meta":{"desktop":{"background-color":"var(--ast-global-color-5)","background-image":"","background-repeat":"repeat","background-position":"center center","background-size":"auto","background-attachment":"scroll","background-type":"","background-media":"","overlay-type":"","overlay-color":"","overlay-opacity":"","overlay-gradient":""},"tablet":{"background-color":"var(--ast-global-color-5)","background-image":"","background-repeat":"repeat","background-position":"center center","background-size":"auto","background-attachment":"scroll","background-type":"","background-media":"","overlay-type":"","overlay-color":"","overlay-opacity":"","overlay-gradient":""},"mobile":{"background-color":"var(--ast-global-color-5)","background-image":"","background-repeat":"repeat","background-position":"center center","background-size":"auto","background-attachment":"scroll","background-type":"","background-media":"","overlay-type":"","overlay-color":"","overlay-opacity":"","overlay-gradient":""}},"footnotes":""},"categories":[1],"cikk_cimkek":[15],"content_flags":[349,348],"content_icons":[],"class_list":["post-10280","post","type-post","status-publish","format-standard","hentry","category-erdmost","cikk_cimkek-kozelet","content_flags-fontos","content_flags-top"],"acf":[],"_links":{"self":[{"href":"https:\/\/erdmost.hu\/en\/wp-json\/wp\/v2\/posts\/10280","targetHints":{"allow":["GET"]}}],"collection":[{"href":"https:\/\/erdmost.hu\/en\/wp-json\/wp\/v2\/posts"}],"about":[{"href":"https:\/\/erdmost.hu\/en\/wp-json\/wp\/v2\/types\/post"}],"author":[{"embeddable":true,"href":"https:\/\/erdmost.hu\/en\/wp-json\/wp\/v2\/users\/8"}],"replies":[{"embeddable":true,"href":"https:\/\/erdmost.hu\/en\/wp-json\/wp\/v2\/comments?post=10280"}],"version-history":[{"count":0,"href":"https:\/\/erdmost.hu\/en\/wp-json\/wp\/v2\/posts\/10280\/revisions"}],"wp:attachment":[{"href":"https:\/\/erdmost.hu\/en\/wp-json\/wp\/v2\/media?parent=10280"}],"wp:term":[{"taxonomy":"category","embeddable":true,"href":"https:\/\/erdmost.hu\/en\/wp-json\/wp\/v2\/categories?post=10280"},{"taxonomy":"cikk_cimkek","embeddable":true,"href":"https:\/\/erdmost.hu\/en\/wp-json\/wp\/v2\/cikk_cimkek?post=10280"},{"taxonomy":"content_flags","embeddable":true,"href":"https:\/\/erdmost.hu\/en\/wp-json\/wp\/v2\/content_flags?post=10280"},{"taxonomy":"content_icons","embeddable":true,"href":"https:\/\/erdmost.hu\/en\/wp-json\/wp\/v2\/content_icons?post=10280"}],"curies":[{"name":"wp","href":"https:\/\/api.w.org\/{rel}","templated":true}]}}