{"id":10206,"date":"2020-11-10T20:15:16","date_gmt":"2020-11-10T20:15:16","guid":{"rendered":"https:\/\/wp.erdmost.hu\/2020\/11\/10\/kedd-ejfeltol-kotelezo-maszkhasznalat-koztereken\/"},"modified":"2020-11-10T20:15:16","modified_gmt":"2020-11-10T20:15:16","slug":"kedd-ejfeltol-kotelezo-maszkhasznalat-koztereken","status":"publish","type":"post","link":"https:\/\/erdmost.hu\/en\/2020\/11\/10\/kedd-ejfeltol-kotelezo-maszkhasznalat-koztereken\/","title":{"rendered":"Kedd \u00e9jf\u00e9lt\u0151l k\u00f6telez\u0151 a maszkhaszn\u00e1lat a k\u00f6ztereken"},"content":{"rendered":"<p>A korm\u00e1nyf\u0151 hangs\u00falyozta, a vakcina bel\u00e1that\u00f3 k\u00f6zels\u00e9gben van, \u00e9s a megold\u00e1sban csak ez tud seg\u00edteni. Kifejtette: december v\u00e9g\u00e9n, janu\u00e1rban az EU-b\u00f3l biztosan, \u00e9s tal\u00e1n m\u00e1shonnan is j\u00f6n majd valamennyi, korl\u00e1tozott mennyis\u00e9g\u0171 vakcina.&nbsp;\u00dagy sz\u00e1mol &#8211; folytatta Orb\u00e1n Viktor -, ez arra lesz el\u00e9g, hogy az orvosokat, \u00e1pol\u00f3kat, k\u00f3rh\u00e1zi dolgoz\u00f3kat, a k\u00f6zrend fenntart\u00e1s\u00e1ban dolgoz\u00f3kat be tudj\u00e1k oltani, \u00e9s tal\u00e1n a legnagyobb bajban l\u00e9v\u0151 betegeket is.&nbsp;Hozz\u00e1tette, emellett a k\u00ednai, az orosz \u00e9s az izraeli olt\u00f3anyag-lehet\u0151s\u00e9geket is pr\u00f3b\u00e1lja az &#8222;asztalon tartani&#8221;. Az Eur\u00f3p\u00e1b\u00f3l t\u00f6rt\u00e9n\u0151 t\u00f6meges sz\u00e1ll\u00edt\u00e1s id\u0151pontja \u00e1prilisn\u00e1l hamarabb nem v\u00e1rhat\u00f3, de j\u00f6het vakcina m\u00e1shonnan is t\u00f6megesen, \u00e9s addig is \u00e9rkezhet kisebb mennyis\u00e9gben Eur\u00f3p\u00e1b\u00f3l is &#8211; mondta a minisztereln\u00f6k.<br \/>\n&nbsp;<br \/>\n<strong>Lesz egy r\u00e9szleges megk\u00f6nnyebb\u00fcl\u00e9s december v\u00e9ge, janu\u00e1r k\u00f6rny\u00e9k\u00e9n, \u00e9s egy felszabadul\u00e1s \u00e1prilisban &#8211; \u00f6sszegzett.<\/strong><\/p>\n<p>Bejelentette: \u00e9jf\u00e9lt\u0151l el\u0151\u00edrj\u00e1k a k\u00f6telez\u0151&nbsp;maszkhaszn\u00e1latot a k\u00f6zter\u00fcleteken is.<br \/>\n&nbsp; &nbsp;<br \/>\nA k\u00f6z\u00e9piskol\u00e1k bez\u00e1r\u00e1s\u00e1r\u00f3l sz\u00f3lva hangs\u00falyozta: a di\u00e1kokat nem vak\u00e1ci\u00f3ra k\u00fcldt\u00e9k, hanem digit\u00e1lis oktat\u00e1sra. Az \u00e1ltal\u00e1nos iskol\u00e1kat, am\u00edg lehet, nem akarj\u00e1k bez\u00e1rni, mert akkor a sz\u00fcl\u0151knek otthon kell maradniuk, megv\u00e1ltozik a munkarendj\u00fck, ha egy\u00e1ltal\u00e1n megmarad a munkahely\u00fck &#8211; jegyezte meg.<br \/>\n&nbsp; &nbsp;&nbsp;<br \/>\nA tan\u00e1rok, iskolai dolgoz\u00f3k, \u00f3vodapedag\u00f3gusok, b\u00f6lcs\u0151dei dolgoz\u00f3k rendszeres tesztel\u00e9s\u00e9r\u0151l Orb\u00e1n Viktor azt mondta: ha&nbsp;&nbsp;a gyorsteszt fert\u0151z\u00f6tts\u00e9get mutat ki, az 90 sz\u00e1zal\u00e9kos bizonyoss\u00e1got jelent, de ha azt \u00e1llap\u00edtja meg, hogy nem fert\u0151z\u00f6tt az illet\u0151, az csak 50-60 sz\u00e1zal\u00e9kos bizonyoss\u00e1g\u00fa.<br \/>\nMa ugyanakkor annyit tudnak tenni, hogy ezt a bizonytalan, de m\u00e9gis valamilyen t\u00e1mpontot jelent\u0151 gyorstesztet rendelkez\u00e9sre bocs\u00e1tj\u00e1k &#8211; k\u00f6z\u00f6lte, hozz\u00e1f\u0171zve: v\u00e9lhet\u0151en lesz annyi bel\u0151le, hogy a szoci\u00e1lis int\u00e9zm\u00e9nyekben dolgoz\u00f3kat is hetente tesztelj\u00e9k.<\/p>\n<p>A minisztereln\u00f6k jelezte, a kij\u00e1r\u00e1si tilalom \u00e9s a korl\u00e1toz\u00e1sok most egy h\u00f3napra sz\u00f3lnak, \u00e9s k\u00e9t h\u00e9t m\u00falva tud besz\u00e1molni az int\u00e9zked\u00e9sek eredm\u00e9ny\u00e9r\u0151l. Ha j\u00f3k az eredm\u00e9nyek, &#8222;kar\u00e1csony k\u00f6rny\u00e9k\u00e9n m\u00e1r szabadulhatunk&#8221; &#8211; fogalmazott.<br \/>\n&nbsp; &nbsp;&nbsp;<br \/>\nAz interj\u00fa v\u00e9g\u00e9n a minisztereln\u00f6k r\u00e1mutatott: a statisztik\u00e1k alapj\u00e1n az egymilli\u00f3 emberre vet\u00edtett fert\u0151z\u00e9si sz\u00e1m Magyarorsz\u00e1g eset\u00e9ben 11 745, az EU-s \u00e1tlag 18 188, a hal\u00e1loz\u00e1sokn\u00e1l ugyanez Magyarorsz\u00e1gon 255, az EU-s \u00e1tlag 437.<\/p>","protected":false},"excerpt":{"rendered":"<p>Ezt Orb\u00e1n Viktor minisztereln\u00f6k mondta az M1aktu\u00e1lis csatorn\u00e1nak adott interj\u00faban.<\/p>","protected":false},"author":8,"featured_media":0,"comment_status":"","ping_status":"","sticky":false,"template":"","format":"standard","meta":{"_acf_changed":false,"_seopress_robots_primary_cat":"","_seopress_titles_title":"","_seopress_titles_desc":"","_seopress_robots_index":"","site-sidebar-layout":"default","site-content-layout":"","ast-site-content-layout":"default","site-content-style":"default","site-sidebar-style":"default","ast-global-header-display":"","ast-banner-title-visibility":"","ast-main-header-display":"","ast-hfb-above-header-display":"","ast-hfb-below-header-display":"","ast-hfb-mobile-header-display":"","site-post-title":"","ast-breadcrumbs-content":"","ast-featured-img":"","footer-sml-layout":"","ast-disable-related-posts":"","theme-transparent-header-meta":"","adv-header-id-meta":"","stick-header-meta":"","header-above-stick-meta":"","header-main-stick-meta":"","header-below-stick-meta":"","astra-migrate-meta-layouts":"default","ast-page-background-enabled":"default","ast-page-background-meta":{"desktop":{"background-color":"","background-image":"","background-repeat":"repeat","background-position":"center center","background-size":"auto","background-attachment":"scroll","background-type":"","background-media":"","overlay-type":"","overlay-color":"","overlay-opacity":"","overlay-gradient":""},"tablet":{"background-color":"","background-image":"","background-repeat":"repeat","background-position":"center center","background-size":"auto","background-attachment":"scroll","background-type":"","background-media":"","overlay-type":"","overlay-color":"","overlay-opacity":"","overlay-gradient":""},"mobile":{"background-color":"","background-image":"","background-repeat":"repeat","background-position":"center center","background-size":"auto","background-attachment":"scroll","background-type":"","background-media":"","overlay-type":"","overlay-color":"","overlay-opacity":"","overlay-gradient":""}},"ast-content-background-meta":{"desktop":{"background-color":"var(--ast-global-color-5)","background-image":"","background-repeat":"repeat","background-position":"center center","background-size":"auto","background-attachment":"scroll","background-type":"","background-media":"","overlay-type":"","overlay-color":"","overlay-opacity":"","overlay-gradient":""},"tablet":{"background-color":"var(--ast-global-color-5)","background-image":"","background-repeat":"repeat","background-position":"center center","background-size":"auto","background-attachment":"scroll","background-type":"","background-media":"","overlay-type":"","overlay-color":"","overlay-opacity":"","overlay-gradient":""},"mobile":{"background-color":"var(--ast-global-color-5)","background-image":"","background-repeat":"repeat","background-position":"center center","background-size":"auto","background-attachment":"scroll","background-type":"","background-media":"","overlay-type":"","overlay-color":"","overlay-opacity":"","overlay-gradient":""}},"footnotes":""},"categories":[1],"cikk_cimkek":[104],"content_flags":[],"content_icons":[],"class_list":["post-10206","post","type-post","status-publish","format-standard","hentry","category-erdmost","cikk_cimkek-koronavirus"],"acf":[],"_links":{"self":[{"href":"https:\/\/erdmost.hu\/en\/wp-json\/wp\/v2\/posts\/10206","targetHints":{"allow":["GET"]}}],"collection":[{"href":"https:\/\/erdmost.hu\/en\/wp-json\/wp\/v2\/posts"}],"about":[{"href":"https:\/\/erdmost.hu\/en\/wp-json\/wp\/v2\/types\/post"}],"author":[{"embeddable":true,"href":"https:\/\/erdmost.hu\/en\/wp-json\/wp\/v2\/users\/8"}],"replies":[{"embeddable":true,"href":"https:\/\/erdmost.hu\/en\/wp-json\/wp\/v2\/comments?post=10206"}],"version-history":[{"count":0,"href":"https:\/\/erdmost.hu\/en\/wp-json\/wp\/v2\/posts\/10206\/revisions"}],"wp:attachment":[{"href":"https:\/\/erdmost.hu\/en\/wp-json\/wp\/v2\/media?parent=10206"}],"wp:term":[{"taxonomy":"category","embeddable":true,"href":"https:\/\/erdmost.hu\/en\/wp-json\/wp\/v2\/categories?post=10206"},{"taxonomy":"cikk_cimkek","embeddable":true,"href":"https:\/\/erdmost.hu\/en\/wp-json\/wp\/v2\/cikk_cimkek?post=10206"},{"taxonomy":"content_flags","embeddable":true,"href":"https:\/\/erdmost.hu\/en\/wp-json\/wp\/v2\/content_flags?post=10206"},{"taxonomy":"content_icons","embeddable":true,"href":"https:\/\/erdmost.hu\/en\/wp-json\/wp\/v2\/content_icons?post=10206"}],"curies":[{"name":"wp","href":"https:\/\/api.w.org\/{rel}","templated":true}]}}