{"id":10200,"date":"2020-11-10T14:14:38","date_gmt":"2020-11-10T14:14:38","guid":{"rendered":"https:\/\/wp.erdmost.hu\/2020\/11\/10\/fertotlenitenek-es-suritenek\/"},"modified":"2020-11-10T14:14:38","modified_gmt":"2020-11-10T14:14:38","slug":"fertotlenitenek-es-suritenek","status":"publish","type":"post","link":"https:\/\/erdmost.hu\/en\/2020\/11\/10\/fertotlenitenek-es-suritenek\/","title":{"rendered":"Fert\u0151tlen\u00edtenek \u00e9s s\u0171r\u00edtenek"},"content":{"rendered":"<p>A M\u00c1V-START a jelenleg forgalomban l\u00e9v\u0151 t\u00f6bb mint 1200 j\u00e1rm\u0171v\u00e9n \u2013 a szem\u00e9ly- \u00e9s motorkocsikon, valamint a motorvonatokon is \u2013 m\u00e1t\u00f3l nem csak a budapesti el\u0151v\u00e1rosban, hanem orsz\u00e1gosan v\u00e9geznek naponta fert\u0151tlen\u00edt\u0151 padl\u00f3felmos\u00e1st \u00e9s fel\u00fcletpermetez\u00e9st. Ez&nbsp;bakt\u00e9rium-, v\u00edrus- \u00e9s gombaellenes fert\u0151tlen\u00edt\u00e9st jelent, amely ut\u00e1n minden k\u00f3rokoz\u00f3 elpusztul a j\u00e1rm\u0171veken. &nbsp;<\/p>\n<p>A vas\u00fatt\u00e1rsas\u00e1g hetente v\u00e9gez fert\u0151tlen\u00edt\u0151 takar\u00edt\u00e1st az orsz\u00e1g valamennyi utasforgalmi&nbsp;\u00e9s k\u00f6z\u00f6s \u00fczemi helyis\u00e9g\u00e9ben: mintegy 1.500 \u00e9p\u00fclet 42.000 helyis\u00e9g\u00e9ben, azok v\u00edzszintes \u00e9s f\u00fcgg\u0151leges burkolatain, felszerel\u00e9si, berendez\u00e9si t\u00e1rgyain.<\/p>\n<p>A Vol\u00e1nbusz naponta fokozottan takar\u00edtja az aut\u00f3busz-\u00e1llom\u00e1sokat \u00e9s a buszokat, v\u00edrus\u00f6l\u0151 szerrel mossa le a kapaszkod\u00f3kat, fert\u0151tlen\u00edt\u0151szerrel a padl\u00f3t. A buszt\u00e1rsas\u00e1gn\u00e1l orsz\u00e1gszerte 58 \u00f3zongener\u00e1tor is gondoskodik a mintegy 6500 darabos j\u00e1rm\u0171\u00e1llom\u00e1ny fert\u0151tlen\u00edt\u00e9s\u00e9r\u0151l.<\/p>\n<p>A november 3-\u00e1n kiadott korm\u00e1nyrendeletben foglalt el\u0151\u00edr\u00e1s szerint november 9-t\u0151l a Vol\u00e1nbusz 16 megyei jog\u00fa v\u00e1rosban s\u0171r\u00edtette helyi j\u00e1ratait munkanapokon, a reggeli \u00e9s d\u00e9lut\u00e1ni cs\u00facsid\u0151szakban.&nbsp; \u00c9rden a&nbsp;744-es \u00e9s 746-os&nbsp;jelz\u00e9s\u0171 aut\u00f3buszok a munkanapi cs\u00facsid\u0151szakban&nbsp;<a href=\"https:\/\/www.volanbusz.hu\/hu\/hirek\/hir\/36032\" target=\"_blank\" rel=\"noopener\">gyakrabban indulnak.<\/a><\/p>","protected":false},"excerpt":{"rendered":"<p>November 10-t\u0151l ism\u00e9t naponta fert\u0151tlen\u00edtik a M\u00c1V j\u00e1rm\u0171parkj\u00e1t. Az el\u0151v\u00e1rosi \u00e9s a nemzetk\u00f6zi vonatokon ez m\u00e1r szeptemberben \u00e9letbe l\u00e9pett, keddt\u0151l pedig orsz\u00e1gosan is vissza\u00e1llt a napi gyakoris\u00e1g\u00fa fert\u0151tlen\u00edt\u00e9s. A megyei jog\u00fa v\u00e1rosokban a buszokat cs\u00facsid\u0151ben s\u0171r\u00edtett\u00e9k, \u00c9rden ez k\u00e9t j\u00e1ratot \u00e9rint.<\/p>","protected":false},"author":8,"featured_media":0,"comment_status":"","ping_status":"","sticky":false,"template":"","format":"standard","meta":{"_acf_changed":false,"_seopress_robots_primary_cat":"","_seopress_titles_title":"","_seopress_titles_desc":"","_seopress_robots_index":"","site-sidebar-layout":"default","site-content-layout":"","ast-site-content-layout":"default","site-content-style":"default","site-sidebar-style":"default","ast-global-header-display":"","ast-banner-title-visibility":"","ast-main-header-display":"","ast-hfb-above-header-display":"","ast-hfb-below-header-display":"","ast-hfb-mobile-header-display":"","site-post-title":"","ast-breadcrumbs-content":"","ast-featured-img":"","footer-sml-layout":"","ast-disable-related-posts":"","theme-transparent-header-meta":"","adv-header-id-meta":"","stick-header-meta":"","header-above-stick-meta":"","header-main-stick-meta":"","header-below-stick-meta":"","astra-migrate-meta-layouts":"default","ast-page-background-enabled":"default","ast-page-background-meta":{"desktop":{"background-color":"","background-image":"","background-repeat":"repeat","background-position":"center center","background-size":"auto","background-attachment":"scroll","background-type":"","background-media":"","overlay-type":"","overlay-color":"","overlay-opacity":"","overlay-gradient":""},"tablet":{"background-color":"","background-image":"","background-repeat":"repeat","background-position":"center center","background-size":"auto","background-attachment":"scroll","background-type":"","background-media":"","overlay-type":"","overlay-color":"","overlay-opacity":"","overlay-gradient":""},"mobile":{"background-color":"","background-image":"","background-repeat":"repeat","background-position":"center center","background-size":"auto","background-attachment":"scroll","background-type":"","background-media":"","overlay-type":"","overlay-color":"","overlay-opacity":"","overlay-gradient":""}},"ast-content-background-meta":{"desktop":{"background-color":"var(--ast-global-color-5)","background-image":"","background-repeat":"repeat","background-position":"center center","background-size":"auto","background-attachment":"scroll","background-type":"","background-media":"","overlay-type":"","overlay-color":"","overlay-opacity":"","overlay-gradient":""},"tablet":{"background-color":"var(--ast-global-color-5)","background-image":"","background-repeat":"repeat","background-position":"center center","background-size":"auto","background-attachment":"scroll","background-type":"","background-media":"","overlay-type":"","overlay-color":"","overlay-opacity":"","overlay-gradient":""},"mobile":{"background-color":"var(--ast-global-color-5)","background-image":"","background-repeat":"repeat","background-position":"center center","background-size":"auto","background-attachment":"scroll","background-type":"","background-media":"","overlay-type":"","overlay-color":"","overlay-opacity":"","overlay-gradient":""}},"footnotes":""},"categories":[1],"cikk_cimkek":[104],"content_flags":[349],"content_icons":[],"class_list":["post-10200","post","type-post","status-publish","format-standard","hentry","category-erdmost","cikk_cimkek-koronavirus","content_flags-fontos"],"acf":[],"_links":{"self":[{"href":"https:\/\/erdmost.hu\/en\/wp-json\/wp\/v2\/posts\/10200","targetHints":{"allow":["GET"]}}],"collection":[{"href":"https:\/\/erdmost.hu\/en\/wp-json\/wp\/v2\/posts"}],"about":[{"href":"https:\/\/erdmost.hu\/en\/wp-json\/wp\/v2\/types\/post"}],"author":[{"embeddable":true,"href":"https:\/\/erdmost.hu\/en\/wp-json\/wp\/v2\/users\/8"}],"replies":[{"embeddable":true,"href":"https:\/\/erdmost.hu\/en\/wp-json\/wp\/v2\/comments?post=10200"}],"version-history":[{"count":0,"href":"https:\/\/erdmost.hu\/en\/wp-json\/wp\/v2\/posts\/10200\/revisions"}],"wp:attachment":[{"href":"https:\/\/erdmost.hu\/en\/wp-json\/wp\/v2\/media?parent=10200"}],"wp:term":[{"taxonomy":"category","embeddable":true,"href":"https:\/\/erdmost.hu\/en\/wp-json\/wp\/v2\/categories?post=10200"},{"taxonomy":"cikk_cimkek","embeddable":true,"href":"https:\/\/erdmost.hu\/en\/wp-json\/wp\/v2\/cikk_cimkek?post=10200"},{"taxonomy":"content_flags","embeddable":true,"href":"https:\/\/erdmost.hu\/en\/wp-json\/wp\/v2\/content_flags?post=10200"},{"taxonomy":"content_icons","embeddable":true,"href":"https:\/\/erdmost.hu\/en\/wp-json\/wp\/v2\/content_icons?post=10200"}],"curies":[{"name":"wp","href":"https:\/\/api.w.org\/{rel}","templated":true}]}}