{"id":6091,"count":1,"description":"","link":"https:\/\/erdmost.hu\/en\/cikk_cimkek\/osenbrucke-nemet-nemzetisegi-enekkar\/","name":"osenbr\u00fccke N\u00e9met Nemzetis\u00e9gi \u00c9nekkar","slug":"osenbrucke-nemet-nemzetisegi-enekkar","taxonomy":"cikk_cimkek","meta":[],"acf":[],"_links":{"self":[{"href":"https:\/\/erdmost.hu\/en\/wp-json\/wp\/v2\/cikk_cimkek\/6091","targetHints":{"allow":["GET"]}}],"collection":[{"href":"https:\/\/erdmost.hu\/en\/wp-json\/wp\/v2\/cikk_cimkek"}],"about":[{"href":"https:\/\/erdmost.hu\/en\/wp-json\/wp\/v2\/taxonomies\/cikk_cimkek"}],"wp:post_type":[{"href":"https:\/\/erdmost.hu\/en\/wp-json\/wp\/v2\/posts?cikk_cimkek=6091"}],"curies":[{"name":"wp","href":"https:\/\/api.w.org\/{rel}","templated":true}]}}