{"id":3648,"count":3,"description":"","link":"https:\/\/erdmost.hu\/en\/cikk_cimkek\/i-erdi-sor-es-gasztrofesztival\/","name":"I. \u00c9rdi S\u00f6r- \u00e9s Gasztrofesztiv\u00e1l","slug":"i-erdi-sor-es-gasztrofesztival","taxonomy":"cikk_cimkek","meta":[],"acf":[],"_links":{"self":[{"href":"https:\/\/erdmost.hu\/en\/wp-json\/wp\/v2\/cikk_cimkek\/3648","targetHints":{"allow":["GET"]}}],"collection":[{"href":"https:\/\/erdmost.hu\/en\/wp-json\/wp\/v2\/cikk_cimkek"}],"about":[{"href":"https:\/\/erdmost.hu\/en\/wp-json\/wp\/v2\/taxonomies\/cikk_cimkek"}],"wp:post_type":[{"href":"https:\/\/erdmost.hu\/en\/wp-json\/wp\/v2\/posts?cikk_cimkek=3648"}],"curies":[{"name":"wp","href":"https:\/\/api.w.org\/{rel}","templated":true}]}}